{"id":46492,"date":"2026-03-10T13:30:54","date_gmt":"2026-03-10T16:30:54","guid":{"rendered":"https:\/\/www.tjes.jus.br\/corregedoria\/?p=46492"},"modified":"2026-03-10T13:31:52","modified_gmt":"2026-03-10T16:31:52","slug":"provimento-no-07-2026-disp-10-03-2026","status":"publish","type":"post","link":"https:\/\/www.tjes.jus.br\/corregedoria\/2026\/03\/10\/provimento-no-07-2026-disp-10-03-2026\/","title":{"rendered":"PROVIMENTO N\u00ba 07\/2026 \u2013 DISP. 10\/03\/2026"},"content":{"rendered":"\n<div class=\"override-text\" align=\"center\">\n<p style=\"text-align: center;\">PODER JUDICI\u00c1RIO DO ESTADO DO ESP\u00cdRITO SANTO &#8211; PJES<\/p>\n<p style=\"text-align: center;\">RUA DESEMBARGADOR HOMERO MAFRA,60 &#8211; Bairro ENSEADA DO SU\u00c1 &#8211; CEP 29050906 &#8211; Vit\u00f3ria &#8211; ES &#8211; www.tjes.jus.br<\/p>\n<\/div>\n<p class=\"Texto_Centralizado_Maiusculas\" style=\"text-align: center;\">TRIBUNAL DE JUSTICA DO ESPIRITO SANTO<br \/>CORREGEDORIA GERAL DA JUSTICA<br \/>SECRETARIA DE MONITORAMENTO JUDICIAL E EXTRAJUDICIAL<\/p>\n<p style=\"text-align: justify;\">\u00a0<\/p>\n<p style=\"text-align: left;\"><strong>Processo n\u00ba:\u00a07000668-42.2026.8.08.0000<\/strong><\/p>\n<p style=\"text-align: justify;\"><strong>Assunto:\u00a0<\/strong>Refer\u00eancia: Proposta de Minuta SV n\u00ba 13 STJ<\/p>\n<p style=\"text-align: justify;\">\u00a0<\/p>\n<p style=\"text-align: center;\" align=\"justify\"><strong>PROVIMENTO\u00a0N\u00ba 07\/2026<\/strong><\/p>\n<p style=\"text-align: justify;\">\u00a0<\/p>\n<p style=\"text-align: justify;\" align=\"justify\">Disp\u00f5e sobre a operacionaliza\u00e7\u00e3o de diagn\u00f3stico e saneamento de eventuais inconformidades relacionadas ao disposto na Resolu\u00e7\u00e3o CNJ no 07\/2005 e na S\u00famula Vinculante no 13 STF.<\/p>\n<p style=\"text-align: justify;\">\u00a0<\/p>\n<p style=\"text-align: justify;\" align=\"justify\"><strong>O CORREGEDOR GERAL DA JUSTI\u00c7A DO ESTADO DO ESP\u00cdRITO SANTO<\/strong>, Desembargador Ewerton Schwab Pinto J\u00fanior, no exerc\u00edcio das atribui\u00e7\u00f5es que lhe s\u00e3o conferidas, conforme C\u00f3digo de Normas da Corregedoria Geral do Estado do Esp\u00edrito Santo, artigos 3o a 5o (Tomo I);<\/p>\n<p style=\"text-align: justify;\">\u00a0<\/p>\n<p style=\"text-align: justify;\" align=\"justify\"><strong>CONSIDERANDO<\/strong>\u00a0a veda\u00e7\u00e3o da pr\u00e1tica de nepotismo e a imprescindibilidade de observ\u00e2ncia aos princ\u00edpios constitucionais norteadores na atua\u00e7\u00e3o e exerc\u00edcio das atividades pelos ocupantes de cargos, empregos e fun\u00e7\u00f5es p\u00fablicas no \u00e2mbito do Poder Judici\u00e1rio;<\/p>\n<p style=\"text-align: justify;\">\u00a0<\/p>\n<p style=\"text-align: justify;\" align=\"justify\"><strong>CONSIDERANDO<\/strong>\u00a0a determina\u00e7\u00e3o contida no item 4.1.2, do Relat\u00f3rio aprovado pelo CNJ, ap\u00f3s conclus\u00e3o da Inspe\u00e7\u00e3o realizada nos setores administrativos e judiciais do Tribunal de Justi\u00e7a e nas serventias extrajudiciais do Estado do Esp\u00edrito Santo em 2025;<\/p>\n<p style=\"text-align: justify;\">\u00a0<\/p>\n<p style=\"text-align: justify;\" align=\"justify\"><strong>CONSIDERANDO<\/strong>\u00a0a viabiliza\u00e7\u00e3o da coleta de dados por esta Corregedoria Geral da Justi\u00e7a do Estado do Esp\u00edrito Santo, para estrito cumprimento do Item 4, do Ac\u00f3rd\u00e3o que aprovou o Relat\u00f3rio de Inspe\u00e7\u00e3o (CNJ Insp. 0005134-61.2025.2.00.0000), realizado em 2025 nos setores administrativos e judiciais do Tribunal de Justi\u00e7a e nas serventias extrajudiciais do Estado do Esp\u00edrito Santo;<\/p>\n<p style=\"text-align: justify;\">\u00a0<\/p>\n<p style=\"text-align: justify;\" align=\"justify\"><strong>RESOLVE<\/strong>:<\/p>\n<p style=\"text-align: justify;\">\u00a0<\/p>\n<p style=\"text-align: justify;\" align=\"justify\"><strong>Art. 1\u00ba<\/strong>\u00a0Determinar que se inclua nos procedimentos de inspe\u00e7\u00f5es\/correi\u00e7\u00f5es realizadas nas Unidades de 1o Grau, a verifica\u00e7\u00e3o quanto \u00e0 observ\u00e2ncia da Resolu\u00e7\u00e3o CNJ no 07\/2005 e da S\u00famula Vinculante no 13, do STF.<\/p>\n<p style=\"text-align: justify;\">\u00a0<\/p>\n<p style=\"text-align: justify;\" align=\"justify\"><strong>Art. 2\u00ba\u00a0<\/strong>Destinar a observ\u00e2ncia de seu cumprimento \u00e0s unidades judiciais e extrajudiciais do Poder Judici\u00e1rio do Estado do Esp\u00edrito Santo, que devem prestar as informa\u00e7\u00f5es na forma e prazos estabelecidos.<\/p>\n<p style=\"text-align: justify;\">\u00a0<\/p>\n<p style=\"text-align: justify;\" align=\"justify\"><strong>Art. 3\u00ba<\/strong>\u00a0Cada unidade\/autoridade ou substituto legal dever\u00e1 declarar nos relat\u00f3rios de inspe\u00e7\u00e3o judicial e extrajudicial sobre a exist\u00eancia ou inexist\u00eancia nomea\u00e7\u00e3o de c\u00f4njuge, companheiro ou parente em linha reta, colateral ou por afinidade, at\u00e9 o terceiro grau, inclusive, da autoridade nomeante ou de servidor da mesma pessoa jur\u00eddica investido em cargo de dire\u00e7\u00e3o, chefia ou assessoramento, para o exerc\u00edcio de cargo em comiss\u00e3o ou de confian\u00e7a ou, ainda, de fun\u00e7\u00e3o gratificada.<\/p>\n<p style=\"text-align: justify;\">\u00a0<\/p>\n<p style=\"text-align: justify;\" align=\"justify\"><strong>Art. 4\u00ba<\/strong>\u00a0A informa\u00e7\u00e3o ser\u00e1 reportada pela Secretaria de Monitoramento Judicial e Extrajudicial ao Conselho Nacional de Justi\u00e7a, quanto a eventuais descumprimentos do regulamentado por este provimento, sem preju\u00edzo da apura\u00e7\u00e3o das responsabilidades decorrentes, por esta Corregedoria Geral da Justi\u00e7a.<\/p>\n<p style=\"text-align: justify;\">\u00a0<\/p>\n<p style=\"text-align: justify;\" align=\"justify\">Este provimento entra em vigor na data de sua publica\u00e7\u00e3o.<\/p>\n<p style=\"text-align: justify;\">\u00a0<\/p>\n<p style=\"text-align: justify;\" align=\"justify\">Vit\u00f3ria, ES, 04 de mar\u00e7o de 2026.<\/p>\n<p style=\"text-align: justify;\">\u00a0<\/p>\n<p style=\"text-align: justify;\">\u00a0<\/p>\n<p style=\"text-align: center;\" align=\"center\"><strong>Desembargador Ewerton Schwab Pinto J\u00fanior<\/strong><\/p>\n<p style=\"text-align: center;\" align=\"center\"><strong>Corregedor-Geral da Justi\u00e7a<\/strong><\/p>\n","protected":false},"excerpt":{"rendered":"<p>PODER JUDICI\u00c1RIO DO ESTADO DO ESP\u00cdRITO SANTO &#8211; PJES RUA DESEMBARGADOR HOMERO MAFRA,60 &#8211; Bairro ENSEADA DO SU\u00c1 &#8211; CEP 29050906 &#8211; Vit\u00f3ria &#8211; ES &#8211; www.tjes.jus.br TRIBUNAL DE JUSTICA DO ESPIRITO SANTOCORREGEDORIA GERAL DA JUSTICASECRETARIA DE MONITORAMENTO JUDICIAL E EXTRAJUDICIAL \u00a0 Processo n\u00ba:\u00a07000668-42.2026.8.08.0000 Assunto:\u00a0Refer\u00eancia: Proposta de Minuta SV n\u00ba 13 STJ \u00a0 PROVIMENTO\u00a0N\u00ba 07\/2026 [&hellip;]<\/p>\n","protected":false},"author":19,"featured_media":0,"comment_status":"closed","ping_status":"closed","sticky":false,"template":"","format":"standard","meta":{"footnotes":""},"categories":[14,16],"tags":[],"_links":{"self":[{"href":"https:\/\/www.tjes.jus.br\/corregedoria\/wp-json\/wp\/v2\/posts\/46492"}],"collection":[{"href":"https:\/\/www.tjes.jus.br\/corregedoria\/wp-json\/wp\/v2\/posts"}],"about":[{"href":"https:\/\/www.tjes.jus.br\/corregedoria\/wp-json\/wp\/v2\/types\/post"}],"author":[{"embeddable":true,"href":"https:\/\/www.tjes.jus.br\/corregedoria\/wp-json\/wp\/v2\/users\/19"}],"replies":[{"embeddable":true,"href":"https:\/\/www.tjes.jus.br\/corregedoria\/wp-json\/wp\/v2\/comments?post=46492"}],"version-history":[{"count":2,"href":"https:\/\/www.tjes.jus.br\/corregedoria\/wp-json\/wp\/v2\/posts\/46492\/revisions"}],"predecessor-version":[{"id":46494,"href":"https:\/\/www.tjes.jus.br\/corregedoria\/wp-json\/wp\/v2\/posts\/46492\/revisions\/46494"}],"wp:attachment":[{"href":"https:\/\/www.tjes.jus.br\/corregedoria\/wp-json\/wp\/v2\/media?parent=46492"}],"wp:term":[{"taxonomy":"category","embeddable":true,"href":"https:\/\/www.tjes.jus.br\/corregedoria\/wp-json\/wp\/v2\/categories?post=46492"},{"taxonomy":"post_tag","embeddable":true,"href":"https:\/\/www.tjes.jus.br\/corregedoria\/wp-json\/wp\/v2\/tags?post=46492"}],"curies":[{"name":"wp","href":"https:\/\/api.w.org\/{rel}","templated":true}]}}