{"id":46505,"date":"2026-03-10T13:40:00","date_gmt":"2026-03-10T16:40:00","guid":{"rendered":"https:\/\/www.tjes.jus.br\/corregedoria\/?p=46505"},"modified":"2026-03-10T13:46:10","modified_gmt":"2026-03-10T16:46:10","slug":"ato-normativo-no-039-2026-disp-13-03-2026","status":"publish","type":"post","link":"https:\/\/www.tjes.jus.br\/corregedoria\/2026\/03\/10\/ato-normativo-no-039-2026-disp-13-03-2026\/","title":{"rendered":"ATO NORMATIVO N\u00ba 039\/2026 \u2013 DISP. 10\/03\/2026"},"content":{"rendered":"\n<p style=\"text-align: center;\"><strong>PODER JUDICI\u00c1RIO DO ESTADO DO ESP\u00cdRITO SANTO &#8211; PJES<\/strong><\/p>\n<p style=\"text-align: center;\">RUA DESEMBARGADOR HOMERO MAFRA,60 &#8211; Bairro ENSEADA DO SU\u00c1 &#8211; CEP 29050906 &#8211; Vit\u00f3ria &#8211; ES &#8211; www.tjes.jus.br<\/p>\n<p style=\"text-align: justify;\">\u00a0<\/p>\n<p style=\"text-align: center;\"><strong>ATO NORMATIVO N\u00ba 039\/2026<\/strong><\/p>\n<p style=\"text-align: justify;\">\u00a0<\/p>\n<p style=\"text-align: justify;\"><strong>Reorganiza o N\u00facleo de Acelera\u00e7\u00e3o de Processos (NAPES) do Poder Judici\u00e1rio do Estado do Esp\u00edrito Santo e revoga o <a href=\"https:\/\/www.tjes.jus.br\/corregedoria\/2025\/04\/16\/ato-normativo-no-127-2025-disp-16-04-2025\/\">Ato Normativo n\u00ba 127\/2025<\/a>.<\/strong><\/p>\n<p style=\"text-align: justify;\">\u00a0<\/p>\n<p style=\"text-align: justify;\">A Presidente do Tribunal de Justi\u00e7a do Estado do Esp\u00edrito Santo,\u00a0<strong>DES\u00aa. JANETE VARGAS SIM\u00d5ES,\u00a0<\/strong>no uso de suas atribui\u00e7\u00f5es legais e regimentais, e<\/p>\n<p style=\"text-align: justify;\">\u00a0<\/p>\n<p style=\"text-align: justify;\"><strong>CONSIDERANDO<\/strong>\u00a0a garantia constitucional da dura\u00e7\u00e3o razo\u00e1vel do processo (art. 5\u00ba, LXXVIII, da CF\/88);<\/p>\n<p style=\"text-align: justify;\">\u00a0<\/p>\n<p style=\"text-align: justify;\"><strong>CONSIDERANDO<\/strong>\u00a0as diretrizes do Conselho Nacional de Justi\u00e7a para gest\u00e3o administrativa e judici\u00e1ria, especialmente quanto \u00e0 produtividade e qualidade;<\/p>\n<p style=\"text-align: justify;\">\u00a0<\/p>\n<p style=\"text-align: justify;\"><strong>CONSIDERANDO<\/strong>\u00a0a pol\u00edtica de Gest\u00e3o de Qualidade do CNJ, estruturada em quatro eixos: governan\u00e7a, produtividade, transpar\u00eancia e tecnologia;<\/p>\n<p style=\"text-align: justify;\">\u00a0<\/p>\n<p style=\"text-align: justify;\"><strong>CONSIDERANDO<\/strong>\u00a0a experi\u00eancia acumulada desde a cria\u00e7\u00e3o do NAPES pelos <a href=\"https:\/\/www.tjes.jus.br\/corregedoria\/2024\/03\/18\/ato-normativo-no-037-2024-disp-11-03-2024\/\">Atos Normativos n\u00ba 037\/2024<\/a> e n\u00ba <a href=\"https:\/\/www.tjes.jus.br\/corregedoria\/2025\/04\/16\/ato-normativo-no-127-2025-disp-16-04-2025\/\">127\/2025<\/a>, e a necessidade de adequa\u00e7\u00e3o \u00e0s demandas atuais;<\/p>\n<p style=\"text-align: justify;\">\u00a0<\/p>\n<p style=\"text-align: justify;\"><strong>CONSIDERANDO<\/strong>\u00a0o art. 58 da Resolu\u00e7\u00e3o n\u00ba 15\/95 (Regimento Interno do TJES), que atribui \u00e0 Presid\u00eancia compet\u00eancia para exercer a superintend\u00eancia do servi\u00e7o judici\u00e1rio;<\/p>\n<p style=\"text-align: justify;\">\u00a0<\/p>\n<p style=\"text-align: justify;\"><strong>RESOLVE:<\/strong><\/p>\n<h2 style=\"text-align: justify;\">\u00a0<\/h2>\n<p style=\"text-align: justify;\">\u00a0<\/p>\n<p style=\"text-align: justify;\"><strong>CAP\u00cdTULO I \u2013 DISPOSI\u00c7\u00d5ES GERAIS<\/strong><\/p>\n<p style=\"text-align: justify;\">\u00a0<\/p>\n<p style=\"text-align: justify;\"><strong>Art. 1\u00ba<\/strong>\u00a0O N\u00facleo de Acelera\u00e7\u00e3o de Processos (NAPES) tem por finalidade apoiar unidades judici\u00e1rias de 1\u00ba grau mediante equipe especializada para elabora\u00e7\u00e3o de senten\u00e7as, decis\u00f5es, despachos e atos cartor\u00e1rios, visando reduzir o acervo e otimizar a presta\u00e7\u00e3o jurisdicional.<\/p>\n<p style=\"text-align: justify;\">\u00a0<\/p>\n<p style=\"text-align: justify;\"><strong>Art. 2\u00ba<\/strong>\u00a0O NAPES estrutura-se em duas frentes:<\/p>\n<p style=\"text-align: justify;\">\u00a0<\/p>\n<p style=\"text-align: justify;\">I \u2013\u00a0<strong>NAPES-Gabinete<\/strong>: elabora\u00e7\u00e3o de senten\u00e7as, decis\u00f5es e despachos;<\/p>\n<p style=\"text-align: justify;\">\u00a0<\/p>\n<p style=\"text-align: justify;\">II \u2013\u00a0<strong>NAPES-Secretaria<\/strong>: pr\u00e1tica de atos cartor\u00e1rios, impulsionamento processual e baixa definitiva.<\/p>\n<h2 style=\"text-align: justify;\">\u00a0<\/h2>\n<p style=\"text-align: justify;\">\u00a0<\/p>\n<p style=\"text-align: justify;\"><strong>CAP\u00cdTULO II \u2013 NAPES-GABINETE<\/strong><\/p>\n<h3 style=\"text-align: justify;\">\u00a0<\/h3>\n<p style=\"text-align: justify;\"><strong>Se\u00e7\u00e3o I \u2013 Composi\u00e7\u00e3o<\/strong><\/p>\n<p style=\"text-align: justify;\">\u00a0<\/p>\n<p style=\"text-align: justify;\"><strong>Art. 3\u00ba<\/strong>\u00a0O NAPES-Gabinete comp\u00f5e-se de:<\/p>\n<p style=\"text-align: justify;\">\u00a0<\/p>\n<p style=\"text-align: justify;\">I \u2013 1 (um) Juiz de Direito Coordenador Geral, designado pela Presid\u00eancia;<\/p>\n<p style=\"text-align: justify;\">\u00a0<\/p>\n<p style=\"text-align: justify;\">II \u2013 15 (quinze) Ju\u00edzes de Direito Coordenadores de C\u00e9lula, designados pela Presid\u00eancia;<\/p>\n<p style=\"text-align: justify;\">\u00a0<\/p>\n<p style=\"text-align: justify;\">III \u2013 15 (quinze) c\u00e9lulas com 5 (cinco) colaboradores cada: 2 (dois) assessores jur\u00eddicos e 3 (tr\u00eas) residentes jur\u00eddicos.<\/p>\n<p style=\"text-align: justify;\">\u00a0<\/p>\n<p style=\"text-align: justify;\"><strong>Art. 4\u00ba<\/strong>\u00a0A Presid\u00eancia poder\u00e1, mediante ato pr\u00f3prio:<\/p>\n<p style=\"text-align: justify;\">\u00a0<\/p>\n<p style=\"text-align: justify;\">I \u2013 ampliar ou reduzir o n\u00famero de c\u00e9lulas e colaboradores;<\/p>\n<p style=\"text-align: justify;\">\u00a0<\/p>\n<p style=\"text-align: justify;\">II \u2013 ajustar a composi\u00e7\u00e3o das c\u00e9lulas conforme a demanda;<\/p>\n<p style=\"text-align: justify;\">\u00a0<\/p>\n<p style=\"text-align: justify;\">III \u2013 designar e substituir membros.<\/p>\n<h3 style=\"text-align: justify;\">\u00a0<\/h3>\n<h3 style=\"text-align: justify;\">\u00a0<\/h3>\n<p style=\"text-align: justify;\">\u00a0<\/p>\n<p style=\"text-align: justify;\"><strong>Se\u00e7\u00e3o II \u2013 Atribui\u00e7\u00f5es e Funcionamento<\/strong><\/p>\n<p style=\"text-align: justify;\">\u00a0<\/p>\n<p style=\"text-align: justify;\"><strong>Art. 5\u00ba<\/strong>\u00a0S\u00e3o atribui\u00e7\u00f5es do NAPES-Gabinete:<\/p>\n<p style=\"text-align: justify;\">\u00a0<\/p>\n<p style=\"text-align: justify;\">I \u2013 atuar para o alcance das m\u00e9tricas de efici\u00eancia estabelecidas pelo CNJ;<\/p>\n<p style=\"text-align: justify;\">\u00a0<\/p>\n<p style=\"text-align: justify;\">II \u2013 priorizar processos das Metas Nacionais do Poder Judici\u00e1rio, especialmente a Meta n\u00ba 2;<\/p>\n<p style=\"text-align: justify;\">\u00a0<\/p>\n<p style=\"text-align: justify;\">III \u2013 atuar em unidades com maior acervo processual;<\/p>\n<p style=\"text-align: justify;\">\u00a0<\/p>\n<p style=\"text-align: justify;\">IV \u2013 atuar em unidades com maior taxa de congestionamento;<\/p>\n<p style=\"text-align: justify;\">\u00a0<\/p>\n<p style=\"text-align: justify;\">V \u2013 desenvolver outras a\u00e7\u00f5es estrat\u00e9gicas para melhoria dos indicadores de efici\u00eancia.<\/p>\n<p style=\"text-align: justify;\">\u00a0<\/p>\n<p style=\"text-align: justify;\"><strong>Par\u00e1grafo \u00fanico.<\/strong>\u00a0O NAPES-Gabinete n\u00e3o atua na gest\u00e3o administrativa das unidades, compet\u00eancia exclusiva do juiz titular ou designado.<\/p>\n<p style=\"text-align: justify;\">\u00a0<\/p>\n<p style=\"text-align: justify;\"><strong>Art. 6\u00ba<\/strong>\u00a0As atividades do NAPES-Gabinete seguir\u00e3o as diretrizes do N\u00facleo de Gest\u00e3o de Qualidade, que indicar\u00e1 as demandas priorit\u00e1rias com base nos crit\u00e9rios de efici\u00eancia do CNJ.<\/p>\n<p style=\"text-align: justify;\">\u00a0<\/p>\n<p style=\"text-align: justify;\"><strong>Art. 7\u00ba<\/strong>\u00a0As atribui\u00e7\u00f5es no NAPES-Gabinete exercem-se em regime de coopera\u00e7\u00e3o com a unidade judici\u00e1ria, sem preju\u00edzo das fun\u00e7\u00f5es regulares de seus membros.<\/p>\n<p style=\"text-align: justify;\">\u00a0<\/p>\n<p style=\"text-align: justify;\"><strong>Par\u00e1grafo \u00fanico.<\/strong>\u00a0O juiz titular ou designado poder\u00e1, mediante comunica\u00e7\u00e3o pr\u00e9via \u00e0 c\u00e9lula do NAPES, avocar processos espec\u00edficos para atendimento de advogados ou pr\u00e1tica de atos que julgar necess\u00e1rios.<\/p>\n<p style=\"text-align: justify;\">\u00a0<\/p>\n<p style=\"text-align: justify;\"><strong>Art. 8\u00ba<\/strong>\u00a0A atua\u00e7\u00e3o do NAPES-Gabinete n\u00e3o exclui a responsabilidade do magistrado titular quanto \u00e0 tramita\u00e7\u00e3o c\u00e9lere dos processos.<\/p>\n<h3 style=\"text-align: justify;\">\u00a0<\/h3>\n<h3 style=\"text-align: justify;\">\u00a0<\/h3>\n<p style=\"text-align: justify;\"><strong>Se\u00e7\u00e3o III \u2013 Recusa do Aux\u00edlio<\/strong><\/p>\n<p style=\"text-align: justify;\">\u00a0<\/p>\n<p style=\"text-align: justify;\"><strong>Art. 9\u00ba<\/strong>\u00a0O juiz titular ou designado poder\u00e1 recusar o aux\u00edlio do NAPES-Gabinete, assumindo a responsabilidade de processar, julgar e baixar, com celeridade, os processos indicados pelo N\u00facleo de Gest\u00e3o de Qualidade.<\/p>\n<p style=\"text-align: justify;\">\u00a0<\/p>\n<p style=\"text-align: justify;\"><strong>\u00a7 1\u00ba<\/strong>\u00a0O Coordenador do NAPES informar\u00e1 \u00e0 Presid\u00eancia, por processo SEI, os casos de recusa.<\/p>\n<p style=\"text-align: justify;\">\u00a0<\/p>\n<p style=\"text-align: justify;\"><strong>\u00a7\u00a02\u00ba<\/strong>\u00a0O juiz que recusar o aux\u00edlio dever\u00e1 comprovar \u00e0 Presid\u00eancia, no prazo de 30 (trinta) dias, a movimenta\u00e7\u00e3o de todos os processos constantes da listagem.<\/p>\n<p style=\"text-align: justify;\">\u00a0<\/p>\n<p style=\"text-align: justify;\"><strong>\u00a7\u00a03\u00ba<\/strong>\u00a0O descumprimento injustificado do \u00a72\u00ba sujeitar\u00e1 a unidade ao aux\u00edlio compuls\u00f3rio do NAPES, com comunica\u00e7\u00e3o \u00e0 Corregedoria-Geral da Justi\u00e7a.<\/p>\n<h3 style=\"text-align: justify;\">\u00a0<\/h3>\n<p style=\"text-align: justify;\">\u00a0<\/p>\n<p style=\"text-align: justify;\"><strong>Se\u00e7\u00e3o IV \u2013 Aspectos Operacionais<\/strong><\/p>\n<p style=\"text-align: justify;\">\u00a0<\/p>\n<p style=\"text-align: justify;\"><strong>Art. 10.<\/strong>\u00a0As atividades do NAPES-Gabinete ocorrer\u00e3o preferencialmente de forma virtual.<\/p>\n<p style=\"text-align: justify;\">\u00a0<\/p>\n<p style=\"text-align: justify;\"><strong>Par\u00e1grafo \u00fanico.<\/strong>\u00a0A Presid\u00eancia providenciar\u00e1:<\/p>\n<p style=\"text-align: justify;\">\u00a0<\/p>\n<p style=\"text-align: justify;\">I \u2013 libera\u00e7\u00e3o de acesso remoto aos sistemas da unidade apoiada;<\/p>\n<p style=\"text-align: justify;\">\u00a0<\/p>\n<p style=\"text-align: justify;\">II \u2013 fornecimento de certificados digitais e tokens;<\/p>\n<p style=\"text-align: justify;\">\u00a0<\/p>\n<p style=\"text-align: justify;\">III \u2013 cessa\u00e7\u00e3o de acessos ao t\u00e9rmino dos trabalhos.<\/p>\n<p style=\"text-align: justify;\">\u00a0<\/p>\n<p style=\"text-align: justify;\"><strong>Art. 11.<\/strong>\u00a0A compensa\u00e7\u00e3o pelo ac\u00famulo de fun\u00e7\u00f5es ser\u00e1 regulamentada por ato pr\u00f3prio da Presid\u00eancia.<\/p>\n<h2 style=\"text-align: justify;\">\u00a0<\/h2>\n<p style=\"text-align: justify;\">\u00a0<\/p>\n<p style=\"text-align: justify;\"><strong>CAP\u00cdTULO III \u2013 NAPES-SECRETARIA<\/strong><\/p>\n<p style=\"text-align: justify;\">\u00a0<\/p>\n<p style=\"text-align: justify;\"><strong>Art. 12.<\/strong>\u00a0O NAPES-Secretaria, com estrutura pr\u00f3pria definida pela Presid\u00eancia, realizar\u00e1 atos cartor\u00e1rios de impulsionamento processual em apoio \u00e0s secretarias judici\u00e1rias de 1\u00ba grau, visando \u00e0 redu\u00e7\u00e3o do acervo e \u00e0 baixa processual.<\/p>\n<p style=\"text-align: justify;\">\u00a0<\/p>\n<p style=\"text-align: justify;\"><strong>Par\u00e1grafo \u00fanico.<\/strong>\u00a0O Coordenador Geral do NAPES coordenar\u00e1 os trabalhos do NAPES-Secretaria.<\/p>\n<p style=\"text-align: justify;\">\u00a0<\/p>\n<p style=\"text-align: justify;\"><strong>Art. 13.<\/strong>\u00a0As atribui\u00e7\u00f5es no NAPES-Secretaria exercem-se em regime de coopera\u00e7\u00e3o com a secretaria judici\u00e1ria, sem preju\u00edzo das atribui\u00e7\u00f5es dos servidores lotados na unidade.<\/p>\n<p style=\"text-align: justify;\">\u00a0<\/p>\n<p style=\"text-align: justify;\"><strong>Par\u00e1grafo \u00fanico.<\/strong>\u00a0A atua\u00e7\u00e3o do NAPES-Secretaria n\u00e3o exclui a responsabilidade dos servidores da unidade quanto \u00e0 movimenta\u00e7\u00e3o processual c\u00e9lere e ao cumprimento das determina\u00e7\u00f5es judiciais.<\/p>\n<p style=\"text-align: justify;\">\u00a0<\/p>\n<p style=\"text-align: justify;\"><strong>Art. 14.<\/strong>\u00a0O NAPES-Secretaria poder\u00e1 contar, a crit\u00e9rio da Presid\u00eancia, com servidores de outras unidades em regime de trabalho extraordin\u00e1rio, em dias n\u00e3o \u00fateis.<\/p>\n<p style=\"text-align: justify;\">\u00a0<\/p>\n<p style=\"text-align: justify;\"><strong>\u00a7\u00a01\u00ba<\/strong>\u00a0O servidor somente poder\u00e1 atuar nesta modalidade se a secretaria de sua lota\u00e7\u00e3o regular n\u00e3o possuir processos paralisados indevidamente por mais de 120 (cento e vinte) dias, nem ac\u00famulo de processos aguardando arquivamento ou remessa.<\/p>\n<p style=\"text-align: justify;\">\u00a0<\/p>\n<p style=\"text-align: justify;\"><strong>\u00a7\u00a02\u00ba<\/strong>\u00a0O servidor n\u00e3o poder\u00e1 atuar em sua secretaria de lota\u00e7\u00e3o regular.<\/p>\n<p style=\"text-align: justify;\">\u00a0<\/p>\n<p style=\"text-align: justify;\"><strong>\u00a7\u00a03\u00ba<\/strong>\u00a0Ao final de cada expediente, o servidor elaborar\u00e1 ata descrevendo pormenorizadamente as atividades praticadas.<\/p>\n<p style=\"text-align: justify;\">\u00a0<\/p>\n<p style=\"text-align: justify;\"><strong>\u00a7\u00a04\u00ba<\/strong>\u00a0Caber\u00e1 ao Coordenador Geral do NAPES indicar e desligar servidores da equipe do NAPES-Secretaria.<\/p>\n<p style=\"text-align: justify;\">\u00a0<\/p>\n<p style=\"text-align: justify;\"><strong>Art. 15.<\/strong>\u00a0A Presid\u00eancia providenciar\u00e1:<\/p>\n<p style=\"text-align: justify;\">\u00a0<\/p>\n<p style=\"text-align: justify;\">I \u2013 libera\u00e7\u00e3o de acesso remoto aos sistemas das unidades apoiadas (PJe, malote digital, SEEU e outros);<\/p>\n<p style=\"text-align: justify;\">\u00a0<\/p>\n<p style=\"text-align: justify;\">II \u2013 fornecimento de certificados digitais e tokens;<\/p>\n<p style=\"text-align: justify;\">\u00a0<\/p>\n<p style=\"text-align: justify;\">III \u2013 cessa\u00e7\u00e3o de acessos ao t\u00e9rmino dos trabalhos.<\/p>\n<h2 style=\"text-align: justify;\">\u00a0<\/h2>\n<p style=\"text-align: justify;\">\u00a0<\/p>\n<p style=\"text-align: justify;\"><strong>CAP\u00cdTULO IV \u2013 DISPOSI\u00c7\u00d5ES FINAIS<\/strong><\/p>\n<p style=\"text-align: justify;\">\u00a0<\/p>\n<p style=\"text-align: justify;\"><strong>Art. 16.<\/strong>\u00a0Os casos omissos ser\u00e3o resolvidos pela Presid\u00eancia.<\/p>\n<p style=\"text-align: justify;\">\u00a0<\/p>\n<p style=\"text-align: justify;\"><strong>Art. 17.<\/strong>\u00a0Este Ato Normativo entra em vigor na data de sua publica\u00e7\u00e3o, revogado o <a href=\"https:\/\/www.tjes.jus.br\/corregedoria\/2025\/04\/16\/ato-normativo-no-127-2025-disp-16-04-2025\/\">Ato Normativo n\u00ba 127\/2025<\/a>.<\/p>\n<p style=\"text-align: justify;\">\u00a0<\/p>\n<p style=\"text-align: justify;\"><strong>Publique-se.<\/strong><\/p>\n<p style=\"text-align: justify;\">\u00a0<\/p>\n<p style=\"text-align: justify;\"><strong>Vit\u00f3ria, 03 de mar\u00e7o de 2026.<\/strong><\/p>\n<p style=\"text-align: justify;\">\u00a0<\/p>\n<p style=\"text-align: justify;\">\u00a0<\/p>\n<p style=\"text-align: center;\"><strong>Desembargadora JANETE VARGAS SIM\u00d5ES<\/strong><br \/>Presidente<\/p>\n","protected":false},"excerpt":{"rendered":"<p>PODER JUDICI\u00c1RIO DO ESTADO DO ESP\u00cdRITO SANTO &#8211; PJES RUA DESEMBARGADOR HOMERO MAFRA,60 &#8211; Bairro ENSEADA DO SU\u00c1 &#8211; CEP 29050906 &#8211; Vit\u00f3ria &#8211; ES &#8211; www.tjes.jus.br \u00a0 ATO NORMATIVO N\u00ba 039\/2026 \u00a0 Reorganiza o N\u00facleo de Acelera\u00e7\u00e3o de Processos (NAPES) do Poder Judici\u00e1rio do Estado do Esp\u00edrito Santo e revoga o Ato Normativo n\u00ba [&hellip;]<\/p>\n","protected":false},"author":19,"featured_media":0,"comment_status":"closed","ping_status":"closed","sticky":false,"template":"","format":"standard","meta":{"footnotes":""},"categories":[4,14],"tags":[],"_links":{"self":[{"href":"https:\/\/www.tjes.jus.br\/corregedoria\/wp-json\/wp\/v2\/posts\/46505"}],"collection":[{"href":"https:\/\/www.tjes.jus.br\/corregedoria\/wp-json\/wp\/v2\/posts"}],"about":[{"href":"https:\/\/www.tjes.jus.br\/corregedoria\/wp-json\/wp\/v2\/types\/post"}],"author":[{"embeddable":true,"href":"https:\/\/www.tjes.jus.br\/corregedoria\/wp-json\/wp\/v2\/users\/19"}],"replies":[{"embeddable":true,"href":"https:\/\/www.tjes.jus.br\/corregedoria\/wp-json\/wp\/v2\/comments?post=46505"}],"version-history":[{"count":3,"href":"https:\/\/www.tjes.jus.br\/corregedoria\/wp-json\/wp\/v2\/posts\/46505\/revisions"}],"predecessor-version":[{"id":46512,"href":"https:\/\/www.tjes.jus.br\/corregedoria\/wp-json\/wp\/v2\/posts\/46505\/revisions\/46512"}],"wp:attachment":[{"href":"https:\/\/www.tjes.jus.br\/corregedoria\/wp-json\/wp\/v2\/media?parent=46505"}],"wp:term":[{"taxonomy":"category","embeddable":true,"href":"https:\/\/www.tjes.jus.br\/corregedoria\/wp-json\/wp\/v2\/categories?post=46505"},{"taxonomy":"post_tag","embeddable":true,"href":"https:\/\/www.tjes.jus.br\/corregedoria\/wp-json\/wp\/v2\/tags?post=46505"}],"curies":[{"name":"wp","href":"https:\/\/api.w.org\/{rel}","templated":true}]}}