{"id":46522,"date":"2026-03-10T13:55:50","date_gmt":"2026-03-10T16:55:50","guid":{"rendered":"https:\/\/www.tjes.jus.br\/corregedoria\/?p=46522"},"modified":"2026-03-10T13:56:57","modified_gmt":"2026-03-10T16:56:57","slug":"ato-normativo-conjunto-no-012-2026-disp-10-03-2026","status":"publish","type":"post","link":"https:\/\/www.tjes.jus.br\/corregedoria\/2026\/03\/10\/ato-normativo-conjunto-no-012-2026-disp-10-03-2026\/","title":{"rendered":"ATO NORMATIVO CONJUNTO N\u00ba 012\/2026 \u2013 DISP. 10\/03\/2026"},"content":{"rendered":"\n<div class=\"override-text\" align=\"center\">\n<p style=\"text-align: center;\">PODER JUDICI\u00c1RIO DO ESTADO DO ESP\u00cdRITO SANTO &#8211; PJES<\/p>\n<p style=\"text-align: center;\">RUA DESEMBARGADOR HOMERO MAFRA,60 &#8211; Bairro ENSEADA DO SU\u00c1 &#8211; CEP 29050906 &#8211; Vit\u00f3ria &#8211; ES &#8211; www.tjes.jus.br<\/p>\n<\/div>\n<p style=\"text-align: justify;\">\u00a0<\/p>\n<p class=\"Texto_Centralizado_Maiusculas\" style=\"text-align: center;\"><strong>ATO NORMATIVO CONJUNTO N\u00ba 012\/2026<\/strong><\/p>\n<p style=\"text-align: justify;\">\u00a0<\/p>\n<p class=\"Texto_Ementa\" style=\"text-align: justify;\" data-end=\"520\" data-start=\"270\"><strong>Institui for\u00e7a-tarefa voltada \u00e0 reavalia\u00e7\u00e3o de processos de execu\u00e7\u00e3o penal, com foco no saneamento dos incidentes vencidos de progress\u00f5es de regime, livramento condicional e t\u00e9rmino de pena, no \u00e2mbito do Poder Judici\u00e1rio do Estado do Esp\u00edrito Santo.<\/strong><\/p>\n<p style=\"text-align: justify;\">\u00a0<\/p>\n<p class=\"Texto_Justificado\" style=\"text-align: justify;\" data-end=\"934\" data-start=\"522\">A Excelent\u00edssima Senhora\u00a0<strong>Desembargadora JANETE VARGAS SIM\u00d5ES<\/strong>, Presidente do Tribunal de Justi\u00e7a do Estado do Esp\u00edrito Santo e o Excelent\u00edssimo Senhor\u00a0<strong>Desembargador EDER PONTES DA SILVA<\/strong>, Supervisor do Grupo de Monitoramento e Fiscaliza\u00e7\u00e3o do Sistema Carcer\u00e1rio (GMF-SC\/ES), no uso de suas atribui\u00e7\u00f5es legais e regimentais;<\/p>\n<p style=\"text-align: justify;\">\u00a0<\/p>\n<p class=\"Texto_Justificado\" style=\"text-align: justify;\" data-end=\"1197\" data-start=\"936\"><strong>CONSIDERANDO<\/strong>\u00a0a exist\u00eancia de elevado n\u00famero de pend\u00eancias relacionadas \u00e0 an\u00e1lise e concess\u00e3o de progress\u00f5es de regime, livramento condicional e t\u00e9rmino de pena, identificadas pelo Grupo de Monitoramento e Fiscaliza\u00e7\u00e3o do Sistema Carcer\u00e1rio (GMF-SC\/ES);<\/p>\n<p style=\"text-align: justify;\">\u00a0<\/p>\n<p class=\"Texto_Justificado\" style=\"text-align: justify;\"><strong>CONSIDERANDO<\/strong>\u00a0a necessidade de cumprimento das diretrizes estabelecidas no\u00a0<strong>Plano Nacional Pena Justa<\/strong>, elaborado em resposta \u00e0 ADPF 347, que visa \u00e0 supera\u00e7\u00e3o do estado de coisas inconstitucional nas pris\u00f5es brasileiras mediante a efic\u00e1cia da execu\u00e7\u00e3o penal;<\/p>\n<p style=\"text-align: justify;\">\u00a0<\/p>\n<p class=\"Texto_Justificado\" style=\"text-align: justify;\" data-end=\"1425\" data-start=\"1199\"><strong>CONSIDERANDO<\/strong>\u00a0os impactos da morosidade na tramita\u00e7\u00e3o da execu\u00e7\u00e3o penal sobre os indicadores de efici\u00eancia avaliados pelo Conselho Nacional de Justi\u00e7a no \u00e2mbito do Pr\u00eamio CNJ de Qualidade, conforme Portaria CNJ n\u00ba\u00a0Portaria n\u00ba 471\/2025;<\/p>\n<p style=\"text-align: justify;\">\u00a0<\/p>\n<p class=\"Texto_Justificado\" style=\"text-align: justify;\" data-end=\"1631\" data-start=\"1427\"><strong>CONSIDERANDO<\/strong>\u00a0a decis\u00e3o proferida pela Presid\u00eancia deste Tribunal no processo SEI n.\u00ba 7001412-37.2026.8.08.0000, que autorizou a realiza\u00e7\u00e3o de plant\u00f5es extraordin\u00e1rios voltados \u00e0 referida for\u00e7a-tarefa;<\/p>\n<p style=\"text-align: justify;\">\u00a0<\/p>\n<p class=\"Texto_Justificado\" style=\"text-align: justify;\"><strong>CONSIDERANDO<\/strong>\u00a0a necessidade de otimizar a for\u00e7a de trabalho jurisdicional para o atingimento das metas estabelecidas pelo Conselho Nacional de Justi\u00e7a (CNJ);<\/p>\n<p style=\"text-align: justify;\">\u00a0<\/p>\n<p class=\"Texto_Justificado\" style=\"text-align: justify;\"><a target=\"_blank\" name=\"p-rc_c5af8bf7cafef421-20\" rel=\"noopener\"><\/a><strong>CONSIDERANDO<\/strong>\u00a0que a atualiza\u00e7\u00e3o imediata dos registros de cumprimento de pena em meio aberto \u00e9 indispens\u00e1vel para a fidedignidade dos dados do Sistema Eletr\u00f4nico de Execu\u00e7\u00e3o Unificado (SEEU).<\/p>\n<p style=\"text-align: justify;\">\u00a0<\/p>\n<p class=\"Texto_Justificado\" style=\"text-align: justify;\" data-end=\"1833\" data-start=\"1820\"><strong>RESOLVEM:<\/strong><\/p>\n<p style=\"text-align: justify;\">\u00a0<\/p>\n<p class=\"Texto_Justificado\" style=\"text-align: justify;\" data-end=\"2014\" data-start=\"1835\"><strong>Art. 1.\u00ba<\/strong>\u00a0Fica institu\u00edda for\u00e7a-tarefa no \u00e2mbito do Poder Judici\u00e1rio do Estado do Esp\u00edrito Santo, a ser realizada durante os meses de\u00a0<strong>mar\u00e7o, abril e maio de 2026,\u00a0<\/strong>com o objetivo de:<\/p>\n<p style=\"text-align: justify;\">\u00a0<\/p>\n<p class=\"Texto_Justificado\" style=\"text-align: justify;\" data-end=\"2448\" data-start=\"2016\"><strong>I \u2013\u00a0<\/strong>reavaliar e decidir, de forma concentrada e c\u00e9lere, os pedidos e incidentes de progress\u00e3o de regime aberto e semiaberto pendentes no Sistema Eletr\u00f4nico de Execu\u00e7\u00e3o Unificado (SEEU);<\/p>\n<p style=\"text-align: justify;\">\u00a0<\/p>\n<p class=\"Texto_Justificado\" style=\"text-align: justify;\" data-end=\"2448\" data-start=\"2016\"><strong>II \u2013<\/strong>\u00a0promover o saneamento dos processos com penas extintas ou prescritas ainda ativos no sistema;<\/p>\n<p style=\"text-align: justify;\">\u00a0<\/p>\n<p class=\"Texto_Justificado\" style=\"text-align: justify;\" data-end=\"2448\" data-start=\"2016\"><strong>III \u2013<\/strong>\u00a0atualizar informa\u00e7\u00f5es cadastrais e sanear incongru\u00eancias entre os autos e os dados constantes nos sistemas eletr\u00f4nicos (SEEU e BNMP 3.0);<\/p>\n<p style=\"text-align: justify;\">\u00a0<\/p>\n<p class=\"Texto_Justificado\" style=\"text-align: justify;\" data-end=\"2448\" data-start=\"2016\"><strong>IV \u2013<\/strong>\u00a0avaliar os incidentes de execu\u00e7\u00e3o penal pendentes de t\u00e9rmino de pena;<\/p>\n<p style=\"text-align: justify;\">\u00a0<\/p>\n<p class=\"Texto_Justificado\" style=\"text-align: justify;\" data-end=\"2448\" data-start=\"2016\"><strong>V &#8211;<\/strong>\u00a0reavaliar e decidir, de forma concentrada, os incidentes vencidos de livramento condicional pendentes de an\u00e1lise.<\/p>\n<p style=\"text-align: justify;\">\u00a0<\/p>\n<p class=\"Texto_Justificado\" style=\"text-align: justify;\" data-end=\"2713\" data-start=\"2450\"><strong>Art. 2.\u00ba<\/strong>\u00a0As atividades ser\u00e3o desempenhadas por servidores escalados mediante designa\u00e7\u00e3o do GMF-SC\/ES, com atua\u00e7\u00e3o fora da jornada ordin\u00e1ria, nos termos autorizados pela Presid\u00eancia do TJES.<\/p>\n<p style=\"text-align: justify;\">\u00a0<\/p>\n<p class=\"Texto_Justificado\" style=\"text-align: justify;\" data-end=\"2894\" data-start=\"2715\"><strong>\u00a71.\u00ba\u00a0<\/strong>Os servidores participantes far\u00e3o jus \u00e0 gratifica\u00e7\u00e3o de plant\u00e3o judici\u00e1rio, nos termos da Lei Estadual n.\u00ba 7.854\/2004, observado o limite mensal de plant\u00f5es por servidor, podendo ser concedido folga em compensa\u00e7\u00e3o aos plant\u00f5es excedentes.<\/p>\n<p style=\"text-align: justify;\">\u00a0<\/p>\n<p class=\"Texto_Justificado\" style=\"text-align: justify;\" data-end=\"3106\" data-start=\"2896\"><strong>\u00a72.\u00ba<\/strong>\u00a0As atividades dever\u00e3o ser registradas em relat\u00f3rio individual, com descri\u00e7\u00e3o objetiva e detalhada das tarefas realizadas, a ser encaminhado para fins de presta\u00e7\u00e3o de contas e aferi\u00e7\u00e3o de produtividade.<\/p>\n<p style=\"text-align: justify;\">\u00a0<\/p>\n<p class=\"Texto_Justificado\" style=\"text-align: justify;\" data-end=\"3331\" data-start=\"3108\"><strong>Art. 3.\u00ba<\/strong>\u00a0A coordena\u00e7\u00e3o dos trabalhos ficar\u00e1 a cargo do GMF-SC\/ES.<\/p>\n<p style=\"text-align: justify;\">\u00a0<\/p>\n<p class=\"Texto_Justificado\" style=\"text-align: justify;\" data-end=\"3560\" data-start=\"3333\"><strong>Art. 4.\u00ba<\/strong>\u00a0Os\u00a0<strong>magistrados com compet\u00eancia na \u00e1rea de execu\u00e7\u00e3o penal dever\u00e3o colaborar\u00a0<\/strong>com a for\u00e7a-tarefa e, no que couber, priorizar a an\u00e1lise dos processos relacionados \u00e0s pend\u00eancias mencionadas neste Ato.<\/p>\n<p style=\"text-align: justify;\">\u00a0<\/p>\n<p class=\"Texto_Justificado\" style=\"text-align: justify;\"><strong>\u00a71.\u00ba<\/strong>\u00a0Os\u00a0<strong>servidores das unidades judici\u00e1rias dever\u00e3o priorizar a juntada de informa\u00e7\u00f5es e documentos indispens\u00e1veis ao cumprimento dos objetivos da for\u00e7a-tarefa<\/strong>, especialmente no que tange aos comprovantes de cumprimento de regime aberto e outras dilig\u00eancias que instruam o saneamento dos autos.<\/p>\n<p style=\"text-align: justify;\">\u00a0<\/p>\n<p class=\"Texto_Justificado\" style=\"text-align: justify;\"><strong>Art. 5.\u00ba<\/strong>\u00a0Fica\u00a0<strong>designado o Magistrado Felipe Rocha Silveira para atuar na referida for\u00e7a-tarefa<\/strong>, detendo compet\u00eancia para decidir nos processos abrangidos por este Ato,\u00a0<strong>exceto<\/strong>\u00a0naqueles de compet\u00eancia exclusiva das Varas Privativas de Execu\u00e7\u00e3o Penal.<\/p>\n<p style=\"text-align: justify;\">\u00a0<\/p>\n<p class=\"Texto_Justificado\" style=\"text-align: justify;\" data-end=\"3823\" data-start=\"3750\"><strong>Art. 6.\u00ba<\/strong>\u00a0Este Ato Normativo entra em vigor na data de sua publica\u00e7\u00e3o.<\/p>\n<p style=\"text-align: justify;\">\u00a0<\/p>\n<p style=\"text-align: justify;\">Vit\u00f3ria, 04 de mar\u00e7o de 2026.<\/p>\n<p style=\"text-align: justify;\">\u00a0<\/p>\n<p style=\"text-align: justify;\">\u00a0<\/p>\n<p class=\"Tabela_Texto_Centralizado\" style=\"text-align: center;\"><strong>Des. JANETE VARGAS SIM\u00d5ES<\/strong><\/p>\n<p class=\"Tabela_Texto_Centralizado\" style=\"text-align: center;\">Presidente do Tribunal de Justi\u00e7a do Estado do Esp\u00edrito Santo<\/p>\n<p style=\"text-align: justify;\">\u00a0<\/p>\n<p style=\"text-align: justify;\">\u00a0<\/p>\n<p class=\"Tabela_Texto_Centralizado\" style=\"text-align: center;\"><strong>Des. EDER PONTES DA SILVA<\/strong><\/p>\n<p class=\"Tabela_Texto_Centralizado\" style=\"text-align: center;\">Supervisor das Varas Criminais e Execu\u00e7\u00f5es Penais<\/p>\n<p class=\"Tabela_Texto_Centralizado\" style=\"text-align: center;\">Supervisor do Grupo de Monitoramento e Fiscaliza\u00e7\u00e3o do Sistema Carcer\u00e1rio<\/p>\n","protected":false},"excerpt":{"rendered":"<p>PODER JUDICI\u00c1RIO DO ESTADO DO ESP\u00cdRITO SANTO &#8211; PJES RUA DESEMBARGADOR HOMERO MAFRA,60 &#8211; Bairro ENSEADA DO SU\u00c1 &#8211; CEP 29050906 &#8211; Vit\u00f3ria &#8211; ES &#8211; www.tjes.jus.br \u00a0 ATO NORMATIVO CONJUNTO N\u00ba 012\/2026 \u00a0 Institui for\u00e7a-tarefa voltada \u00e0 reavalia\u00e7\u00e3o de processos de execu\u00e7\u00e3o penal, com foco no saneamento dos incidentes vencidos de progress\u00f5es de regime, [&hellip;]<\/p>\n","protected":false},"author":19,"featured_media":0,"comment_status":"closed","ping_status":"closed","sticky":false,"template":"","format":"standard","meta":{"footnotes":""},"categories":[4,14],"tags":[],"_links":{"self":[{"href":"https:\/\/www.tjes.jus.br\/corregedoria\/wp-json\/wp\/v2\/posts\/46522"}],"collection":[{"href":"https:\/\/www.tjes.jus.br\/corregedoria\/wp-json\/wp\/v2\/posts"}],"about":[{"href":"https:\/\/www.tjes.jus.br\/corregedoria\/wp-json\/wp\/v2\/types\/post"}],"author":[{"embeddable":true,"href":"https:\/\/www.tjes.jus.br\/corregedoria\/wp-json\/wp\/v2\/users\/19"}],"replies":[{"embeddable":true,"href":"https:\/\/www.tjes.jus.br\/corregedoria\/wp-json\/wp\/v2\/comments?post=46522"}],"version-history":[{"count":2,"href":"https:\/\/www.tjes.jus.br\/corregedoria\/wp-json\/wp\/v2\/posts\/46522\/revisions"}],"predecessor-version":[{"id":46525,"href":"https:\/\/www.tjes.jus.br\/corregedoria\/wp-json\/wp\/v2\/posts\/46522\/revisions\/46525"}],"wp:attachment":[{"href":"https:\/\/www.tjes.jus.br\/corregedoria\/wp-json\/wp\/v2\/media?parent=46522"}],"wp:term":[{"taxonomy":"category","embeddable":true,"href":"https:\/\/www.tjes.jus.br\/corregedoria\/wp-json\/wp\/v2\/categories?post=46522"},{"taxonomy":"post_tag","embeddable":true,"href":"https:\/\/www.tjes.jus.br\/corregedoria\/wp-json\/wp\/v2\/tags?post=46522"}],"curies":[{"name":"wp","href":"https:\/\/api.w.org\/{rel}","templated":true}]}}