{"id":46526,"date":"2026-03-10T13:58:08","date_gmt":"2026-03-10T16:58:08","guid":{"rendered":"https:\/\/www.tjes.jus.br\/corregedoria\/?p=46526"},"modified":"2026-03-10T13:59:35","modified_gmt":"2026-03-10T16:59:35","slug":"ato-normativo-conjunto-no-013-2026-disp-10-03-2026","status":"publish","type":"post","link":"https:\/\/www.tjes.jus.br\/corregedoria\/2026\/03\/10\/ato-normativo-conjunto-no-013-2026-disp-10-03-2026\/","title":{"rendered":"ATO NORMATIVO CONJUNTO N\u00ba 013\/2026 \u2013 DISP. 10\/03\/2026"},"content":{"rendered":"\n<div class=\"override-text\" align=\"center\">\n<p style=\"text-align: center;\">PODER JUDICI\u00c1RIO DO ESTADO DO ESP\u00cdRITO SANTO &#8211; PJES<\/p>\n<p style=\"text-align: center;\">RUA DESEMBARGADOR HOMERO MAFRA,60 &#8211; Bairro ENSEADA DO SU\u00c1 &#8211; CEP 29050906 &#8211; Vit\u00f3ria &#8211; ES &#8211; www.tjes.jus.br<\/p>\n<\/div>\n<p class=\"Texto_Centralizado_Maiusculas\" style=\"text-align: center;\">TRIBUNAL DE JUSTICA DO ESPIRITO SANTO<br \/>SECAO DE APOIO A COORDENADORIA DAS VARAS CRIMINAIS E DAS VARAS DE EXECUCOES PENAIS<\/p>\n<p style=\"text-align: justify;\">\u00a0<\/p>\n<p class=\"Texto_Centralizado_Maiusculas\" style=\"text-align: center;\"><strong>ATO NORMATIVO CONJUNTO N\u00ba 013, DE 05 DE MAR\u00c7O<\/strong><strong>\u00a0DE 2026<\/strong><\/p>\n<p style=\"text-align: justify;\">\u00a0<\/p>\n<p class=\"Tabela_Texto_Alinhado_Direita\" style=\"text-align: justify;\">Disp\u00f5e sobre a obrigatoriedade de uso do Sistema de Apresenta\u00e7\u00e3o Remota e Reconhecimento Facial (SAREF) nas Varas Judiciais com compet\u00eancia em Execu\u00e7\u00e3o Penal do Tribunal de Justi\u00e7a do Esp\u00edrito Santo.<\/p>\n<p style=\"text-align: justify;\">\u00a0<\/p>\n<p class=\"Texto_Justificado\" style=\"text-align: justify;\"><strong>A<\/strong>\u00a0<strong>PRESIDENTE DO TRIBUNAL DE JUSTI\u00c7A DO ESTADO DO ESP\u00cdRITO SANTO\u00a0<\/strong>e o\u00a0<strong>SUPERVISOR DAS VARAS CRIMINAIS E DE EXECU\u00c7\u00d5ES PENAIS<\/strong><strong>,<\/strong>\u00a0no uso de suas atribui\u00e7\u00f5es legais e regimentais,<\/p>\n<p style=\"text-align: justify;\">\u00a0<\/p>\n<p class=\"Texto_Justificado\" style=\"text-align: justify;\"><strong>CONSIDERANDO<\/strong>\u00a0a ado\u00e7\u00e3o, pelo Poder Judici\u00e1rio do Estado do Esp\u00edrito Santo, ao Sistema de Apresenta\u00e7\u00e3o Remota e Reconhecimento Facial (SAREF), para registro remoto da apresenta\u00e7\u00e3o das pessoas em cumprimento de pena relativos \u00e0 Execu\u00e7\u00e3o Penal;<\/p>\n<p style=\"text-align: justify;\">\u00a0<\/p>\n<p class=\"Texto_Justificado\" style=\"text-align: justify;\"><strong>CONSIDERANDO\u00a0<\/strong>a necessidade de regulamentar a apresenta\u00e7\u00e3o das pessoas em cumprimento de pena para registro processual do cumprimento da condi\u00e7\u00e3o de comparecimento em Ju\u00edzo estabelecida na Execu\u00e7\u00e3o Penal;<\/p>\n<p style=\"text-align: justify;\">\u00a0<\/p>\n<p class=\"Texto_Justificado\" style=\"text-align: justify;\"><strong>CONSIDERANDO\u00a0<\/strong>a conclus\u00e3o de implanta\u00e7\u00e3o do SAREF em todas as Unidades Judici\u00e1rias com compet\u00eancia em execu\u00e7\u00e3o penal;<\/p>\n<p style=\"text-align: justify;\">\u00a0<\/p>\n<p class=\"Texto_Justificado\" style=\"text-align: justify;\"><strong>RESOLVEM:<\/strong><\/p>\n<p style=\"text-align: justify;\">\u00a0<\/p>\n<p class=\"Texto_Justificado\" style=\"text-align: justify;\"><strong>Art. 1\u00ba.<\/strong>\u00a0Tornar obrigat\u00f3rio, no \u00e2mbito do Poder Judici\u00e1rio do Estado do Esp\u00edrito Santo, o uso do Sistema de Apresenta\u00e7\u00e3o Remota e Reconhecimento Facial (SAREF) para o registro das apresenta\u00e7\u00f5es em Ju\u00edzo nas unidades judici\u00e1rias com compet\u00eancia em execu\u00e7\u00e3o penal.<\/p>\n<p style=\"text-align: justify;\">\u00a0<\/p>\n<p class=\"Texto_Justificado\" style=\"text-align: justify;\">\u00a71\u00ba. O SAREF ser\u00e1 utilizado para o cumprimento da condi\u00e7\u00e3o de comparecimento em ju\u00edzo nos seguintes casos:<\/p>\n<p style=\"text-align: justify;\">\u00a0<\/p>\n<p class=\"Texto_Justificado\" style=\"text-align: justify;\"><br \/>I \u2013 regime aberto;<\/p>\n<p style=\"text-align: justify;\">\u00a0<\/p>\n<p class=\"Texto_Justificado\" style=\"text-align: justify;\">II \u2013 livramento condicional;<\/p>\n<p style=\"text-align: justify;\">\u00a0<\/p>\n<p class=\"Texto_Justificado\" style=\"text-align: justify;\">III \u2013 suspens\u00e3o condicional da pena;<\/p>\n<p style=\"text-align: justify;\">\u00a0<\/p>\n<p class=\"Texto_Justificado\" style=\"text-align: justify;\">IV \u2013 suspens\u00e3o condicional do processo;<\/p>\n<p style=\"text-align: justify;\">\u00a0<\/p>\n<p class=\"Texto_Justificado\" style=\"text-align: justify;\">V \u2013 acordo de n\u00e3o persecu\u00e7\u00e3o penal (ANPP);\u00a0<\/p>\n<p style=\"text-align: justify;\">\u00a0<\/p>\n<p class=\"Texto_Justificado\" style=\"text-align: justify;\">VI &#8211; regime semiaberto harmonizado<\/p>\n<p style=\"text-align: justify;\">\u00a0<\/p>\n<p class=\"Texto_Justificado\" style=\"text-align: justify;\">VII \u2013 outras hip\u00f3teses fixadas judicialmente.<\/p>\n<p style=\"text-align: justify;\">\u00a0<\/p>\n<p class=\"Texto_Justificado\" style=\"text-align: justify;\">\u00a72\u00ba. Os comparecimentos anteriormente registrados fisicamente (fichas), dever\u00e3o ser digitalizados e juntados nos respectivos autos de execu\u00e7\u00e3o penal no SEEU, fazendo-se os lan\u00e7amentos\/interrup\u00e7\u00f5es necess\u00e1rios quanto a eventuais faltas ocorridas antes do registro do SAREF.<\/p>\n<p style=\"text-align: justify;\">\u00a0<\/p>\n<p class=\"Texto_Justificado\" style=\"text-align: justify;\">\u00a73\u00ba. A partir da publica\u00e7\u00e3o deste Ato Normativo Conjunto fica vedado o registro dos comparecimentos por meio f\u00edsico.<\/p>\n<p style=\"text-align: justify;\">\u00a0<\/p>\n<p class=\"Texto_Justificado\" style=\"text-align: justify;\"><strong>Art. 2\u00ba.<\/strong>\u00a0O comparecimento em Ju\u00edzo ser\u00e1 realizado, obrigatoriamente, de forma remota, mediante registro visual por meio do SAREF, utilizando:<\/p>\n<p style=\"text-align: justify;\">\u00a0<\/p>\n<p class=\"Texto_Justificado\" style=\"text-align: justify;\">I \u2013 totens disponibilizados nas Unidades Judici\u00e1rias; ou<\/p>\n<p style=\"text-align: justify;\">\u00a0<\/p>\n<p class=\"Texto_Justificado\" style=\"text-align: justify;\">II \u2013 qualquer aparelho eletr\u00f4nico com c\u00e2mera e acesso \u00e0 internet.<\/p>\n<p style=\"text-align: justify;\">\u00a0<\/p>\n<p class=\"Texto_Justificado\" style=\"text-align: justify;\">\u00a71\u00ba. O uso de aparelho eletr\u00f4nico de terceiros \u00e9 admitido, desde que viabilize a identifica\u00e7\u00e3o da pessoa em cumprimento de pena por meio do sistema.<\/p>\n<p style=\"text-align: justify;\">\u00a0<\/p>\n<p class=\"Texto_Justificado\" style=\"text-align: justify;\">\u00a72\u00ba. Somente ser\u00e1 admitido o comparecimento presencial de forma excepcional, mediante decis\u00e3o fundamentada do Ju\u00edzo competente, nas hip\u00f3teses em que n\u00e3o for poss\u00edvel a realiza\u00e7\u00e3o da apresenta\u00e7\u00e3o remota.<\/p>\n<p style=\"text-align: justify;\">\u00a0<\/p>\n<p class=\"Texto_Justificado\" style=\"text-align: justify;\"><strong>Art. 3\u00ba.<\/strong>\u00a0Fica estabelecido que a apresenta\u00e7\u00e3o mensal em Ju\u00edzo dever\u00e1 ser realizada, obrigatoriamente, entre os dias 01 (um) e 10 (dez) de cada m\u00eas.<\/p>\n<p style=\"text-align: justify;\">\u00a0<\/p>\n<p class=\"Texto_Justificado\" style=\"text-align: justify;\">\u00a71\u00ba. O comparecimento presencial excepcional tamb\u00e9m dever\u00e1 observar o prazo estabelecido no\u00a0<em>caput<\/em>, salvo decis\u00e3o judicial em sentido diverso, devidamente fundamentada.<\/p>\n<p style=\"text-align: justify;\">\u00a0<\/p>\n<p class=\"Texto_Justificado\" style=\"text-align: justify;\">\u00a72\u00ba. Havendo comparecimento posterior ao dia 10 de cada m\u00eas, o apenado receber\u00e1 falta com as interrup\u00e7\u00f5es em sistema, devendo justificar o motivo da aus\u00eancia, no prazo de 5 (cinco) dias, sob as penas que o juiz local entender pertinentes.<\/p>\n<p style=\"text-align: justify;\">\u00a0<\/p>\n<p class=\"Texto_Justificado\" style=\"text-align: justify;\"><strong>Art. 4\u00ba.<\/strong>\u00a0A\u00a0pessoa em cumprimento de pena dever\u00e1 comparecer \u00e0 Unidade Judici\u00e1ria competente para realizar o cadastro no SAREF, munida de:<\/p>\n<p style=\"text-align: justify;\">\u00a0<\/p>\n<p class=\"Texto_Justificado\" style=\"text-align: justify;\">I \u2013 Cadastro de Pessoa F\u00edsica (CPF);<\/p>\n<p style=\"text-align: justify;\">\u00a0<\/p>\n<p class=\"Texto_Justificado\" style=\"text-align: justify;\">II \u2013 documento oficial de identifica\u00e7\u00e3o com foto;<\/p>\n<p style=\"text-align: justify;\">\u00a0<\/p>\n<p class=\"Texto_Justificado\" style=\"text-align: justify;\">III \u2013 endere\u00e7o de e-mail v\u00e1lido.<\/p>\n<p style=\"text-align: justify;\">\u00a0<\/p>\n<p class=\"Texto_Justificado\" style=\"text-align: justify;\">\u00a71\u00ba. O endere\u00e7o de e-mail informado poder\u00e1 ser de titularidade da pr\u00f3pria pessoa em cumprimento de pena ou de terceiro, desde que por ela indicado e com acesso regular para recebimento das comunica\u00e7\u00f5es.<\/p>\n<p style=\"text-align: justify;\">\u00a0<\/p>\n<p class=\"Texto_Justificado\" style=\"text-align: justify;\">\u00a72\u00ba. Somente poder\u00e3o ser cadastradas no SAREF pessoas com CPF registrado no SEEU.<\/p>\n<p style=\"text-align: justify;\">\u00a0<\/p>\n<p class=\"Texto_Justificado\" style=\"text-align: justify;\"><strong>Art. 5\u00ba.<\/strong>\u00a0A pessoa em cumprimento de pena que n\u00e3o possuir CPF n\u00e3o poder\u00e1 realizar apresenta\u00e7\u00e3o por meio do SAREF, devendo:<\/p>\n<p style=\"text-align: justify;\">\u00a0<\/p>\n<p class=\"Texto_Justificado\" style=\"text-align: justify;\">I \u2013 realizar o comparecimento presencial mensal, at\u00e9 o dia 10 de cada m\u00eas;<\/p>\n<p style=\"text-align: justify;\">\u00a0<\/p>\n<p class=\"Texto_Justificado\" style=\"text-align: justify;\">II \u2013 providenciar a emiss\u00e3o do CPF no prazo de at\u00e9 30 (trinta) dias.<\/p>\n<p style=\"text-align: justify;\">\u00a0<\/p>\n<p class=\"Texto_Justificado\" style=\"text-align: justify;\">\u00a71\u00ba. Decorrido o prazo previsto no inciso II sem a regulariza\u00e7\u00e3o, a pessoa dever\u00e1 apresentar justificativa ao Ju\u00edzo competente.<\/p>\n<p style=\"text-align: justify;\">\u00a0<\/p>\n<p class=\"Texto_Justificado\" style=\"text-align: justify;\">\u00a72\u00ba. Sendo acolhida a justificativa, poder\u00e1 ser concedido prazo adicional de at\u00e9 30 (trinta) dias para regulariza\u00e7\u00e3o.<\/p>\n<p style=\"text-align: justify;\">\u00a0<\/p>\n<p class=\"Texto_Justificado\" style=\"text-align: justify;\">\u00a73\u00ba. N\u00e3o regularizada a situa\u00e7\u00e3o no prazo concedido, poder\u00e1 o Ju\u00edzo indeferir a apresenta\u00e7\u00e3o at\u00e9 a efetiva regulariza\u00e7\u00e3o, sem preju\u00edzo das medidas cab\u00edveis.<\/p>\n<p style=\"text-align: justify;\">\u00a0<\/p>\n<p class=\"Texto_Justificado\" style=\"text-align: justify;\"><strong>Art. 6\u00ba.<\/strong>\u00a0Ap\u00f3s a realiza\u00e7\u00e3o da apresenta\u00e7\u00e3o remota, ser\u00e1 gerado registro provis\u00f3rio, que ser\u00e1 submetido \u00e0 an\u00e1lise da Unidade Judici\u00e1ria para valida\u00e7\u00e3o das informa\u00e7\u00f5es e da imagem capturada.<\/p>\n<p style=\"text-align: justify;\">\u00a0<\/p>\n<p class=\"Texto_Justificado\" style=\"text-align: justify;\">\u00a71\u00ba. A homologa\u00e7\u00e3o da apresenta\u00e7\u00e3o dever\u00e1 ocorrer at\u00e9 o 15\u00ba dia do m\u00eas corrente.<\/p>\n<p style=\"text-align: justify;\">\u00a0<\/p>\n<p class=\"Texto_Justificado\" style=\"text-align: justify;\">\u00a72\u00ba. Ap\u00f3s a homologa\u00e7\u00e3o, o comprovante ser\u00e1 automaticamente juntado ao processo no SEEU e encaminhado ao e-mail cadastrado.<\/p>\n<p style=\"text-align: justify;\">\u00a0<\/p>\n<p class=\"Texto_Justificado\" style=\"text-align: justify;\"><strong>Art. 7\u00ba.<\/strong>\u00a0A apresenta\u00e7\u00e3o realizada por meio do SAREF dispensa o comparecimento presencial da pessoa em Ju\u00edzo, salvo para cumprimento de outras condi\u00e7\u00f5es ou determina\u00e7\u00f5es judiciais.<\/p>\n<p style=\"text-align: justify;\">\u00a0<\/p>\n<p class=\"Texto_Justificado\" style=\"text-align: justify;\"><strong>Art. 8\u00ba.<\/strong>\u00a0O registro manual da apresenta\u00e7\u00e3o somente ser\u00e1 admitido, de forma excepcional, quando invi\u00e1vel a utiliza\u00e7\u00e3o do SAREF, observado o disposto neste Ato Normativo Conjunto.<\/p>\n<p style=\"text-align: justify;\">\u00a0<\/p>\n<p class=\"Texto_Justificado\" style=\"text-align: justify;\"><strong>Art. 9\u00ba.<\/strong>\u00a0Compete \u00e0 Presid\u00eancia do Tribunal de Justi\u00e7a resolver os casos omissos e expedir atos complementares necess\u00e1rios \u00e0 execu\u00e7\u00e3o deste Ato.<\/p>\n<p style=\"text-align: justify;\">\u00a0<\/p>\n<p class=\"Texto_Justificado\" style=\"text-align: justify;\"><strong>Art. 10.<\/strong>\u00a0Este Ato Normativo Conjunto entra em vigor na data de sua publica\u00e7\u00e3o, ficando revogado o <a href=\"https:\/\/www.tjes.jus.br\/corregedoria\/2025\/06\/10\/ato-normativo-conjunto-no-017-2024-disp-29-07-2024\/\">Ato Normativo Conjunto n. 17\/2024.<\/a><\/p>\n<p style=\"text-align: justify;\">\u00a0<\/p>\n<p class=\"Texto_Justificado\" style=\"text-align: justify;\">Publique-se. Cumpra-se.<\/p>\n<p style=\"text-align: justify;\">\u00a0<\/p>\n<p style=\"text-align: justify;\">\u00a0<\/p>\n<p class=\"Tabela_Texto_Centralizado\" style=\"text-align: center;\"><strong>Desa. JANETE VARGAS SIM\u00d5ES<\/strong><\/p>\n<p class=\"Tabela_Texto_Centralizado\" style=\"text-align: center;\">Presidente do Tribunal de Justi\u00e7a do Estado do Esp\u00edrito Santo<\/p>\n<p style=\"text-align: justify;\">\u00a0<\/p>\n<p style=\"text-align: justify;\">\u00a0<\/p>\n<p class=\"Tabela_Texto_Centralizado\" style=\"text-align: center;\"><strong>Des. EDER PONTES DA SILVA<\/strong><\/p>\n<p class=\"Tabela_Texto_Centralizado\" style=\"text-align: center;\">Supervisor das Varas Criminais e Execu\u00e7\u00f5es Penais<\/p>\n<p class=\"Tabela_Texto_Centralizado\" style=\"text-align: center;\">Supervisor do Grupo de Monitoramento e Fiscaliza\u00e7\u00e3o do Sistema Carcer\u00e1rio<\/p>\n","protected":false},"excerpt":{"rendered":"<p>PODER JUDICI\u00c1RIO DO ESTADO DO ESP\u00cdRITO SANTO &#8211; PJES RUA DESEMBARGADOR HOMERO MAFRA,60 &#8211; Bairro ENSEADA DO SU\u00c1 &#8211; CEP 29050906 &#8211; Vit\u00f3ria &#8211; ES &#8211; www.tjes.jus.br TRIBUNAL DE JUSTICA DO ESPIRITO SANTOSECAO DE APOIO A COORDENADORIA DAS VARAS CRIMINAIS E DAS VARAS DE EXECUCOES PENAIS \u00a0 ATO NORMATIVO CONJUNTO N\u00ba 013, DE 05 DE [&hellip;]<\/p>\n","protected":false},"author":19,"featured_media":0,"comment_status":"closed","ping_status":"closed","sticky":false,"template":"","format":"standard","meta":{"footnotes":""},"categories":[4,14],"tags":[],"_links":{"self":[{"href":"https:\/\/www.tjes.jus.br\/corregedoria\/wp-json\/wp\/v2\/posts\/46526"}],"collection":[{"href":"https:\/\/www.tjes.jus.br\/corregedoria\/wp-json\/wp\/v2\/posts"}],"about":[{"href":"https:\/\/www.tjes.jus.br\/corregedoria\/wp-json\/wp\/v2\/types\/post"}],"author":[{"embeddable":true,"href":"https:\/\/www.tjes.jus.br\/corregedoria\/wp-json\/wp\/v2\/users\/19"}],"replies":[{"embeddable":true,"href":"https:\/\/www.tjes.jus.br\/corregedoria\/wp-json\/wp\/v2\/comments?post=46526"}],"version-history":[{"count":2,"href":"https:\/\/www.tjes.jus.br\/corregedoria\/wp-json\/wp\/v2\/posts\/46526\/revisions"}],"predecessor-version":[{"id":46529,"href":"https:\/\/www.tjes.jus.br\/corregedoria\/wp-json\/wp\/v2\/posts\/46526\/revisions\/46529"}],"wp:attachment":[{"href":"https:\/\/www.tjes.jus.br\/corregedoria\/wp-json\/wp\/v2\/media?parent=46526"}],"wp:term":[{"taxonomy":"category","embeddable":true,"href":"https:\/\/www.tjes.jus.br\/corregedoria\/wp-json\/wp\/v2\/categories?post=46526"},{"taxonomy":"post_tag","embeddable":true,"href":"https:\/\/www.tjes.jus.br\/corregedoria\/wp-json\/wp\/v2\/tags?post=46526"}],"curies":[{"name":"wp","href":"https:\/\/api.w.org\/{rel}","templated":true}]}}