{"id":46535,"date":"2026-03-10T14:10:08","date_gmt":"2026-03-10T17:10:08","guid":{"rendered":"https:\/\/www.tjes.jus.br\/corregedoria\/?p=46535"},"modified":"2026-03-10T14:12:22","modified_gmt":"2026-03-10T17:12:22","slug":"oficio-circular-cgjes-3086922-2026-disp-10-03-2026","status":"publish","type":"post","link":"https:\/\/www.tjes.jus.br\/corregedoria\/2026\/03\/10\/oficio-circular-cgjes-3086922-2026-disp-10-03-2026\/","title":{"rendered":"OF\u00cdCIO CIRCULAR CGJES\u00a03106426\/2026 \u2013 DISP. 10\/03\/2026"},"content":{"rendered":"\n<p class=\"Texto_Centralizado\" style=\"text-align: center;\"><strong>PODER JUDICI\u00c1RIO DO ESTADO DO ESP\u00cdRITO SANTO &#8211; PJES<\/strong><\/p>\n<p class=\"Texto_Centralizado\" style=\"text-align: center;\"><strong>CORREGEDORIA GERAL DA\u00a0JUSTI\u00c7A<\/strong><\/p>\n<p class=\"Texto_Cabe\u00e7alho\" style=\"text-align: center;\">Av. Jo\u00e3o Batista Parra, n\u00ba\u00a0320, Enseada do Su\u00e1 &#8211; Vit\u00f3ria\/ES<br \/>CEP: 29.050-375 &#8211;\u00a0Telefone: (27) 3145-3100<br \/>\u00a0<\/p>\n<p>\u00a0<\/p>\n<p class=\"Texto_Centralizado_Maiusculas\" style=\"text-align: center;\"><strong>OF\u00cdCIO CIRCULAR CGJES\u00a03106426\/7000416-39.2026.8.08.0000<\/strong><\/p>\n<p style=\"text-align: justify;\">\u00a0<\/p>\n<p class=\"Texto_Justificado\" style=\"text-align: justify;\">Aos(\u00c0s) Magistrados(as) do Estado do Esp\u00edrito Santo Assunto: Dispensa de inspe\u00e7\u00e3o judicial e extrajudicial \u2013 art. 13, \u00a710, do C\u00f3digo de Normas (reda\u00e7\u00e3o do Provimento CGJES n\u00ba 23\/2025).<\/p>\n<p style=\"text-align: justify;\">\u00a0<\/p>\n<p class=\"Texto_Justificado\" style=\"text-align: justify;\">Senhores(as) Ju\u00edzes(as),<\/p>\n<p style=\"text-align: justify;\">\u00a0<\/p>\n<p class=\"Texto_Justificado\" style=\"text-align: justify;\">Comunico que, nos termos do art. 13, \u00a7 10, do C\u00f3digo de Normas (com reda\u00e7\u00e3o conferida pelo Provimento CGJES n\u00ba 23\/2025, de 10\/12\/2025), as unidades judici\u00e1rias ficam dispensadas da realiza\u00e7\u00e3o de inspe\u00e7\u00f5es judiciais durante todas as etapas compreendidas entre a abertura e o arquivamento do processo de correi\u00e7\u00e3o, ainda que se estendam por mais de um exerc\u00edcio.<\/p>\n<p style=\"text-align: justify;\">\u00a0<\/p>\n<p class=\"Texto_Justificado\" style=\"text-align: justify;\">Quanto \u00e0s unidades dos servi\u00e7os extrajudiciais, a dispensa de inspe\u00e7\u00f5es somente se aplica quando a Comarca estiver submetida \u00e0 correi\u00e7\u00e3o na modelagem ordin\u00e1ria, conforme expressamente disp\u00f5e o referido \u00a710. Em raz\u00e3o disso, informo que est\u00e3o dispensadas de realizar inspe\u00e7\u00e3o (judicial e\/ou extrajudicial, conforme o caso) as unidades constantes da listagem anexa a este Of\u00edcio-Circular, elaborada com base nos processos de correi\u00e7\u00e3o em curso e na modelagem aplic\u00e1vel.<\/p>\n<p style=\"text-align: justify;\">\u00a0<\/p>\n<p class=\"Texto_Justificado\" style=\"text-align: justify;\">Esclare\u00e7o, ainda, que caso o(a) Juiz(a) j\u00e1 tenha baixado Portaria de inspe\u00e7\u00e3o e iniciado o respectivo processo no sistema SEI, poder\u00e1, se assim lhe convier, tornar sem efeito a Portaria, mediante peticionamento no pr\u00f3prio processo SEI, requerendo o arquivamento em raz\u00e3o da dispensa de inspe\u00e7\u00e3o comunicada neste expediente.<\/p>\n<p style=\"text-align: justify;\">\u00a0<\/p>\n<p class=\"Texto_Justificado\" style=\"text-align: justify;\">Atenciosamente,<\/p>\n<p style=\"text-align: justify;\">\u00a0<\/p>\n<p class=\"Tabela_Texto_Alinhado_Esquerda\" style=\"text-align: justify;\">Vit\u00f3ria\/ES, 06 de mar\u00e7o de 2026.<\/p>\n<p style=\"text-align: justify;\">\u00a0<\/p>\n<p style=\"text-align: justify;\">\u00a0<\/p>\n<p style=\"text-align: left;\">Desembargador\u00a0<strong>EWERTON SCHWAB PINTO JUNIOR<\/strong><\/p>\n<p class=\"Texto_Centralizado\" style=\"text-align: center;\"><strong>Corregedor Geral da Justi\u00e7a<\/strong><\/p>\n<p style=\"text-align: justify;\">\u00a0<\/p>\n<p style=\"text-align: justify;\"><strong><a href=\"https:\/\/sistemas.tjes.jus.br\/ediario\/images\/CORREGEDORIA_1.pdf\">ANEXO &#8211; CLIQUE AQUI<\/a><\/strong><\/p>\n","protected":false},"excerpt":{"rendered":"<p>PODER JUDICI\u00c1RIO DO ESTADO DO ESP\u00cdRITO SANTO &#8211; PJES CORREGEDORIA GERAL DA\u00a0JUSTI\u00c7A Av. Jo\u00e3o Batista Parra, n\u00ba\u00a0320, Enseada do Su\u00e1 &#8211; Vit\u00f3ria\/ESCEP: 29.050-375 &#8211;\u00a0Telefone: (27) 3145-3100\u00a0 \u00a0 OF\u00cdCIO CIRCULAR CGJES\u00a03106426\/7000416-39.2026.8.08.0000 \u00a0 Aos(\u00c0s) Magistrados(as) do Estado do Esp\u00edrito Santo Assunto: Dispensa de inspe\u00e7\u00e3o judicial e extrajudicial \u2013 art. 13, \u00a710, do C\u00f3digo de Normas (reda\u00e7\u00e3o do [&hellip;]<\/p>\n","protected":false},"author":19,"featured_media":0,"comment_status":"closed","ping_status":"closed","sticky":false,"template":"","format":"standard","meta":{"footnotes":""},"categories":[14,5],"tags":[],"_links":{"self":[{"href":"https:\/\/www.tjes.jus.br\/corregedoria\/wp-json\/wp\/v2\/posts\/46535"}],"collection":[{"href":"https:\/\/www.tjes.jus.br\/corregedoria\/wp-json\/wp\/v2\/posts"}],"about":[{"href":"https:\/\/www.tjes.jus.br\/corregedoria\/wp-json\/wp\/v2\/types\/post"}],"author":[{"embeddable":true,"href":"https:\/\/www.tjes.jus.br\/corregedoria\/wp-json\/wp\/v2\/users\/19"}],"replies":[{"embeddable":true,"href":"https:\/\/www.tjes.jus.br\/corregedoria\/wp-json\/wp\/v2\/comments?post=46535"}],"version-history":[{"count":3,"href":"https:\/\/www.tjes.jus.br\/corregedoria\/wp-json\/wp\/v2\/posts\/46535\/revisions"}],"predecessor-version":[{"id":46540,"href":"https:\/\/www.tjes.jus.br\/corregedoria\/wp-json\/wp\/v2\/posts\/46535\/revisions\/46540"}],"wp:attachment":[{"href":"https:\/\/www.tjes.jus.br\/corregedoria\/wp-json\/wp\/v2\/media?parent=46535"}],"wp:term":[{"taxonomy":"category","embeddable":true,"href":"https:\/\/www.tjes.jus.br\/corregedoria\/wp-json\/wp\/v2\/categories?post=46535"},{"taxonomy":"post_tag","embeddable":true,"href":"https:\/\/www.tjes.jus.br\/corregedoria\/wp-json\/wp\/v2\/tags?post=46535"}],"curies":[{"name":"wp","href":"https:\/\/api.w.org\/{rel}","templated":true}]}}