{"id":46551,"date":"2026-03-12T13:28:25","date_gmt":"2026-03-12T16:28:25","guid":{"rendered":"https:\/\/www.tjes.jus.br\/corregedoria\/?p=46551"},"modified":"2026-03-12T13:29:28","modified_gmt":"2026-03-12T16:29:28","slug":"ato-normativo-no-041-2026-disp-12-03-2026","status":"publish","type":"post","link":"https:\/\/www.tjes.jus.br\/corregedoria\/2026\/03\/12\/ato-normativo-no-041-2026-disp-12-03-2026\/","title":{"rendered":"ATO NORMATIVO N\u00ba 041\/2026 \u2013 DISP. 12\/03\/2026"},"content":{"rendered":"\n<div class=\"override-text\" align=\"center\">\n<p style=\"text-align: center;\">PODER JUDICI\u00c1RIO DO ESTADO DO ESP\u00cdRITO SANTO &#8211; PJES<\/p>\n<p style=\"text-align: center;\">RUA DESEMBARGADOR HOMERO MAFRA,60 &#8211; Bairro ENSEADA DO SU\u00c1 &#8211; CEP 29050906 &#8211; Vit\u00f3ria &#8211; ES &#8211; www.tjes.jus.br<\/p>\n<\/div>\n<p style=\"text-align: justify;\">\u00a0<\/p>\n<p style=\"text-align: justify;\">\u00a0<\/p>\n<p class=\"Texto_Centralizado_Maiusculas\" style=\"text-align: center;\"><strong>ATO NORMATIVO N\u00ba 041\/2026<\/strong><\/p>\n<p style=\"text-align: justify;\">\u00a0<\/p>\n<p style=\"text-align: justify;\">\u00a0<\/p>\n<p class=\"Tabela_Texto_Alinhado_Direita\" style=\"text-align: justify;\">Cria o N\u00facleo de Apoio \u00e0s Comiss\u00f5es Estrat\u00e9gicas do Poder Judici\u00e1rio do Estado do Esp\u00edrito Santo (NACE-PJES), define sua coordena\u00e7\u00e3o, estrutura m\u00ednima e atribui\u00e7\u00f5es, e d\u00e1 outras provid\u00eancias.<\/p>\n<p style=\"text-align: justify;\"><br \/>\u00a0<\/p>\n<p style=\"text-align: justify;\">A PRESIDENTE DO TRIBUNAL DE JUSTI\u00c7A DO ESTADO DO ESP\u00cdRITO SANTO, Desembargadora JANETE VARGAS SIM\u00d5ES, no uso de suas atribui\u00e7\u00f5es legais e regimentais,<\/p>\n<p style=\"text-align: justify;\">\u00a0<\/p>\n<p class=\"Texto_Justificado\" style=\"text-align: justify;\">CONSIDERANDO a necessidade de fortalecer, no \u00e2mbito do Poder Judici\u00e1rio estadual, mecanismos permanentes de governan\u00e7a, monitoramento e suporte t\u00e9cnico-administrativo \u00e0s inst\u00e2ncias colegiadas estrat\u00e9gicas, com racionaliza\u00e7\u00e3o de rotinas, padroniza\u00e7\u00e3o de registros e incremento de efici\u00eancia;<\/p>\n<p style=\"text-align: justify;\">\u00a0<\/p>\n<p class=\"Texto_Justificado\" style=\"text-align: justify;\">CONSIDERANDO a diretriz nacional de aten\u00e7\u00e3o priorit\u00e1ria ao Primeiro Grau de Jurisdi\u00e7\u00e3o, bem como a necessidade de aprimorar a aloca\u00e7\u00e3o de recursos e a coordena\u00e7\u00e3o institucional voltadas \u00e0 melhoria da presta\u00e7\u00e3o jurisdicional;<\/p>\n<p style=\"text-align: justify;\">\u00a0<\/p>\n<p class=\"Texto_Justificado\" style=\"text-align: justify;\">CONSIDERANDO que a adequada gest\u00e3o or\u00e7ament\u00e1ria e o planejamento institucional demandam acompanhamento sistem\u00e1tico de metas, projetos, indicadores e entregas, com suporte est\u00e1vel \u00e0s estruturas colegiadas respons\u00e1veis por delibera\u00e7\u00f5es estrat\u00e9gicas;<\/p>\n<p style=\"text-align: justify;\">\u00a0<\/p>\n<p class=\"Texto_Justificado\" style=\"text-align: justify;\">CONSIDERANDO a relev\u00e2ncia permanente das pol\u00edticas judici\u00e1rias de sustentabilidade, acessibilidade e inclus\u00e3o, preven\u00e7\u00e3o e enfrentamento do ass\u00e9dio e da discrimina\u00e7\u00e3o, equidade racial com procedimentos de heteroidentifica\u00e7\u00e3o, solu\u00e7\u00f5es fundi\u00e1rias, e coopera\u00e7\u00e3o judici\u00e1ria, as quais requerem documenta\u00e7\u00e3o, evid\u00eancias, integra\u00e7\u00e3o de dados e apoio operacional cont\u00ednuo;<\/p>\n<p style=\"text-align: justify;\">\u00a0<\/p>\n<p class=\"Texto_Justificado\" style=\"text-align: justify;\">CONSIDERANDO a Resolu\u00e7\u00e3o n\u00ba 400, de 16 de junho de 2021, do Conselho Nacional de Justi\u00e7a, que disp\u00f5e sobre a pol\u00edtica de sustentabilidade no \u00e2mbito do Poder Judici\u00e1rio;<\/p>\n<p style=\"text-align: justify;\">\u00a0<\/p>\n<p class=\"Texto_Justificado\" style=\"text-align: justify;\">CONSIDERANDO a Resolu\u00e7\u00e3o n\u00ba 594, de 08 de novembro de 2024, do Conselho Nacional de Justi\u00e7a, que instituiu o Programa Carbono Zero;<\/p>\n<p style=\"text-align: justify;\">\u00a0<\/p>\n<p class=\"Texto_Justificado\" style=\"text-align: justify;\">CONSIDERANDO, por fim, que a centraliza\u00e7\u00e3o do secretariamento e do apoio t\u00e9cnico dessas inst\u00e2ncias, em unidade espec\u00edfica, promove uniformidade metodol\u00f3gica, continuidade administrativa e maior capacidade de execu\u00e7\u00e3o, com atua\u00e7\u00e3o orientada a resultados e, prioritariamente, ao fortalecimento do Primeiro Grau;<\/p>\n<p style=\"text-align: justify;\">\u00a0<\/p>\n<p class=\"Texto_Justificado\" style=\"text-align: justify;\"><br \/><strong>RESOLVE<\/strong>:<\/p>\n<p style=\"text-align: justify;\">\u00a0<\/p>\n<p class=\"Texto_Justificado\" style=\"text-align: justify;\"><strong>Art. 1\u00ba\u00a0<\/strong>Fica criado, no \u00e2mbito do Tribunal de Justi\u00e7a do Estado do Esp\u00edrito Santo, o N\u00facleo de Apoio \u00e0s Comiss\u00f5es Estrat\u00e9gicas do Poder Judici\u00e1rio (NACE-PJES), com a finalidade de prestar suporte t\u00e9cnico-administrativo continuado, especialmente quanto ao secretariamento, organiza\u00e7\u00e3o documental, acompanhamento de delibera\u00e7\u00f5es, monitoramento de planos de a\u00e7\u00e3o e consolida\u00e7\u00e3o de evid\u00eancias, prioritariamente \u00e0s seguintes inst\u00e2ncias colegiadas e estruturas de governan\u00e7a:<\/p>\n<p style=\"text-align: justify;\">\u00a0<\/p>\n<p class=\"Texto_Justificado\" style=\"text-align: justify;\">I \u2013 Comit\u00ea Gestor Or\u00e7ament\u00e1rio e de Aten\u00e7\u00e3o ao Primeiro Grau;<\/p>\n<p style=\"text-align: justify;\">\u00a0<\/p>\n<p class=\"Texto_Justificado\" style=\"text-align: justify;\">II \u2013 Comiss\u00e3o Gestora do Plano de Log\u00edstica Sustent\u00e1vel (CGPLS);<\/p>\n<p style=\"text-align: justify;\">\u00a0<\/p>\n<p class=\"Texto_Justificado\" style=\"text-align: justify;\">III \u2013 Comiss\u00e3o de Acessibilidade e Inclus\u00e3o;<\/p>\n<p style=\"text-align: justify;\">\u00a0<\/p>\n<p class=\"Texto_Justificado\" style=\"text-align: justify;\">IV \u2013 Comiss\u00e3o de Preven\u00e7\u00e3o e Combate do Ass\u00e9dio Moral, do Ass\u00e9dio Sexual e da Discrimina\u00e7\u00e3o de 1\u00ba e 2\u00ba Graus;<\/p>\n<p style=\"text-align: justify;\">\u00a0<\/p>\n<p class=\"Texto_Justificado\" style=\"text-align: justify;\">V \u2013 Comiss\u00e3o de Heteroidentifica\u00e7\u00e3o;<\/p>\n<p style=\"text-align: justify;\">\u00a0<\/p>\n<p class=\"Texto_Justificado\" style=\"text-align: justify;\">VI \u2013 Comiss\u00e3o Regional de Solu\u00e7\u00f5es Fundi\u00e1rias;<\/p>\n<p style=\"text-align: justify;\">\u00a0<\/p>\n<p class=\"Texto_Justificado\" style=\"text-align: justify;\">VII \u2013 N\u00facleo de Coopera\u00e7\u00e3o Judici\u00e1ria;<\/p>\n<p style=\"text-align: justify;\">\u00a0<\/p>\n<p class=\"Texto_Justificado\" style=\"text-align: justify;\">VIII &#8211; Unidade de Sustentabilidade.<\/p>\n<p style=\"text-align: justify;\">\u00a0<\/p>\n<p class=\"Texto_Justificado\" style=\"text-align: justify;\">\u00a7 1\u00ba O NACE-PJES atuar\u00e1 sem substitui\u00e7\u00e3o das compet\u00eancias deliberativas dos colegiados e estruturas referidos no caput, limitando-se ao apoio t\u00e9cnico-administrativo e \u00e0 organiza\u00e7\u00e3o dos fluxos necess\u00e1rios ao seu regular funcionamento.<\/p>\n<p style=\"text-align: justify;\">\u00a0<\/p>\n<p class=\"Texto_Justificado\" style=\"text-align: justify;\">\u00a7 2\u00ba O NACE-PJES ser\u00e1 coordenado por um Desembargador designado pela Presid\u00eancia, a quem caber\u00e1 orientar a atua\u00e7\u00e3o do N\u00facleo, articular o relacionamento institucional com os colegiados apoiados e zelar pela observ\u00e2ncia da diretriz de apoio priorit\u00e1rio ao Primeiro Grau, sem preju\u00edzo das compet\u00eancias da Presid\u00eancia.<\/p>\n<p style=\"text-align: justify;\">\u00a0<\/p>\n<p class=\"Texto_Justificado\" style=\"text-align: justify;\"><strong>\u00a7 3\u00ba\u00a0<\/strong>O NACE-PJES tamb\u00e9m prestar\u00e1 apoio a eventuais comiss\u00f5es permanentes que vierem a ser criadas por for\u00e7a de atos normativos e resolu\u00e7\u00f5es deste Tribunal de Justi\u00e7a e do Conselho Nacional de Justi\u00e7a.<\/p>\n<p style=\"text-align: justify;\">\u00a0<\/p>\n<p class=\"Texto_Justificado\" style=\"text-align: justify;\"><strong>Art. 2\u00ba\u00a0<\/strong>Ao NACE-PJES compete, no \u00e2mbito de sua finalidade e em apoio aos colegiados e estruturas indicados no art. 1\u00ba, especialmente:<\/p>\n<p style=\"text-align: justify;\">\u00a0<\/p>\n<p class=\"Texto_Justificado\" style=\"text-align: justify;\">I \u2013 organizar agendas, pautas, convoca\u00e7\u00f5es, listas de presen\u00e7a, atas, mem\u00f3rias de reuni\u00e3o e delibera\u00e7\u00f5es, providenciando a adequada formaliza\u00e7\u00e3o e arquivamento;<\/p>\n<p style=\"text-align: justify;\">\u00a0<\/p>\n<p class=\"Texto_Justificado\" style=\"text-align: justify;\">II \u2013 sistematizar e acompanhar planos de a\u00e7\u00e3o, metas, projetos, indicadores e entregas, com registros de respons\u00e1veis, prazos, status de execu\u00e7\u00e3o e apontamento de pend\u00eancias;<\/p>\n<p style=\"text-align: justify;\">\u00a0<\/p>\n<p class=\"Texto_Justificado\" style=\"text-align: justify;\">III \u2013 elaborar relat\u00f3rios executivos, notas t\u00e9cnicas e minutas de documentos correlatos, quando demandado pelas coordena\u00e7\u00f5es dos colegiados apoiados, inclusive para consolida\u00e7\u00e3o de resultados e presta\u00e7\u00e3o de contas interna;<\/p>\n<p style=\"text-align: justify;\">\u00a0<\/p>\n<p class=\"Texto_Justificado\" style=\"text-align: justify;\">IV \u2013 promover a integra\u00e7\u00e3o de informa\u00e7\u00f5es entre unidades administrativas e jurisdicionais envolvidas, assegurando fluxos de comunica\u00e7\u00e3o e consolida\u00e7\u00e3o de dados necess\u00e1rios \u00e0 execu\u00e7\u00e3o das delibera\u00e7\u00f5es;<\/p>\n<p style=\"text-align: justify;\">\u00a0<\/p>\n<p class=\"Texto_Justificado\" style=\"text-align: justify;\">V \u2013 manter reposit\u00f3rio organizado de delibera\u00e7\u00f5es, documentos, evid\u00eancias e pe\u00e7as t\u00e9cnicas, assegurando rastreabilidade, transpar\u00eancia interna e continuidade administrativa;<\/p>\n<p style=\"text-align: justify;\">\u00a0<\/p>\n<p class=\"Texto_Justificado\" style=\"text-align: justify;\">VI \u2013 apoiar a coleta, consolida\u00e7\u00e3o e qualifica\u00e7\u00e3o de dados necess\u00e1rios ao monitoramento das pol\u00edticas institucionais abrangidas (or\u00e7amento e aten\u00e7\u00e3o ao Primeiro Grau; sustentabilidade\/PLS; acessibilidade e inclus\u00e3o; preven\u00e7\u00e3o e enfrentamento do ass\u00e9dio e discrimina\u00e7\u00e3o; heteroidentifica\u00e7\u00e3o; solu\u00e7\u00f5es fundi\u00e1rias; coopera\u00e7\u00e3o judici\u00e1ria), inclusive por meio de rotinas padronizadas;<\/p>\n<p style=\"text-align: justify;\">\u00a0<\/p>\n<p class=\"Texto_Justificado\" style=\"text-align: justify;\">VII \u2013 propor e manter modelos, fluxos e checklists para padroniza\u00e7\u00e3o de documentos, periodicidade de reuni\u00f5es, formatos de relat\u00f3rios, instrumentos de acompanhamento e mecanismos de evid\u00eancia de execu\u00e7\u00e3o, submetendo-os \u00e0 aprecia\u00e7\u00e3o das coordena\u00e7\u00f5es competentes;<\/p>\n<p style=\"text-align: justify;\">\u00a0<\/p>\n<p class=\"Texto_Justificado\" style=\"text-align: justify;\">VIII \u2013 priorizar, no planejamento e na execu\u00e7\u00e3o de suas atividades, \u00e0s demandas e provid\u00eancias relacionadas \u00e0 melhoria da presta\u00e7\u00e3o jurisdicional e ao fortalecimento estrutural do Primeiro Grau, em conson\u00e2ncia com o Comit\u00ea Gestor Or\u00e7ament\u00e1rio e de Aten\u00e7\u00e3o ao Primeiro Grau e com as diretrizes da Presid\u00eancia.<\/p>\n<p style=\"text-align: justify;\">\u00a0<\/p>\n<p class=\"Texto_Justificado\" style=\"text-align: justify;\">Par\u00e1grafo \u00fanico. O NACE-PJES poder\u00e1, observado o devido fluxo administrativo e a governan\u00e7a interna, solicitar informa\u00e7\u00f5es e subs\u00eddios t\u00e9cnicos \u00e0s unidades competentes, estritamente na medida necess\u00e1ria ao cumprimento de suas atribui\u00e7\u00f5es de apoio.<\/p>\n<p style=\"text-align: justify;\">\u00a0<\/p>\n<p class=\"Texto_Justificado\" style=\"text-align: justify;\"><strong>Art. 3\u00ba<\/strong>\u00a0A estrutura m\u00ednima do NACE-PJES ser\u00e1 composta por:<\/p>\n<p style=\"text-align: justify;\">\u00a0<\/p>\n<p class=\"Texto_Justificado\" style=\"text-align: justify;\">I \u2013 01 (um) servidor efetivo, que exercer\u00e1 a gest\u00e3o administrativa da unidade;<\/p>\n<p style=\"text-align: justify;\">\u00a0<\/p>\n<p class=\"Texto_Justificado\" style=\"text-align: justify;\">II \u2013 02 (dois) Assessores;<\/p>\n<p style=\"text-align: justify;\">\u00a0<\/p>\n<p class=\"Texto_Justificado\" style=\"text-align: justify;\">III \u2013 01 (um) Residente Jur\u00eddico;<\/p>\n<p style=\"text-align: justify;\">\u00a0<\/p>\n<p class=\"Texto_Justificado\" style=\"text-align: justify;\">IV \u2013 01 (um) Estagi\u00e1rio de gradua\u00e7\u00e3o.<\/p>\n<p style=\"text-align: justify;\">\u00a0<\/p>\n<p class=\"Texto_Justificado\" style=\"text-align: justify;\">\u00a7 1\u00ba A aloca\u00e7\u00e3o, designa\u00e7\u00e3o e eventual substitui\u00e7\u00e3o dos integrantes observar\u00e3o os atos pr\u00f3prios de gest\u00e3o de pessoas, sem preju\u00edzo da continuidade dos trabalhos.<\/p>\n<p style=\"text-align: justify;\">\u00a0<\/p>\n<p class=\"Texto_Justificado\" style=\"text-align: justify;\">\u00a7 2\u00ba O funcionamento do N\u00facleo dar-se-\u00e1, preferencialmente, mediante remanejamento interno de for\u00e7a de trabalho, vedada a cria\u00e7\u00e3o de despesa nova sem a observ\u00e2ncia dos procedimentos administrativos e or\u00e7ament\u00e1rios pertinentes.<\/p>\n<p style=\"text-align: justify;\">\u00a0<\/p>\n<p class=\"Texto_Justificado\" style=\"text-align: justify;\">\u00a7 3\u00ba Compete ao servidor efetivo referido no inciso I assegurar a regularidade administrativa do NACE-PJES, incluindo organiza\u00e7\u00e3o interna, controle de tramita\u00e7\u00e3o e registros, sem preju\u00edzo da coordena\u00e7\u00e3o prevista no \u00a7 2\u00ba do art. 1\u00ba.<\/p>\n<p style=\"text-align: justify;\">\u00a0<\/p>\n<p class=\"Texto_Justificado\" style=\"text-align: justify;\">\u00a7 4\u00ba Dois dos servidores indicados nos incisos acima atuar\u00e3o de forma exclusiva junto \u00e0 Unidade de Sustentabilidade para fins de cumprimento dos termos da Resolu\u00e7\u00e3o CNJ 400\/2021.<\/p>\n<p style=\"text-align: justify;\">\u00a0<\/p>\n<p class=\"Texto_Justificado\" style=\"text-align: justify;\"><strong>Art. 4\u00ba<\/strong>\u00a0O NACE-PJES atuar\u00e1 em articula\u00e7\u00e3o com as unidades administrativas e jurisdicionais competentes, podendo operar, conforme orienta\u00e7\u00f5es da coordena\u00e7\u00e3o, como ponto focal de integra\u00e7\u00e3o dos fluxos de informa\u00e7\u00e3o necess\u00e1rios ao suporte dos colegiados listados no art. 1\u00ba.<\/p>\n<p class=\"Texto_Justificado\" style=\"text-align: justify;\"><br \/><strong>Art. 5\u00ba<\/strong>\u00a0Os colegiados e estruturas apoiados poder\u00e3o aprovar, no \u00e2mbito de suas atribui\u00e7\u00f5es, rotinas operacionais e fluxos de trabalho para padroniza\u00e7\u00e3o de documentos, periodicidade de reuni\u00f5es, formatos de relat\u00f3rios e instrumentos de acompanhamento, os quais ser\u00e3o executados, atualizados e mantidos pelo NACE-PJES, sob orienta\u00e7\u00e3o de sua coordena\u00e7\u00e3o.<\/p>\n<p class=\"Texto_Justificado\" style=\"text-align: justify;\"><br \/><strong>Art.\u00a0<\/strong><strong>6\u00ba<\/strong>\u00a0Este Ato Normativo entra em vigor na data de sua publica\u00e7\u00e3o.<\/p>\n<p class=\"Texto_Justificado\" style=\"text-align: justify;\"><br \/>Publique-se. Cumpra-se.<\/p>\n<p class=\"Texto_Justificado\" style=\"text-align: justify;\"><br \/>Vit\u00f3ria\/ES, 11 de mar\u00e7o de 2026.<\/p>\n<p style=\"text-align: justify;\"><br \/>\u00a0<\/p>\n<p style=\"text-align: justify;\">\u00a0<\/p>\n<p style=\"text-align: justify;\">\u00a0<\/p>\n<p style=\"text-align: center;\" align=\"center\"><strong>Desembargadora JANETE VARGAS SIM\u00d5ES<\/strong><\/p>\n<p style=\"text-align: center;\" align=\"center\">Presidente do Tribunal de Justi\u00e7a do Estado do Esp\u00edrito Santo<\/p>\n","protected":false},"excerpt":{"rendered":"<p>PODER JUDICI\u00c1RIO DO ESTADO DO ESP\u00cdRITO SANTO &#8211; PJES RUA DESEMBARGADOR HOMERO MAFRA,60 &#8211; Bairro ENSEADA DO SU\u00c1 &#8211; CEP 29050906 &#8211; Vit\u00f3ria &#8211; ES &#8211; www.tjes.jus.br \u00a0 \u00a0 ATO NORMATIVO N\u00ba 041\/2026 \u00a0 \u00a0 Cria o N\u00facleo de Apoio \u00e0s Comiss\u00f5es Estrat\u00e9gicas do Poder Judici\u00e1rio do Estado do Esp\u00edrito Santo (NACE-PJES), define sua coordena\u00e7\u00e3o, [&hellip;]<\/p>\n","protected":false},"author":19,"featured_media":0,"comment_status":"closed","ping_status":"closed","sticky":false,"template":"","format":"standard","meta":{"footnotes":""},"categories":[4,14],"tags":[],"_links":{"self":[{"href":"https:\/\/www.tjes.jus.br\/corregedoria\/wp-json\/wp\/v2\/posts\/46551"}],"collection":[{"href":"https:\/\/www.tjes.jus.br\/corregedoria\/wp-json\/wp\/v2\/posts"}],"about":[{"href":"https:\/\/www.tjes.jus.br\/corregedoria\/wp-json\/wp\/v2\/types\/post"}],"author":[{"embeddable":true,"href":"https:\/\/www.tjes.jus.br\/corregedoria\/wp-json\/wp\/v2\/users\/19"}],"replies":[{"embeddable":true,"href":"https:\/\/www.tjes.jus.br\/corregedoria\/wp-json\/wp\/v2\/comments?post=46551"}],"version-history":[{"count":2,"href":"https:\/\/www.tjes.jus.br\/corregedoria\/wp-json\/wp\/v2\/posts\/46551\/revisions"}],"predecessor-version":[{"id":46553,"href":"https:\/\/www.tjes.jus.br\/corregedoria\/wp-json\/wp\/v2\/posts\/46551\/revisions\/46553"}],"wp:attachment":[{"href":"https:\/\/www.tjes.jus.br\/corregedoria\/wp-json\/wp\/v2\/media?parent=46551"}],"wp:term":[{"taxonomy":"category","embeddable":true,"href":"https:\/\/www.tjes.jus.br\/corregedoria\/wp-json\/wp\/v2\/categories?post=46551"},{"taxonomy":"post_tag","embeddable":true,"href":"https:\/\/www.tjes.jus.br\/corregedoria\/wp-json\/wp\/v2\/tags?post=46551"}],"curies":[{"name":"wp","href":"https:\/\/api.w.org\/{rel}","templated":true}]}}