{"id":46555,"date":"2026-03-13T13:11:16","date_gmt":"2026-03-13T16:11:16","guid":{"rendered":"https:\/\/www.tjes.jus.br\/corregedoria\/?p=46555"},"modified":"2026-03-13T13:13:45","modified_gmt":"2026-03-13T16:13:45","slug":"ato-normativo-no-042-2026-disp-13-03-2026","status":"publish","type":"post","link":"https:\/\/www.tjes.jus.br\/corregedoria\/2026\/03\/13\/ato-normativo-no-042-2026-disp-13-03-2026\/","title":{"rendered":"ATO NORMATIVO N\u00ba 042\/2026 \u2013 DISP. 13\/03\/2026"},"content":{"rendered":"\n<div class=\"override-text\" align=\"center\">\n<p style=\"text-align: center;\">PODER JUDICI\u00c1RIO DO ESTADO DO ESP\u00cdRITO SANTO &#8211; PJES<\/p>\n<p style=\"text-align: center;\">RUA DESEMBARGADOR HOMERO MAFRA,60 &#8211; Bairro ENSEADA DO SU\u00c1 &#8211; CEP 29050906 &#8211; Vit\u00f3ria &#8211; ES &#8211; www.tjes.jus.br<\/p>\n<\/div>\n<p class=\"Texto_Centralizado_Maiusculas\" style=\"text-align: justify;\">\u00a0<\/p>\n<p class=\"Texto_Centralizado\" style=\"text-align: center;\"><strong data-end=\"257\" data-start=\"227\">ATO NORMATIVO N\u00ba 042\/2026<\/strong><\/p>\n<p style=\"text-align: justify;\">\u00a0<\/p>\n<p class=\"Texto_Justificado\" style=\"text-align: justify;\" data-pm-slice=\"1 1 []\">A PRESIDENTE DO TRIBUNAL DE JUSTI\u00c7A DO ESTADO DO ESP\u00cdRITO SANTO, no uso de suas atribui\u00e7\u00f5es legais e regimentais,<\/p>\n<p style=\"text-align: justify;\">\u00a0<\/p>\n<p class=\"Texto_Justificado\" style=\"text-align: justify;\">CONSIDERANDO a implementa\u00e7\u00e3o das Secretarias Inteligente no Poder Judici\u00e1rio do Estado do Esp\u00edrito Santo;<\/p>\n<p style=\"text-align: justify;\">\u00a0<\/p>\n<p class=\"Texto_Justificado\" style=\"text-align: justify;\">CONSIDERANDO que, inicialmente, as designa\u00e7\u00f5es de magistrados para a fun\u00e7\u00e3o de Coordenador das Secretarias Inteligentes eram formalizadas por meio de atos normativos;<\/p>\n<p style=\"text-align: justify;\">\u00a0<\/p>\n<p class=\"Texto_Justificado\" style=\"text-align: justify;\">CONSIDERANDO que, por determina\u00e7\u00e3o da Presid\u00eancia deste Tribunal, as referidas designa\u00e7\u00f5es passaram a ser realizadas por meio de of\u00edcio de designa\u00e7\u00e3o;<\/p>\n<p style=\"text-align: justify;\">\u00a0<\/p>\n<p class=\"Texto_Justificado\" style=\"text-align: justify;\">CONSIDERANDO a necessidade de adequa\u00e7\u00e3o dos atos normativos anteriormente expedidos \u00e0 nova forma de designa\u00e7\u00e3o,<\/p>\n<p style=\"text-align: justify;\">\u00a0<\/p>\n<p class=\"Texto_Justificado\" style=\"text-align: justify;\">RESOLVE:<\/p>\n<p style=\"text-align: justify;\">\u00a0<\/p>\n<p class=\"Texto_Justificado\" style=\"text-align: justify;\">Art. 1\u00ba Revogar, a partir de 17 de mar\u00e7o de 2026, os termos do art. 1\u00ba, inc. V, do <a href=\"https:\/\/www.tjes.jus.br\/corregedoria\/2025\/03\/18\/ato-normativo-no-090-2025-disp-18-03-2025\/\">Ato Normativo n\u00ba 090\/2025<\/a>, que designou a Dra. Telmelita Guimar\u00e3es Alves como Coordenadora da 5\u00aa Secretaria Inteligente de Serra, em raz\u00e3o da designa\u00e7\u00e3o do Dr. Rodrigo Ferreira Miranda, por meio do Of\u00edcio DM n\u00ba 0425\/2026.<\/p>\n<p style=\"text-align: justify;\">\u00a0<\/p>\n<p class=\"Texto_Justificado\" style=\"text-align: justify;\">Art. 2\u00ba Este Ato Normativo entra em vigor na data de sua publica\u00e7\u00e3o.<\/p>\n<p style=\"text-align: justify;\">\u00a0<\/p>\n<p class=\"Texto_Justificado\" style=\"text-align: justify;\" data-end=\"3016\" data-start=\"2944\">Publique-se.<\/p>\n<p style=\"text-align: justify;\">\u00a0<\/p>\n<p class=\"Texto_Justificado\" style=\"text-align: justify;\" data-end=\"3016\" data-start=\"2944\">Vit\u00f3ria\/ES, 12 de mar\u00e7o de 2026.<\/p>\n<p style=\"text-align: justify;\">\u00a0<\/p>\n<p style=\"text-align: justify;\">\u00a0<\/p>\n<p class=\"Texto_Justificado\" style=\"text-align: center;\" data-end=\"3016\" data-start=\"2944\"><strong>Desembargadora Janete Vargas Sim\u00f5es<\/strong><\/p>\n<p class=\"Texto_Justificado\" style=\"text-align: center;\" data-end=\"3016\" data-start=\"2944\"><strong>Presidente<\/strong><\/p>\n","protected":false},"excerpt":{"rendered":"<p>PODER JUDICI\u00c1RIO DO ESTADO DO ESP\u00cdRITO SANTO &#8211; PJES RUA DESEMBARGADOR HOMERO MAFRA,60 &#8211; Bairro ENSEADA DO SU\u00c1 &#8211; CEP 29050906 &#8211; Vit\u00f3ria &#8211; ES &#8211; www.tjes.jus.br \u00a0 ATO NORMATIVO N\u00ba 042\/2026 \u00a0 A PRESIDENTE DO TRIBUNAL DE JUSTI\u00c7A DO ESTADO DO ESP\u00cdRITO SANTO, no uso de suas atribui\u00e7\u00f5es legais e regimentais, \u00a0 CONSIDERANDO a [&hellip;]<\/p>\n","protected":false},"author":19,"featured_media":0,"comment_status":"closed","ping_status":"closed","sticky":false,"template":"","format":"standard","meta":{"footnotes":""},"categories":[4,14],"tags":[],"_links":{"self":[{"href":"https:\/\/www.tjes.jus.br\/corregedoria\/wp-json\/wp\/v2\/posts\/46555"}],"collection":[{"href":"https:\/\/www.tjes.jus.br\/corregedoria\/wp-json\/wp\/v2\/posts"}],"about":[{"href":"https:\/\/www.tjes.jus.br\/corregedoria\/wp-json\/wp\/v2\/types\/post"}],"author":[{"embeddable":true,"href":"https:\/\/www.tjes.jus.br\/corregedoria\/wp-json\/wp\/v2\/users\/19"}],"replies":[{"embeddable":true,"href":"https:\/\/www.tjes.jus.br\/corregedoria\/wp-json\/wp\/v2\/comments?post=46555"}],"version-history":[{"count":2,"href":"https:\/\/www.tjes.jus.br\/corregedoria\/wp-json\/wp\/v2\/posts\/46555\/revisions"}],"predecessor-version":[{"id":46559,"href":"https:\/\/www.tjes.jus.br\/corregedoria\/wp-json\/wp\/v2\/posts\/46555\/revisions\/46559"}],"wp:attachment":[{"href":"https:\/\/www.tjes.jus.br\/corregedoria\/wp-json\/wp\/v2\/media?parent=46555"}],"wp:term":[{"taxonomy":"category","embeddable":true,"href":"https:\/\/www.tjes.jus.br\/corregedoria\/wp-json\/wp\/v2\/categories?post=46555"},{"taxonomy":"post_tag","embeddable":true,"href":"https:\/\/www.tjes.jus.br\/corregedoria\/wp-json\/wp\/v2\/tags?post=46555"}],"curies":[{"name":"wp","href":"https:\/\/api.w.org\/{rel}","templated":true}]}}