{"id":46565,"date":"2026-03-13T13:19:41","date_gmt":"2026-03-13T16:19:41","guid":{"rendered":"https:\/\/www.tjes.jus.br\/corregedoria\/?p=46565"},"modified":"2026-03-13T13:23:20","modified_gmt":"2026-03-13T16:23:20","slug":"ato-normativo-no-044-2026-disp-13-03-2026","status":"publish","type":"post","link":"https:\/\/www.tjes.jus.br\/corregedoria\/2026\/03\/13\/ato-normativo-no-044-2026-disp-13-03-2026\/","title":{"rendered":"ATO NORMATIVO N\u00ba 044\/2026 \u2013 DISP. 13\/03\/2026"},"content":{"rendered":"\n<div class=\"override-text\" align=\"center\">\n<p style=\"text-align: center;\">PODER JUDICI\u00c1RIO DO ESTADO DO ESP\u00cdRITO SANTO &#8211; PJES<\/p>\n<p style=\"text-align: center;\">RUA DESEMBARGADOR HOMERO MAFRA,60 &#8211; Bairro ENSEADA DO SU\u00c1 &#8211; CEP 29050906 &#8211; Vit\u00f3ria &#8211; ES &#8211; www.tjes.jus.br<\/p>\n<\/div>\n<p class=\"Texto_Centralizado_Maiusculas\" style=\"text-align: justify;\">\u00a0<\/p>\n<p class=\"Texto_Centralizado\" style=\"text-align: center;\"><strong>ATO NORMATIVO N\u00ba 044\/2026<\/strong><\/p>\n<p style=\"text-align: justify;\">\u00a0<\/p>\n<p class=\"Texto_Justificado_Recuo_Primeira_Linha\" style=\"text-align: justify;\"><strong>Designa a Ju\u00edza Gestora do Balc\u00e3o Virtual e servidora integrante para o acompanhamento e fiscaliza\u00e7\u00e3o do servi\u00e7o, nos termos do <a href=\"https:\/\/www.tjes.jus.br\/corregedoria\/2025\/04\/16\/ato-normativo-no-128-2025-disp-16-04-2025\/\">Ato Normativo n\u00ba 128\/2025<\/a>.<\/strong><\/p>\n<p style=\"text-align: justify;\">\u00a0<\/p>\n<p class=\"Texto_Justificado\" style=\"text-align: justify;\"><strong>A PRESIDENTE DO TRIBUNAL DE JUSTI\u00c7A DO ESTADO DO ESP\u00cdRITO SANTO<\/strong>, no uso de suas atribui\u00e7\u00f5es legais e regimentais, e\u00a0<\/p>\n<p style=\"text-align: justify;\">\u00a0<\/p>\n<p class=\"Texto_Justificado\" style=\"text-align: justify;\"><strong>CONSIDERANDO<\/strong>\u00a0os termos do <a href=\"https:\/\/www.tjes.jus.br\/corregedoria\/2024\/03\/18\/ato-normativo-no-038-2024-disp-11-03-2024\/\">Ato Normativo n\u00ba 038\/2024<\/a>, que instituiu e regulamentou o uso da plataforma de videoconfer\u00eancia denominada \u201cBalc\u00e3o Virtual\u201d no \u00e2mbito do Poder Judici\u00e1rio do Estado do Esp\u00edrito Santo;<\/p>\n<p style=\"text-align: justify;\">\u00a0<\/p>\n<p class=\"Texto_Justificado\" style=\"text-align: justify;\"><strong>CONSIDERANDO<\/strong> as altera\u00e7\u00f5es introduzidas pelo <strong><a href=\"https:\/\/www.tjes.jus.br\/corregedoria\/2025\/04\/16\/ato-normativo-no-128-2025-disp-16-04-2025\/\">Ato Normativo n\u00ba 128\/2025<\/a><\/strong>, que aprimorou o funcionamento do Balc\u00e3o Virtual e instituiu a figura do Juiz Gestor do atendimento e suas respectivas atribui\u00e7\u00f5es;<\/p>\n<p style=\"text-align: justify;\">\u00a0<\/p>\n<p class=\"Texto_Justificado\" style=\"text-align: justify;\"><strong>CONSIDERANDO<\/strong>\u00a0a necessidade de designa\u00e7\u00e3o de magistrado e servidor para a continuidade dos trabalhos de fiscaliza\u00e7\u00e3o, otimiza\u00e7\u00e3o da presta\u00e7\u00e3o jurisdicional e indicadores de desempenho;<\/p>\n<p style=\"text-align: justify;\">\u00a0<\/p>\n<p class=\"Texto_Justificado\" style=\"text-align: justify;\"><strong>RESOLVE:<\/strong><\/p>\n<p style=\"text-align: justify;\">\u00a0<\/p>\n<p class=\"Texto_Justificado\" style=\"text-align: justify;\"><strong>Art. 1\u00ba<\/strong>\u00a0\u2013 Designar, para a Gest\u00e3o do Balc\u00e3o Virtual, os seguintes membros:<\/p>\n<p style=\"text-align: justify;\">\u00a0<\/p>\n<p class=\"Texto_Justificado\" style=\"text-align: justify;\"><strong>I \u2013 Dra. GISELLE ONIGKEIT<\/strong>\u00a0\u2013 Ju\u00edza de Direito, na qualidade de Ju\u00edza Gestora;<\/p>\n<p style=\"text-align: justify;\">\u00a0<\/p>\n<p class=\"Texto_Justificado\" style=\"text-align: justify;\"><strong>II \u2013 LUCIOLA CRISTINA CONDE MESQUITA<\/strong>\u00a0\u2013 Servidora.<\/p>\n<p style=\"text-align: justify;\">\u00a0<\/p>\n<p class=\"Texto_Justificado\" style=\"text-align: justify;\"><strong>Art. 2\u00ba<\/strong> \u2013 Compete \u00e0 Ju\u00edza Gestora as atribui\u00e7\u00f5es previstas no art. 8\u00ba do <strong><a href=\"https:\/\/www.tjes.jus.br\/corregedoria\/2025\/04\/16\/ato-normativo-no-128-2025-disp-16-04-2025\/\">Ato Normativo n\u00ba 128\/2025<\/a><\/strong>, incluindo a fiscaliza\u00e7\u00e3o peri\u00f3dica das unidades judici\u00e1rias e a an\u00e1lise de relat\u00f3rios de desempenho.<\/p>\n<p style=\"text-align: justify;\">\u00a0<\/p>\n<p class=\"Texto_Justificado\" style=\"text-align: justify;\"><strong>Art. 3\u00ba<\/strong>\u00a0\u2013 Este Ato Normativo entra em vigor na data de sua publica\u00e7\u00e3o, revogando-se as disposi\u00e7\u00f5es em contr\u00e1rio.<\/p>\n<p style=\"text-align: justify;\">\u00a0<\/p>\n<p class=\"Texto_Justificado\" style=\"text-align: justify;\">Publique-se.<\/p>\n<p style=\"text-align: justify;\">\u00a0<\/p>\n<p style=\"text-align: justify;\">Vit\u00f3ria, 12 de mar\u00e7o de 2026.<\/p>\n<p style=\"text-align: justify;\">\u00a0<\/p>\n<p style=\"text-align: justify;\">\u00a0<\/p>\n<p class=\"Texto_Centralizado\" style=\"text-align: center;\"><strong>Desembargadora JANETE VARGAS SIM\u00d5ES<\/strong><\/p>\n<p class=\"Texto_Centralizado\" style=\"text-align: center;\">Presidente do Tribunal de Justi\u00e7a do Estado do Esp\u00edrito Santo<\/p>\n","protected":false},"excerpt":{"rendered":"<p>PODER JUDICI\u00c1RIO DO ESTADO DO ESP\u00cdRITO SANTO &#8211; PJES RUA DESEMBARGADOR HOMERO MAFRA,60 &#8211; Bairro ENSEADA DO SU\u00c1 &#8211; CEP 29050906 &#8211; Vit\u00f3ria &#8211; ES &#8211; www.tjes.jus.br \u00a0 ATO NORMATIVO N\u00ba 044\/2026 \u00a0 Designa a Ju\u00edza Gestora do Balc\u00e3o Virtual e servidora integrante para o acompanhamento e fiscaliza\u00e7\u00e3o do servi\u00e7o, nos termos do Ato Normativo [&hellip;]<\/p>\n","protected":false},"author":19,"featured_media":0,"comment_status":"closed","ping_status":"closed","sticky":false,"template":"","format":"standard","meta":{"footnotes":""},"categories":[4,14],"tags":[],"_links":{"self":[{"href":"https:\/\/www.tjes.jus.br\/corregedoria\/wp-json\/wp\/v2\/posts\/46565"}],"collection":[{"href":"https:\/\/www.tjes.jus.br\/corregedoria\/wp-json\/wp\/v2\/posts"}],"about":[{"href":"https:\/\/www.tjes.jus.br\/corregedoria\/wp-json\/wp\/v2\/types\/post"}],"author":[{"embeddable":true,"href":"https:\/\/www.tjes.jus.br\/corregedoria\/wp-json\/wp\/v2\/users\/19"}],"replies":[{"embeddable":true,"href":"https:\/\/www.tjes.jus.br\/corregedoria\/wp-json\/wp\/v2\/comments?post=46565"}],"version-history":[{"count":2,"href":"https:\/\/www.tjes.jus.br\/corregedoria\/wp-json\/wp\/v2\/posts\/46565\/revisions"}],"predecessor-version":[{"id":46568,"href":"https:\/\/www.tjes.jus.br\/corregedoria\/wp-json\/wp\/v2\/posts\/46565\/revisions\/46568"}],"wp:attachment":[{"href":"https:\/\/www.tjes.jus.br\/corregedoria\/wp-json\/wp\/v2\/media?parent=46565"}],"wp:term":[{"taxonomy":"category","embeddable":true,"href":"https:\/\/www.tjes.jus.br\/corregedoria\/wp-json\/wp\/v2\/categories?post=46565"},{"taxonomy":"post_tag","embeddable":true,"href":"https:\/\/www.tjes.jus.br\/corregedoria\/wp-json\/wp\/v2\/tags?post=46565"}],"curies":[{"name":"wp","href":"https:\/\/api.w.org\/{rel}","templated":true}]}}