{"id":46998,"date":"2026-04-23T13:17:59","date_gmt":"2026-04-23T16:17:59","guid":{"rendered":"https:\/\/www.tjes.jus.br\/corregedoria\/?p=46998"},"modified":"2026-04-23T13:20:42","modified_gmt":"2026-04-23T16:20:42","slug":"portaria-no-013-2026-disp-23-04-2026","status":"publish","type":"post","link":"https:\/\/www.tjes.jus.br\/corregedoria\/2026\/04\/23\/portaria-no-013-2026-disp-23-04-2026\/","title":{"rendered":"PORTARIA N\u00ba 013\/2026 \u2013 DISP. 23\/04\/2026"},"content":{"rendered":"\n<p class=\"Tabela_Texto_Centralizado\" style=\"text-align: center;\"><strong>PODER JUDICI\u00c1RIO DO ESTADO DO ESP\u00cdRITO SANTO &#8211; PJES<\/strong><\/p>\n<p class=\"Tabela_Texto_Centralizado\" style=\"text-align: center;\"><strong>CORREGEDORIA GERAL DA\u00a0JUSTI\u00c7A<\/strong><\/p>\n<p style=\"text-align: justify;\">\u00a0<\/p>\n<p class=\"Texto_Centralizado\" style=\"text-align: center;\"><strong>PORTARIA N\u00ba 13\/2026<\/strong><\/p>\n<p style=\"text-align: justify;\">\u00a0<\/p>\n<p class=\"Texto_Justificado_Recuo_Primeira_Linha\" style=\"text-align: justify;\">Constitui as Comiss\u00f5es Disciplinares Permanentes (CDP) para o bi\u00eanio 2026\/2027.<\/p>\n<p style=\"text-align: justify;\">\u00a0<\/p>\n<p class=\"Texto_Justificado_Recuo_Primeira_Linha\" style=\"text-align: justify;\">O Desembargador Ewerton Schwab Pinto J\u00fanior,\u00a0Corregedor Geral de Justi\u00e7a, no uso de suas atribui\u00e7\u00f5es legais e<\/p>\n<p style=\"text-align: justify;\">\u00a0<\/p>\n<p class=\"Texto_Justificado_Recuo_Primeira_Linha\" style=\"text-align: justify;\"><strong>CONSIDERANDO\u00a0<\/strong>a Resolu\u00e7\u00e3o n\u00ba 350\/2020 do Conselho Nacional de Justi\u00e7a que estabelece diretrizes e procedimentos sobre a coopera\u00e7\u00e3o judici\u00e1ria nacional entre os \u00f3rg\u00e3os do Poder Judici\u00e1rio para a realiza\u00e7\u00e3o das atividades administrativas e o exerc\u00edcio das fun\u00e7\u00f5es jurisdicionais;<\/p>\n<p style=\"text-align: justify;\">\u00a0<\/p>\n<p class=\"Texto_Justificado_Recuo_Primeira_Linha\" style=\"text-align: justify;\"><strong>CONSIDERANDO<\/strong>\u00a0que a Resolu\u00e7\u00e3o n\u00ba 350\/2020 do Conselho Nacional de Justi\u00e7a prev\u00ea que a coopera\u00e7\u00e3o pode ser utilizada como instrumento de gest\u00e3o processual, permitindo a coordena\u00e7\u00e3o de fun\u00e7\u00f5es e o compartilhamento de compet\u00eancias;<\/p>\n<p style=\"text-align: justify;\">\u00a0<\/p>\n<p class=\"Texto_Justificado_Recuo_Primeira_Linha\" style=\"text-align: justify;\"><strong>CONSIDERANDO<\/strong>\u00a0que o <a href=\"https:\/\/www.tjes.jus.br\/corregedoria\/2021\/08\/27\/provimento-conjunto-no-1-2020-disp-12-07-2021\/\">Provimento Conjunto n\u00ba 1\/2021<\/a>, estabelece que \u201co prazo de 2 (dois) anos de atua\u00e7\u00e3o dos membros das Comiss\u00f5es Disciplinares Permanentes \u2013 CDP coincidir\u00e1 com o bi\u00eanio de cada Corregedor Geral da Justi\u00e7a, devendo a lista ser publicada at\u00e9 o 5\u00ba (quinto) dia \u00fatil de fevereiro do primeiro ano do bi\u00eanio administrativo\u201d;<\/p>\n<p style=\"text-align: justify;\">\u00a0<\/p>\n<p class=\"Texto_Justificado_Recuo_Primeira_Linha\" style=\"text-align: justify;\"><strong>CONSIDERANDO<\/strong>\u00a0a necessidade de assegurar maior celeridade e efic\u00e1cia, com controle mais r\u00edgido dos prazos, nas sindic\u00e2ncias e nos procedimentos administrativos disciplinares instaurados contra servidores p\u00fablicos e Delegat\u00e1rios no \u00e2mbito do Poder Judici\u00e1rio;<\/p>\n<p style=\"text-align: justify;\">\u00a0<\/p>\n<p class=\"Texto_Justificado_Recuo_Primeira_Linha\" style=\"text-align: justify;\"><strong>CONSIDERANDO<\/strong>\u00a0o disposto no art. 247 da Lei Complementar Estadual n\u00ba 46\/1994 que prev\u00ea que \u201ca autoridade que tiver ci\u00eancia de irregularidade no servi\u00e7o p\u00fablico \u00e9 obrigada a promover a sua apura\u00e7\u00e3o imediata, mediante sindic\u00e2ncia ou processo administrativo-disciplinar, assegurada ao denunciado ampla defesa\u201d;<\/p>\n<p style=\"text-align: justify;\">\u00a0<\/p>\n<p class=\"Texto_Justificado_Recuo_Primeira_Linha\" style=\"text-align: justify;\"><strong>CONSIDERANDO<\/strong> que nos termos do Art. 3\u00ba do <a href=\"https:\/\/www.tjes.jus.br\/corregedoria\/2021\/08\/27\/provimento-conjunto-no-1-2020-disp-12-07-2021\/\">Provimento Conjunto n\u00ba 1\/2021<\/a>, compete ao Corregedor Geral da Justi\u00e7a elaborar e fazer publicar a portaria contendo a composi\u00e7\u00e3o das Comiss\u00f5es Disciplinares Permanentes, indicando o seu presidente e a lista com os nomes dos servidores designados como suplentes, podendo dispensar, a qualquer tempo e motivadamente, os membros ou suplentes das respectivas comiss\u00f5es;<\/p>\n<p style=\"text-align: justify;\">\u00a0<\/p>\n<p class=\"Texto_Justificado_Recuo_Primeira_Linha\" style=\"text-align: justify;\"><strong>RESOLVE:<\/strong><\/p>\n<p style=\"text-align: justify;\">\u00a0<\/p>\n<p class=\"Texto_Justificado_Recuo_Primeira_Linha\" style=\"text-align: justify;\"><strong>Art. 1\u00ba.<\/strong>\u00a0Designar os servidores que ir\u00e3o compor as Comiss\u00f5es Disciplinares Permanentes (CDP), bem como seus suplentes, para o Bi\u00eanio 2026\/2027 e que atuar\u00e3o na\u00a0Comarca de Guarapari\/ES\u00a0, conforme nomes informados nos autos do Processo SEI n. 7000123-69.2026.8.08.0000:<\/p>\n<p style=\"text-align: justify;\">\u00a0<\/p>\n<p class=\"Texto_Justificado_Recuo_Primeira_Linha\" style=\"text-align: justify;\"><strong>Comiss\u00e3o Disciplinar Permanente n\u00ba 01<\/strong><\/p>\n<p class=\"Texto_Justificado_Recuo_Primeira_Linha\" style=\"text-align: justify;\">&#8211; Presidente: Fl\u00e1via Boldi Pinto \u2013 Analista Judici\u00e1ria 02 \u2013 matr\u00edcula 207.728-51<br \/>&#8211; Membro: Luana Paula Fiorini Rodrigues Santos \u2013 Oficiala de Justi\u00e7a \u2013 matr\u00edcula 207.724-47<br \/>&#8211; Membro: Luiz Renato Silvan Nogueira \u2013 Analista Judici\u00e1rio 02 \u2013 matr\u00edcula 205.808-71<\/p>\n<p style=\"text-align: justify;\">\u00a0<\/p>\n<p class=\"Texto_Justificado_Recuo_Primeira_Linha\" style=\"text-align: justify;\"><strong>Comiss\u00e3o Disciplinar Permanente n\u00ba 02<\/strong><\/p>\n<p class=\"Texto_Justificado_Recuo_Primeira_Linha\" style=\"text-align: justify;\">&#8211; Presidente: Fabiano Carib\u00e9 Pinheiro \u2013 Oficial de Justi\u00e7a \u2013 matr\u00edcula 207.791-17<br \/>&#8211; Membro: Estev\u00e3o Jackson Ambr\u00f3sio \u2013 Analista Judici\u00e1rio 02 \u2013 matr\u00edcula 205.784-47<br \/>&#8211; Membro: Paula Maria Coelho de S\u00e1 Viana \u2013 Analista Judici\u00e1ria 02 \u2013 matr\u00edcula 207.985-17<\/p>\n<p style=\"text-align: justify;\">\u00a0<\/p>\n<p class=\"Texto_Justificado_Recuo_Primeira_Linha\" style=\"text-align: justify;\"><strong>Comiss\u00e3o Disciplinar Permanente n\u00ba 03<\/strong><\/p>\n<p class=\"Texto_Justificado_Recuo_Primeira_Linha\" style=\"text-align: justify;\">&#8211; Presidente: Solimar Rog\u00e9rio de Oliveira \u2013 Analista Judici\u00e1rio Especial \u2013 Escriv\u00e3o &#8211; matr\u00edcula 26.890-21<br \/>&#8211; Membro: Ildan Frederico de Oliveira \u2013 Analista Judici\u00e1rio \u2013 matr\u00edcula 205.858-24<br \/>&#8211; Membro: Marcelo Souza Ramos \u2013 Analista Judici\u00e1rio 02 \u2013 matr\u00edcula 205.566-23<\/p>\n<p style=\"text-align: justify;\">\u00a0<\/p>\n<p class=\"Texto_Justificado_Recuo_Primeira_Linha\" style=\"text-align: justify;\"><strong>Suplentes<\/strong><\/p>\n<p class=\"Texto_Justificado_Recuo_Primeira_Linha\" style=\"text-align: justify;\">&#8211; Jaqueline Trancoso de Carvalho \u2013 Analista Judici\u00e1rio 02 \u2013 matr\u00edcula 200.254-46<br \/>&#8211;\u00a0Harleizy Forte Pimentel \u2013 Analista Judici\u00e1ria 02 \u2013 matr\u00edcula n\u00ba 207.892-21<br \/>&#8211; Marcelo Vieira Caetano \u2013 Oficial de Justi\u00e7a \u2013 matr\u00edcula 206.021-90<br \/>&#8211; Jane Ara\u00fajo Rodrigues Ferraz de Campos \u2013 Analista Judici\u00e1ria 02 \u2013 matr\u00edcula 205.819-82<\/p>\n<p style=\"text-align: justify;\">\u00a0<\/p>\n<p class=\"Texto_Justificado_Recuo_Primeira_Linha\" style=\"text-align: justify;\"><strong>Art. 2\u00ba<\/strong>. As comiss\u00f5es funcionar\u00e3o sempre sob a presid\u00eancia do primeiro nomeado em cada uma das Comiss\u00f5es Disciplinares Permanentes (CDP) ou por outro membro desta, respeitadas as determina\u00e7\u00f5es contidas no \u00a7 1\u00ba do Art. 90 do C\u00f3digo de Normas desta Corregedoria.<\/p>\n<p style=\"text-align: justify;\">\u00a0<\/p>\n<p class=\"Texto_Justificado_Recuo_Primeira_Linha\" style=\"text-align: justify;\"><strong>Art. 3\u00ba.<\/strong>\u00a0Em caso de eventual impedimento ou afastamento de qualquer membro das Comiss\u00f5es Disciplinares Permanentes (CDP), este ser\u00e1 imediatamente substitu\u00eddo por um Suplente, cabendo ao magistrado de primeiro grau proceder ao sorteio e a altera\u00e7\u00e3o em consulta com a lista de suplentes existentes.<\/p>\n<p style=\"text-align: justify;\">\u00a0<\/p>\n<p class=\"Texto_Justificado_Recuo_Primeira_Linha\" style=\"text-align: justify;\"><strong>Par\u00e1grafo \u00fanico:<\/strong>\u00a0A altera\u00e7\u00e3o prevista do\u00a0<em>caput<\/em>\u00a0ser\u00e1 feita por meio de portaria que dever\u00e1 ser encaminhada \u00e0 Corregedoria Geral de Justi\u00e7a para ci\u00eancia.<\/p>\n<p style=\"text-align: justify;\">\u00a0<\/p>\n<p class=\"Texto_Justificado_Recuo_Primeira_Linha\" style=\"text-align: justify;\"><strong>Art. 4\u00ba.<\/strong>\u00a0Esta portaria entrar\u00e1 em vigor na data de sua publica\u00e7\u00e3o.<\/p>\n<p style=\"text-align: justify;\">\u00a0<\/p>\n<p class=\"Texto_Justificado_Recuo_Primeira_Linha\" style=\"text-align: justify;\">Publique-se. Cumpra-se.<\/p>\n<p style=\"text-align: justify;\">\u00a0<\/p>\n<p style=\"text-align: justify;\">Vit\u00f3ria, 16 de abril de 2026.<\/p>\n<p style=\"text-align: justify;\">\u00a0<\/p>\n<p style=\"text-align: justify;\">\u00a0<\/p>\n<p style=\"text-align: center;\"><strong>EWERTON SCHWAB PINTO JUNIOR<\/strong><\/p>\n<p style=\"text-align: center;\">Corregedor Geral da Justi\u00e7a<\/p>\n","protected":false},"excerpt":{"rendered":"<p>PODER JUDICI\u00c1RIO DO ESTADO DO ESP\u00cdRITO SANTO &#8211; PJES CORREGEDORIA GERAL DA\u00a0JUSTI\u00c7A \u00a0 PORTARIA N\u00ba 13\/2026 \u00a0 Constitui as Comiss\u00f5es Disciplinares Permanentes (CDP) para o bi\u00eanio 2026\/2027. \u00a0 O Desembargador Ewerton Schwab Pinto J\u00fanior,\u00a0Corregedor Geral de Justi\u00e7a, no uso de suas atribui\u00e7\u00f5es legais e \u00a0 CONSIDERANDO\u00a0a Resolu\u00e7\u00e3o n\u00ba 350\/2020 do Conselho Nacional de Justi\u00e7a que [&hellip;]<\/p>\n","protected":false},"author":19,"featured_media":0,"comment_status":"closed","ping_status":"closed","sticky":false,"template":"","format":"standard","meta":{"footnotes":""},"categories":[14,6],"tags":[],"_links":{"self":[{"href":"https:\/\/www.tjes.jus.br\/corregedoria\/wp-json\/wp\/v2\/posts\/46998"}],"collection":[{"href":"https:\/\/www.tjes.jus.br\/corregedoria\/wp-json\/wp\/v2\/posts"}],"about":[{"href":"https:\/\/www.tjes.jus.br\/corregedoria\/wp-json\/wp\/v2\/types\/post"}],"author":[{"embeddable":true,"href":"https:\/\/www.tjes.jus.br\/corregedoria\/wp-json\/wp\/v2\/users\/19"}],"replies":[{"embeddable":true,"href":"https:\/\/www.tjes.jus.br\/corregedoria\/wp-json\/wp\/v2\/comments?post=46998"}],"version-history":[{"count":2,"href":"https:\/\/www.tjes.jus.br\/corregedoria\/wp-json\/wp\/v2\/posts\/46998\/revisions"}],"predecessor-version":[{"id":47002,"href":"https:\/\/www.tjes.jus.br\/corregedoria\/wp-json\/wp\/v2\/posts\/46998\/revisions\/47002"}],"wp:attachment":[{"href":"https:\/\/www.tjes.jus.br\/corregedoria\/wp-json\/wp\/v2\/media?parent=46998"}],"wp:term":[{"taxonomy":"category","embeddable":true,"href":"https:\/\/www.tjes.jus.br\/corregedoria\/wp-json\/wp\/v2\/categories?post=46998"},{"taxonomy":"post_tag","embeddable":true,"href":"https:\/\/www.tjes.jus.br\/corregedoria\/wp-json\/wp\/v2\/tags?post=46998"}],"curies":[{"name":"wp","href":"https:\/\/api.w.org\/{rel}","templated":true}]}}