{"id":47008,"date":"2026-04-23T13:26:28","date_gmt":"2026-04-23T16:26:28","guid":{"rendered":"https:\/\/www.tjes.jus.br\/corregedoria\/?p=47008"},"modified":"2026-04-24T17:30:05","modified_gmt":"2026-04-24T20:30:05","slug":"ato-normativo-no-062-2026-disp-23-04-2026","status":"publish","type":"post","link":"https:\/\/www.tjes.jus.br\/corregedoria\/2026\/04\/23\/ato-normativo-no-062-2026-disp-23-04-2026\/","title":{"rendered":"ATO NORMATIVO N\u00ba 062\/2026 \u2013 DISP. 23\/04\/2026 &#8211; REPUBLICADO"},"content":{"rendered":"\n<div class=\"override-text\" align=\"center\">\n<h4><strong><span style=\"color: #ff0000;\">REPUBLICADO EM 24\/04\/2026 POR INCORRE\u00c7\u00c3O<\/span> <span style=\"color: #ff0000;\">(<\/span><a href=\"https:\/\/www.tjes.jus.br\/corregedoria\/2026\/04\/24\/ato-normativo-no-062-2026-disp-24-04-2026-republicacao\/\">CLIQUE AQUI<\/a><span style=\"color: #ff0000;\">)<\/span><\/strong><\/h4>\n<p style=\"text-align: center;\"><del>PODER JUDICI\u00c1RIO DO ESTADO DO ESP\u00cdRITO SANTO &#8211; PJES<\/del><\/p>\n<p style=\"text-align: center;\"><del>RUA DESEMBARGADOR HOMERO MAFRA,60 &#8211; Bairro ENSEADA DO SU\u00c1 &#8211; CEP 29050906 &#8211; Vit\u00f3ria &#8211; ES &#8211; www.tjes.jus.br<\/del><\/p>\n<\/div>\n<p class=\"Texto_Centralizado_Maiusculas\" style=\"text-align: justify;\">\u00a0<\/p>\n<p class=\"Texto_Centralizado\" style=\"text-align: center;\"><del><strong>ATO NORMATIVO N\u00ba 062\/2026<\/strong><\/del><\/p>\n<p style=\"text-align: justify;\">\u00a0<\/p>\n<p class=\"Texto_Justificado\" style=\"text-align: justify;\"><del><em>Disp\u00f5e acerca da redesigna\u00e7\u00e3o dos membros para a composi\u00e7\u00e3o do Comit\u00ea Gestor de Prote\u00e7\u00e3o de Dados Pessoais para o bi\u00eanio 2026-2027.<\/em><\/del><\/p>\n<p style=\"text-align: justify;\">\u00a0<\/p>\n<p class=\"Texto_Justificado\" style=\"text-align: justify;\"><del>A Excelent\u00edssima Senhora Desembargadora JANETE VARGAS SIM\u00d5ES, Presidente do Egr\u00e9gio Tribunal de Justi\u00e7a do Estado do Esp\u00edrito Santo, no uso de suas atribui\u00e7\u00f5es legais e regimentais, e<\/del><\/p>\n<p style=\"text-align: justify;\">\u00a0<\/p>\n<p class=\"Texto_Justificado\" style=\"text-align: justify;\"><del><strong>CONSIDERANDO\u00a0<\/strong>o <a href=\"https:\/\/www.tjes.jus.br\/corregedoria\/2024\/07\/31\/ato-normativo-no-126-2024-disp-21-06-2024\/\">Ato Normativo TJES n\u00ba 126\/2024<\/a>, que instituiu o Comit\u00ea Gestor de Prote\u00e7\u00e3o de Dados Pessoais, e o Ato Normativo n\u00ba 272\/2024, que alterou sua composi\u00e7\u00e3o;<\/del><\/p>\n<p style=\"text-align: justify;\">\u00a0<\/p>\n<p class=\"Texto_Justificado\" style=\"text-align: justify;\"><del><strong>CONSIDERANDO\u00a0<\/strong>a necessidade de adequa\u00e7\u00e3o da composi\u00e7\u00e3o do referido Comit\u00ea em virtude da nova Mesa Diretora para o bi\u00eanio 2026-2027, a fim de garantir a continuidade das a\u00e7\u00f5es de conformidade com a Lei Geral de Prote\u00e7\u00e3o de Dados (Lei n\u00ba 13.709\/2018);<\/del><\/p>\n<p style=\"text-align: justify;\">\u00a0<\/p>\n<p class=\"Texto_Justificado\" style=\"text-align: justify;\"><del><strong>CONSIDERANDO\u00a0<\/strong>os termos da Resolu\u00e7\u00e3o CNJ n\u00ba 363\/2021 e da Recomenda\u00e7\u00e3o CNJ n\u00ba 73\/2020, que orientam os tribunais na ado\u00e7\u00e3o de medidas para prote\u00e7\u00e3o de dados pessoais;<\/del><\/p>\n<p style=\"text-align: justify;\">\u00a0<\/p>\n<p class=\"Texto_Justificado\" style=\"text-align: justify;\"><del><strong>CONSIDERANDO\u00a0<\/strong>as novas indica\u00e7\u00f5es formalizadas pela Corregedoria-Geral da Justi\u00e7a e pela Escola da Magistratura (EMES), bem como a manuten\u00e7\u00e3o dos demais integrantes t\u00e9cnicos e administrativos que n\u00e3o manifestaram necessidade de substitui\u00e7\u00e3o;<\/del><\/p>\n<p style=\"text-align: justify;\">\u00a0<\/p>\n<p class=\"Texto_Justificado\" style=\"text-align: justify;\"><del><strong>RESOLVE:<\/strong><\/del><\/p>\n<p style=\"text-align: justify;\">\u00a0<\/p>\n<p class=\"Texto_Justificado\" style=\"text-align: justify;\"><del><strong>Art. 1\u00ba.<\/strong>\u00a0Alterar a composi\u00e7\u00e3o do Comit\u00ea Gestor de Prote\u00e7\u00e3o de Dados Pessoais do Poder Judici\u00e1rio do Estado do Esp\u00edrito Santo:<\/del><\/p>\n<p style=\"text-align: justify;\">\u00a0<\/p>\n<p class=\"Texto_Justificado\" style=\"text-align: justify;\"><del><strong>I.<\/strong>\u00a0Juiz Assessor Especial da Presid\u00eancia, Dr. Daniel Pe\u00e7anha Moreira;<\/del><\/p>\n<p style=\"text-align: justify;\">\u00a0<\/p>\n<p class=\"Texto_Justificado\" style=\"text-align: justify;\"><del><strong>II.<\/strong>\u00a0Supervisor e coordenador da Secretaria de Tecnologia da Informa\u00e7\u00e3o, Dr.\u00a0Manoel Cruz Doval;<\/del><\/p>\n<p style=\"text-align: justify;\">\u00a0<\/p>\n<p class=\"Texto_Justificado\" style=\"text-align: justify;\"><del><strong>III.<\/strong>\u00a0Representante da Corregedoria-Geral da Justi\u00e7a, Dr. Lyrio Regis de Souza Lyrio;<\/del><\/p>\n<p style=\"text-align: justify;\">\u00a0<\/p>\n<p class=\"Texto_Justificado\" style=\"text-align: justify;\"><del><strong>IV.<\/strong>\u00a0Secret\u00e1rio de Tecnologia da Informa\u00e7\u00e3o, Sr. Te\u00f3filo Teixeira Dias;<\/del><\/p>\n<p style=\"text-align: justify;\">\u00a0<\/p>\n<p class=\"Texto_Justificado\" style=\"text-align: justify;\"><del><strong>V.<\/strong>\u00a0Coordenador de Suporte e Manuten\u00e7\u00e3o, Sr. Havirdan das Rodor Ara\u00fajo;<\/del><\/p>\n<p style=\"text-align: justify;\">\u00a0<\/p>\n<p class=\"Texto_Justificado\" style=\"text-align: justify;\"><del><strong>VI.<\/strong>\u00a0Coordenadora de Desenvolvimento e Aplica\u00e7\u00f5es, Sra. Uliane Bertholdi Bernadino;<\/del><\/p>\n<p style=\"text-align: justify;\">\u00a0<\/p>\n<p class=\"Texto_Justificado\" style=\"text-align: justify;\"><del><strong>VII.<\/strong>\u00a0Chefe da Se\u00e7\u00e3o de Seguran\u00e7a da Informa\u00e7\u00e3o da STI, Sr. Paulo Vin\u00edcius Oliveira Santos;<\/del><\/p>\n<p style=\"text-align: justify;\">\u00a0<\/p>\n<p class=\"Texto_Justificado\" style=\"text-align: justify;\"><del><strong>VIII.<\/strong>\u00a0Representante da Assessoria de Seguran\u00e7a Institucional, Sr. Artur Henrique Matos da Cunha;<\/del><\/p>\n<p style=\"text-align: justify;\">\u00a0<\/p>\n<p class=\"Texto_Justificado\" style=\"text-align: justify;\"><del><strong>IX.<\/strong>\u00a0Representante da Assessoria de Comunica\u00e7\u00e3o, Sr.\u00aa Carolina de Carvalho Veiga;<\/del><\/p>\n<p style=\"text-align: justify;\">\u00a0<\/p>\n<p class=\"Texto_Justificado\" style=\"text-align: justify;\"><del><strong>X.<\/strong>\u00a0Representante da Escola da Magistratura do Estado do Esp\u00edrito Santo (EMES), Dr. Gustavo Henrique Proc\u00f3pio;<\/del><\/p>\n<p style=\"text-align: justify;\">\u00a0<\/p>\n<p class=\"Texto_Justificado\" style=\"text-align: justify;\"><del><strong>XI.<\/strong>\u00a0Servidores com conhecimento t\u00e9cnico nas \u00e1reas de seguran\u00e7a da informa\u00e7\u00e3o e gest\u00e3o de processos: Sr. Rodrigo Esteves Gomes, Sr. Robson Limaverde Valen\u00e7a da Silva e Sr.\u00aa Amanda Lemos Bertoni.<\/del><\/p>\n<p style=\"text-align: justify;\">\u00a0<\/p>\n<p class=\"Texto_Justificado\" style=\"text-align: justify;\"><del><strong>Art. 2\u00ba.<\/strong>\u00a0Os membros do CGPDP, em suas aus\u00eancias e impedimentos legais ou regulamentares, ser\u00e3o representados por membro ou servidor indicado para este fim.<\/del><\/p>\n<p style=\"text-align: justify;\">\u00a0<\/p>\n<p class=\"Texto_Justificado\" style=\"text-align: justify;\"><del><strong>Art. 3\u00ba.<\/strong>\u00a0Fica revogada a <a href=\"https:\/\/www.tjes.jus.br\/corregedoria\/2025\/08\/06\/portaria-no-005-2025-disp-06-08-2025\/\">Portaria n\u00ba 05\/2025<\/a>, publicada no Di\u00e1rio da Justi\u00e7a de 12 de Mar\u00e7o de 2025.<\/del><\/p>\n<p style=\"text-align: justify;\">\u00a0<\/p>\n<p class=\"Texto_Justificado\" style=\"text-align: justify;\"><del><strong>Art. 4\u00ba.<\/strong>\u00a0Este Ato Normativo entra em vigor na data de sua publica\u00e7\u00e3o.<\/del><\/p>\n<p style=\"text-align: justify;\">\u00a0<\/p>\n<p class=\"Texto_Justificado\" style=\"text-align: justify;\"><del><strong>Publique-se<\/strong>.<\/del><\/p>\n<p style=\"text-align: justify;\">\u00a0<\/p>\n<p style=\"text-align: justify;\"><del>Vit\u00f3ria, 22 de abril de 2026.<\/del><\/p>\n<p style=\"text-align: justify;\">\u00a0<\/p>\n<p style=\"text-align: justify;\">\u00a0<\/p>\n<p class=\"Texto_Centralizado\" style=\"text-align: center;\"><del><strong>Desembargadora JANETE VARGAS SIM\u00d5ES<\/strong><\/del><\/p>\n<p class=\"Texto_Centralizado\" style=\"text-align: center;\"><del>Presidente do Tribunal de Justi\u00e7a do Estado do Esp\u00edrito Santo<\/del><\/p>\n","protected":false},"excerpt":{"rendered":"<p>REPUBLICADO EM 24\/04\/2026 POR INCORRE\u00c7\u00c3O (CLIQUE AQUI) PODER JUDICI\u00c1RIO DO ESTADO DO ESP\u00cdRITO SANTO &#8211; PJES RUA DESEMBARGADOR HOMERO MAFRA,60 &#8211; Bairro ENSEADA DO SU\u00c1 &#8211; CEP 29050906 &#8211; Vit\u00f3ria &#8211; ES &#8211; www.tjes.jus.br \u00a0 ATO NORMATIVO N\u00ba 062\/2026 \u00a0 Disp\u00f5e acerca da redesigna\u00e7\u00e3o dos membros para a composi\u00e7\u00e3o do Comit\u00ea Gestor de Prote\u00e7\u00e3o de [&hellip;]<\/p>\n","protected":false},"author":19,"featured_media":0,"comment_status":"closed","ping_status":"closed","sticky":false,"template":"","format":"standard","meta":{"footnotes":""},"categories":[4,14],"tags":[],"_links":{"self":[{"href":"https:\/\/www.tjes.jus.br\/corregedoria\/wp-json\/wp\/v2\/posts\/47008"}],"collection":[{"href":"https:\/\/www.tjes.jus.br\/corregedoria\/wp-json\/wp\/v2\/posts"}],"about":[{"href":"https:\/\/www.tjes.jus.br\/corregedoria\/wp-json\/wp\/v2\/types\/post"}],"author":[{"embeddable":true,"href":"https:\/\/www.tjes.jus.br\/corregedoria\/wp-json\/wp\/v2\/users\/19"}],"replies":[{"embeddable":true,"href":"https:\/\/www.tjes.jus.br\/corregedoria\/wp-json\/wp\/v2\/comments?post=47008"}],"version-history":[{"count":3,"href":"https:\/\/www.tjes.jus.br\/corregedoria\/wp-json\/wp\/v2\/posts\/47008\/revisions"}],"predecessor-version":[{"id":47085,"href":"https:\/\/www.tjes.jus.br\/corregedoria\/wp-json\/wp\/v2\/posts\/47008\/revisions\/47085"}],"wp:attachment":[{"href":"https:\/\/www.tjes.jus.br\/corregedoria\/wp-json\/wp\/v2\/media?parent=47008"}],"wp:term":[{"taxonomy":"category","embeddable":true,"href":"https:\/\/www.tjes.jus.br\/corregedoria\/wp-json\/wp\/v2\/categories?post=47008"},{"taxonomy":"post_tag","embeddable":true,"href":"https:\/\/www.tjes.jus.br\/corregedoria\/wp-json\/wp\/v2\/tags?post=47008"}],"curies":[{"name":"wp","href":"https:\/\/api.w.org\/{rel}","templated":true}]}}