{"id":47017,"date":"2026-04-23T13:32:54","date_gmt":"2026-04-23T16:32:54","guid":{"rendered":"https:\/\/www.tjes.jus.br\/corregedoria\/?p=47017"},"modified":"2026-04-23T13:34:07","modified_gmt":"2026-04-23T16:34:07","slug":"ato-normativo-no-063-2026-disp-23-04-2026","status":"publish","type":"post","link":"https:\/\/www.tjes.jus.br\/corregedoria\/2026\/04\/23\/ato-normativo-no-063-2026-disp-23-04-2026\/","title":{"rendered":"ATO NORMATIVO N\u00ba 063\/2026 \u2013 DISP. 23\/04\/2026"},"content":{"rendered":"\n<div class=\"override-text\" align=\"center\">\n<p style=\"text-align: center;\">PODER JUDICI\u00c1RIO DO ESTADO DO ESP\u00cdRITO SANTO &#8211; PJES<\/p>\n<p style=\"text-align: center;\">RUA DESEMBARGADOR HOMERO MAFRA,60 &#8211; Bairro ENSEADA DO SU\u00c1 &#8211; CEP 29050906 &#8211; Vit\u00f3ria &#8211; ES &#8211; www.tjes.jus.br<\/p>\n<\/div>\n<p class=\"Texto_Centralizado_Maiusculas\" style=\"text-align: justify;\">\u00a0<\/p>\n<p class=\"Texto_Centralizado\" style=\"text-align: center;\"><strong>ATO NORMATIVO N\u00ba\u00a0 063\/2026<\/strong><\/p>\n<p style=\"text-align: justify;\">\u00a0<\/p>\n<p class=\"Texto_Justificado\" style=\"text-align: justify;\"><em>Disp\u00f5e sobre a composi\u00e7\u00e3o do N\u00facleo Gestor de Seguran\u00e7a da Informa\u00e7\u00e3o \u2013 NGSI \u2013 do Poder Judici\u00e1rio do Estado do Esp\u00edrito Santo.<\/em><\/p>\n<p style=\"text-align: justify;\">\u00a0<\/p>\n<p class=\"Texto_Justificado\" style=\"text-align: justify;\">A Excelent\u00edssima Desembargadora Janete Vargas Sim\u00f5es, Presidente do Egr\u00e9gio Tribunal de Justi\u00e7a do Estado do Esp\u00edrito Santo, no uso de suas atribui\u00e7\u00f5es legais e regimentais, e<\/p>\n<p style=\"text-align: justify;\">\u00a0<\/p>\n<p class=\"Texto_Justificado\" style=\"text-align: justify;\">CONSIDERANDO os termos da Resolu\u00e7\u00e3o n\u00ba 396\/2021 do Conselho Nacional de Justi\u00e7a, que institui a Estrat\u00e9gia Nacional de Seguran\u00e7a Cibern\u00e9tica do Poder Judici\u00e1rio (ENSEC-PJ) e estabelece a necessidade de os \u00f3rg\u00e3os constitu\u00edrem estrutura de seguran\u00e7a da informa\u00e7\u00e3o desvinculada da \u00e1rea de Tecnologia da Informa\u00e7\u00e3o e Comunica\u00e7\u00e3o (TIC);<\/p>\n<p style=\"text-align: justify;\">\u00a0<\/p>\n<p class=\"Texto_Justificado\" style=\"text-align: justify;\">CONSIDERANDO a institui\u00e7\u00e3o do N\u00facleo Gestor de Seguran\u00e7a da Informa\u00e7\u00e3o (NGSI) por meio do <a href=\"https:\/\/www.tjes.jus.br\/corregedoria\/2025\/06\/11\/ato-normativo-no-187-2025-disp-11-06-2025\/\">Ato Normativo n\u00ba 187\/2025<\/a>, como \u00f3rg\u00e3o consultivo e deliberativo de car\u00e1ter permanente, subordinado \u00e0 Presid\u00eancia;<\/p>\n<p style=\"text-align: justify;\">\u00a0<\/p>\n<p class=\"Texto_Justificado\" style=\"text-align: justify;\">CONSIDERANDO o disposto no artigo 21 da referida Resolu\u00e7\u00e3o CNJ n\u00ba 396\/2021, que determina que a estrutura de seguran\u00e7a da informa\u00e7\u00e3o deve ser subordinada diretamente \u00e0 alta administra\u00e7\u00e3o;<\/p>\n<p style=\"text-align: justify;\">\u00a0<\/p>\n<p class=\"Texto_Justificado\" style=\"text-align: justify;\"><strong>RESOLVE:<\/strong><\/p>\n<p style=\"text-align: justify;\">\u00a0<\/p>\n<p class=\"Texto_Justificado\" style=\"text-align: justify;\"><strong>Art. 1\u00ba.<\/strong>\u00a0O N\u00facleo Gestor de Seguran\u00e7a da Informa\u00e7\u00e3o (NGSI) ser\u00e1 composto pelos seguintes membros, conforme as categorias definidas no <a href=\"https:\/\/www.tjes.jus.br\/corregedoria\/2025\/06\/11\/ato-normativo-no-187-2025-disp-11-06-2025\/\">Ato Normativo n\u00ba 187\/2025<\/a>:<\/p>\n<p style=\"text-align: justify;\">\u00a0<\/p>\n<p class=\"Texto_Justificado\" style=\"text-align: justify;\">I \u2013 Juiz de Direito Carlos Magno Moulin Lima, que atuar\u00e1 como Gestor de Seguran\u00e7a da Informa\u00e7\u00e3o, subordinado diretamente \u00e0 Presid\u00eancia;<\/p>\n<p style=\"text-align: justify;\">\u00a0<\/p>\n<p class=\"Texto_Justificado\" style=\"text-align: justify;\">III \u2013 Juiz de Direito Paulo Cesar de Carvalho, para atuar no assessoramento e delibera\u00e7\u00e3o das pol\u00edticas de seguran\u00e7a em apoio ao gestor.<\/p>\n<p style=\"text-align: justify;\">\u00a0<\/p>\n<p class=\"Texto_Justificado\" style=\"text-align: justify;\"><strong>Art. 3\u00ba.<\/strong>\u00a0Este Ato Normativo entra em vigor na data de sua publica\u00e7\u00e3o.<\/p>\n<p style=\"text-align: justify;\">\u00a0<\/p>\n<p class=\"Texto_Justificado\" style=\"text-align: justify;\"><strong>Publique-se.<\/strong><\/p>\n<p style=\"text-align: justify;\">\u00a0<\/p>\n<p style=\"text-align: justify;\">Vit\u00f3ria, 22 de abril de 2026.<\/p>\n<p style=\"text-align: justify;\">\u00a0<\/p>\n<p style=\"text-align: justify;\">\u00a0<\/p>\n<p class=\"Texto_Centralizado\" style=\"text-align: center;\"><strong>Desembargadora JANETE VARGAS SIM\u00d5ES<\/strong><\/p>\n<p class=\"Texto_Centralizado\" style=\"text-align: center;\">Presidente do Tribunal de Justi\u00e7a<\/p>\n","protected":false},"excerpt":{"rendered":"<p>PODER JUDICI\u00c1RIO DO ESTADO DO ESP\u00cdRITO SANTO &#8211; PJES RUA DESEMBARGADOR HOMERO MAFRA,60 &#8211; Bairro ENSEADA DO SU\u00c1 &#8211; CEP 29050906 &#8211; Vit\u00f3ria &#8211; ES &#8211; www.tjes.jus.br \u00a0 ATO NORMATIVO N\u00ba\u00a0 063\/2026 \u00a0 Disp\u00f5e sobre a composi\u00e7\u00e3o do N\u00facleo Gestor de Seguran\u00e7a da Informa\u00e7\u00e3o \u2013 NGSI \u2013 do Poder Judici\u00e1rio do Estado do Esp\u00edrito Santo. [&hellip;]<\/p>\n","protected":false},"author":19,"featured_media":0,"comment_status":"closed","ping_status":"closed","sticky":false,"template":"","format":"standard","meta":{"footnotes":""},"categories":[4,14],"tags":[],"_links":{"self":[{"href":"https:\/\/www.tjes.jus.br\/corregedoria\/wp-json\/wp\/v2\/posts\/47017"}],"collection":[{"href":"https:\/\/www.tjes.jus.br\/corregedoria\/wp-json\/wp\/v2\/posts"}],"about":[{"href":"https:\/\/www.tjes.jus.br\/corregedoria\/wp-json\/wp\/v2\/types\/post"}],"author":[{"embeddable":true,"href":"https:\/\/www.tjes.jus.br\/corregedoria\/wp-json\/wp\/v2\/users\/19"}],"replies":[{"embeddable":true,"href":"https:\/\/www.tjes.jus.br\/corregedoria\/wp-json\/wp\/v2\/comments?post=47017"}],"version-history":[{"count":2,"href":"https:\/\/www.tjes.jus.br\/corregedoria\/wp-json\/wp\/v2\/posts\/47017\/revisions"}],"predecessor-version":[{"id":47020,"href":"https:\/\/www.tjes.jus.br\/corregedoria\/wp-json\/wp\/v2\/posts\/47017\/revisions\/47020"}],"wp:attachment":[{"href":"https:\/\/www.tjes.jus.br\/corregedoria\/wp-json\/wp\/v2\/media?parent=47017"}],"wp:term":[{"taxonomy":"category","embeddable":true,"href":"https:\/\/www.tjes.jus.br\/corregedoria\/wp-json\/wp\/v2\/categories?post=47017"},{"taxonomy":"post_tag","embeddable":true,"href":"https:\/\/www.tjes.jus.br\/corregedoria\/wp-json\/wp\/v2\/tags?post=47017"}],"curies":[{"name":"wp","href":"https:\/\/api.w.org\/{rel}","templated":true}]}}