{"id":47021,"date":"2026-04-23T13:34:52","date_gmt":"2026-04-23T16:34:52","guid":{"rendered":"https:\/\/www.tjes.jus.br\/corregedoria\/?p=47021"},"modified":"2026-04-23T13:36:00","modified_gmt":"2026-04-23T16:36:00","slug":"ato-normativo-no-064-2026-disp-23-04-2026","status":"publish","type":"post","link":"https:\/\/www.tjes.jus.br\/corregedoria\/2026\/04\/23\/ato-normativo-no-064-2026-disp-23-04-2026\/","title":{"rendered":"ATO NORMATIVO N\u00ba 064\/2026 \u2013 DISP. 23\/04\/2026"},"content":{"rendered":"\n<p style=\"text-align: center;\" align=\"center\">PODER JUDICI\u00c1RIO DO ESTADO DO ESP\u00cdRITO SANTO &#8211; PJES<\/p>\n<p style=\"text-align: center;\" align=\"center\">RUA DESEMBARGADOR HOMERO MAFRA,60 &#8211; Bairro ENSEADA DO SU\u00c1 &#8211; CEP 29050906 &#8211; Vit\u00f3ria &#8211; ES &#8211; www.tjes.jus.br<\/p>\n<p class=\"textocentralizadomaiusculas\" style=\"text-align: justify;\" align=\"center\"><strong>\u00a0<\/strong><\/p>\n<p class=\"textocentralizado\" style=\"text-align: center;\" align=\"center\"><strong>ATO NORMATIVO N\u00ba 064\/2026<\/strong><\/p>\n<p style=\"text-align: justify;\">\u00a0<\/p>\n<p style=\"text-align: justify;\">\u00a0<\/p>\n<p class=\"textocentralizado\" style=\"text-align: justify;\" align=\"center\">Atualiza a composi\u00e7\u00e3o da Comiss\u00e3o Gestora do Plano de Log\u00edstica Sustent\u00e1vel \u2013 CGPLS.<\/p>\n<p style=\"text-align: justify;\">\u00a0<\/p>\n<p style=\"text-align: justify;\">\u00a0<\/p>\n<p class=\"textojustificadorecuoprimeiralinha\" style=\"text-align: justify;\">A Presidente do Tribunal de Justi\u00e7a do Estado do Esp\u00edrito Santo, no uso de suas atribui\u00e7\u00f5es legais e regimentais,<\/p>\n<p style=\"text-align: justify;\">\u00a0<\/p>\n<p class=\"textojustificadorecuoprimeiralinha\" style=\"text-align: justify;\">CONSIDERANDO a necessidade de atualiza\u00e7\u00e3o do <a href=\"https:\/\/www.tjes.jus.br\/corregedoria\/2025\/05\/26\/ato-normativo-no-157-2025-disp-26-05-2025\/\">Ato Normativo n\u00ba 157\/2025<\/a>, que disp\u00f5e sobre a composi\u00e7\u00e3o da Comiss\u00e3o Gestora do Plano de Log\u00edstica Sustent\u00e1vel \u2013 CGPLS;<\/p>\n<p style=\"text-align: justify;\">\u00a0<\/p>\n<p class=\"textojustificadorecuoprimeiralinha\" style=\"text-align: justify;\">RESOLVE:<\/p>\n<p style=\"text-align: justify;\">\u00a0<\/p>\n<p class=\"textojustificadorecuoprimeiralinha\" style=\"text-align: justify;\">Art. 1\u00ba A Comiss\u00e3o Gestora do Plano de Log\u00edstica Sustent\u00e1vel \u2013 CGPLS passa a ser composta pelos seguintes membros:<\/p>\n<p class=\"textojustificadorecuoprimeiralinha\" style=\"text-align: justify;\">I \u2013 Desembargador S\u00e9rgio Ricardo de Souza, que a presidir\u00e1;<\/p>\n<p class=\"textojustificadorecuoprimeiralinha\" style=\"text-align: justify;\">II \u2013 Juiz de Direito Carlos Magno Moulin Lima, que exercer\u00e1 a fun\u00e7\u00e3o de coordenador auxiliar da Presid\u00eancia;<\/p>\n<p class=\"textojustificadorecuoprimeiralinha\" style=\"text-align: justify;\">III \u2013 Ju\u00edza de Direito Kelly Kiefer;<\/p>\n<p class=\"textojustificadorecuoprimeiralinha\" style=\"text-align: justify;\">IV \u2013 Secret\u00e1ria de Infraestrutura Tatiana Santos de Oliveira;<\/p>\n<p class=\"textojustificadorecuoprimeiralinha\" style=\"text-align: justify;\">V \u2013 Assessor de Planejamento, Or\u00e7amento e Gest\u00e3o Estrat\u00e9gica F\u00e1bio Santana Vieira;<\/p>\n<p class=\"textojustificadorecuoprimeiralinha\" style=\"text-align: justify;\">VI \u2013 Servidor Tiago Aguiar Vilarinho, Analista Judici\u00e1rio;<\/p>\n<p class=\"textojustificadorecuoprimeiralinha\" style=\"text-align: justify;\">VII \u2013 Servidora Amina Rocha Moreira, Analista Judici\u00e1rio;<\/p>\n<p class=\"textojustificadorecuoprimeiralinha\" style=\"text-align: justify;\">VIII \u2013 Servidor Leonardo Pereira Chagas, Analista Judici\u00e1rio.<\/p>\n<p style=\"text-align: justify;\">\u00a0<\/p>\n<p style=\"text-align: justify;\">\u00a0<\/p>\n<p class=\"textojustificadorecuoprimeiralinha\" style=\"text-align: justify;\">Art. 2\u00ba Este Ato Normativo entra em vigor na data de sua publica\u00e7\u00e3o, ficando revogadas as disposi\u00e7\u00f5es em contr\u00e1rio.<\/p>\n<p style=\"text-align: justify;\">\u00a0<\/p>\n<p class=\"textojustificadorecuoprimeiralinha\" style=\"text-align: justify;\">Publique-se.<\/p>\n<p style=\"text-align: justify;\">\u00a0<\/p>\n<p style=\"text-align: justify;\">Vit\u00f3ria\/ES, 22 de abril de 2026.<\/p>\n<p style=\"text-align: justify;\">\u00a0<\/p>\n<p style=\"text-align: justify;\">\u00a0<\/p>\n<p class=\"textocentralizado\" style=\"text-align: center;\" align=\"center\"><strong>Desembargadora JANETE VARGAS SIM\u00d5ES<\/strong><\/p>\n<p class=\"textocentralizado\" style=\"text-align: center;\" align=\"center\"><strong>Presidente<\/strong><\/p>\n","protected":false},"excerpt":{"rendered":"<p>PODER JUDICI\u00c1RIO DO ESTADO DO ESP\u00cdRITO SANTO &#8211; PJES RUA DESEMBARGADOR HOMERO MAFRA,60 &#8211; Bairro ENSEADA DO SU\u00c1 &#8211; CEP 29050906 &#8211; Vit\u00f3ria &#8211; ES &#8211; www.tjes.jus.br \u00a0 ATO NORMATIVO N\u00ba 064\/2026 \u00a0 \u00a0 Atualiza a composi\u00e7\u00e3o da Comiss\u00e3o Gestora do Plano de Log\u00edstica Sustent\u00e1vel \u2013 CGPLS. \u00a0 \u00a0 A Presidente do Tribunal de Justi\u00e7a [&hellip;]<\/p>\n","protected":false},"author":19,"featured_media":0,"comment_status":"closed","ping_status":"closed","sticky":false,"template":"","format":"standard","meta":{"footnotes":""},"categories":[4,14],"tags":[],"_links":{"self":[{"href":"https:\/\/www.tjes.jus.br\/corregedoria\/wp-json\/wp\/v2\/posts\/47021"}],"collection":[{"href":"https:\/\/www.tjes.jus.br\/corregedoria\/wp-json\/wp\/v2\/posts"}],"about":[{"href":"https:\/\/www.tjes.jus.br\/corregedoria\/wp-json\/wp\/v2\/types\/post"}],"author":[{"embeddable":true,"href":"https:\/\/www.tjes.jus.br\/corregedoria\/wp-json\/wp\/v2\/users\/19"}],"replies":[{"embeddable":true,"href":"https:\/\/www.tjes.jus.br\/corregedoria\/wp-json\/wp\/v2\/comments?post=47021"}],"version-history":[{"count":2,"href":"https:\/\/www.tjes.jus.br\/corregedoria\/wp-json\/wp\/v2\/posts\/47021\/revisions"}],"predecessor-version":[{"id":47024,"href":"https:\/\/www.tjes.jus.br\/corregedoria\/wp-json\/wp\/v2\/posts\/47021\/revisions\/47024"}],"wp:attachment":[{"href":"https:\/\/www.tjes.jus.br\/corregedoria\/wp-json\/wp\/v2\/media?parent=47021"}],"wp:term":[{"taxonomy":"category","embeddable":true,"href":"https:\/\/www.tjes.jus.br\/corregedoria\/wp-json\/wp\/v2\/categories?post=47021"},{"taxonomy":"post_tag","embeddable":true,"href":"https:\/\/www.tjes.jus.br\/corregedoria\/wp-json\/wp\/v2\/tags?post=47021"}],"curies":[{"name":"wp","href":"https:\/\/api.w.org\/{rel}","templated":true}]}}