{"id":47025,"date":"2026-04-23T13:36:36","date_gmt":"2026-04-23T16:36:36","guid":{"rendered":"https:\/\/www.tjes.jus.br\/corregedoria\/?p=47025"},"modified":"2026-04-24T17:32:43","modified_gmt":"2026-04-24T20:32:43","slug":"ato-normativo-no-065-2026-disp-23-04-2026","status":"publish","type":"post","link":"https:\/\/www.tjes.jus.br\/corregedoria\/2026\/04\/23\/ato-normativo-no-065-2026-disp-23-04-2026\/","title":{"rendered":"ATO NORMATIVO N\u00ba 065\/2026 \u2013 DISP. 23\/04\/2026 &#8211; REPUBLICADO"},"content":{"rendered":"\n<div class=\"override-text\" align=\"center\">\n<h4><span style=\"color: #ff0000;\"><strong>REPUBLICADO EM 24\/04\/2026 (<a href=\"https:\/\/www.tjes.jus.br\/corregedoria\/2026\/04\/24\/ato-normativo-no-065-2026-disp-24-04-2026-republicacao\/\">CLIQUE AQUI<\/a>)<\/strong><\/span><\/h4>\n<p style=\"text-align: center;\"><del>PODER JUDICI\u00c1RIO DO ESTADO DO ESP\u00cdRITO SANTO &#8211; PJES<\/del><\/p>\n<p style=\"text-align: center;\"><del>RUA DESEMBARGADOR HOMERO MAFRA,60 &#8211; Bairro ENSEADA DO SU\u00c1 &#8211; CEP 29050906 &#8211; Vit\u00f3ria &#8211; ES &#8211; www.tjes.jus.br<\/del><\/p>\n<\/div>\n<p class=\"Texto_Centralizado_Maiusculas\" style=\"text-align: justify;\">\u00a0<\/p>\n<p class=\"Texto_Centralizado_Maiusculas\" style=\"text-align: center;\"><del><strong>ATO NORMATIVO N\u00ba 065\/2026<\/strong><\/del><\/p>\n<p style=\"text-align: justify;\">\u00a0<\/p>\n<p class=\"Texto_Alinhado_Esquerda\" style=\"text-align: justify;\"><del><em>Disp\u00f5e acerca da designa\u00e7\u00e3o dos membros para a composi\u00e7\u00e3o do Comit\u00ea Gestor de Seguran\u00e7a da Informa\u00e7\u00e3o (CGSI).<\/em><\/del><\/p>\n<p style=\"text-align: justify;\">\u00a0<\/p>\n<p class=\"Texto_Alinhado_Esquerda\" style=\"text-align: justify;\"><del>A Excelent\u00edssima Senhora Desembargadora Janete Vargas Sim\u00f5es, Presidente do Egr\u00e9gio Tribunal de Justi\u00e7a do Estado do Esp\u00edrito Santo, no uso de suas atribui\u00e7\u00f5es legais e regimentais, e<\/del><\/p>\n<p style=\"text-align: justify;\">\u00a0<\/p>\n<p class=\"Texto_Alinhado_Esquerda\" style=\"text-align: justify;\"><del><strong>CONSIDERANDO<\/strong>\u00a0o <a href=\"https:\/\/www.tjes.jus.br\/corregedoria\/2024\/03\/20\/ato-normativo-no-051-2024-disp-20-03-2024\/\">Ato Normativo n\u00ba 051\/2024<\/a> e suas altera\u00e7\u00f5es, que instituiu, no \u00e2mbito do Poder Judici\u00e1rio do Estado do Esp\u00edrito Santo, o Comit\u00ea Gestor de Seguran\u00e7a da Informa\u00e7\u00e3o (CGSI);<\/del><\/p>\n<p style=\"text-align: justify;\">\u00a0<\/p>\n<p class=\"Texto_Alinhado_Esquerda\" style=\"text-align: justify;\"><del><strong>CONSIDERANDO<\/strong>\u00a0o <a href=\"https:\/\/www.tjes.jus.br\/corregedoria\/2026\/02\/05\/ato-normativo-no-018-2026-disp-03-02-2026\/\">Ato Normativo n\u00ba 18\/2026<\/a>, que designou a composi\u00e7\u00e3o do Comit\u00ea Gestor de Seguran\u00e7a da Informa\u00e7\u00e3o do Poder Judici\u00e1rio do Esp\u00edrito Santo; e<\/del><\/p>\n<p style=\"text-align: justify;\">\u00a0<\/p>\n<p class=\"Texto_Alinhado_Esquerda\" style=\"text-align: justify;\"><del><strong>CONSIDERANDO<\/strong>\u00a0a necessidade de recomposi\u00e7\u00e3o do Comit\u00ea Gestor de Seguran\u00e7a da Informa\u00e7\u00e3o (CGSI);<\/del><\/p>\n<p style=\"text-align: justify;\">\u00a0<\/p>\n<p class=\"Texto_Alinhado_Esquerda\" style=\"text-align: justify;\"><del><strong>RESOLVE:<\/strong><\/del><\/p>\n<p style=\"text-align: justify;\">\u00a0<\/p>\n<p class=\"Texto_Alinhado_Esquerda\" style=\"text-align: justify;\"><del><strong>Art. 1\u00ba.\u00a0<\/strong>Designar para compor o Comit\u00ea Gestor de Seguran\u00e7a da Informa\u00e7\u00e3o do Poder Judici\u00e1rio do Esp\u00edrito Santo:<\/del><\/p>\n<p style=\"text-align: justify;\">\u00a0<\/p>\n<p class=\"Texto_Alinhado_Esquerda\" style=\"text-align: justify;\"><del><strong>I<\/strong>. Juiz de Direito Daniel Pe\u00e7anha Moreira, Assessor Especial da Presid\u00eancia;<\/del><\/p>\n<p style=\"text-align: justify;\">\u00a0<\/p>\n<p class=\"Texto_Alinhado_Esquerda\" style=\"text-align: justify;\"><del><strong>II<\/strong>. Juiz de Direito Manoel Cruz Doval, Juiz de Apoio Colaborador de Tecnologia;<\/del><\/p>\n<p style=\"text-align: justify;\">\u00a0<\/p>\n<p class=\"Texto_Alinhado_Esquerda\" style=\"text-align: justify;\"><del><strong>III<\/strong>. Juiz de Direito Lyrio Regis de Souza Lyrio, Juiz Corregedor, Corregedoria Geral da Justi\u00e7a do Esp\u00edrito Santo;<\/del><\/p>\n<p style=\"text-align: justify;\">\u00a0<\/p>\n<p class=\"Texto_Alinhado_Esquerda\" style=\"text-align: justify;\"><del><strong>IV<\/strong>. Secret\u00e1rio de Tecnologia da Informa\u00e7\u00e3o, Te\u00f3filo Teixeira Dias;<\/del><\/p>\n<p style=\"text-align: justify;\">\u00a0<\/p>\n<p class=\"Texto_Alinhado_Esquerda\" style=\"text-align: justify;\"><del><strong>V<\/strong>. Coordenador de Atendimento e Suporte ao Usu\u00e1rio, Sr. Juliano Vieira dos Santos;<\/del><\/p>\n<p style=\"text-align: justify;\">\u00a0<\/p>\n<p class=\"Texto_Alinhado_Esquerda\" style=\"text-align: justify;\"><del><strong>VI<\/strong>. Coordenadora de Desenvolvimento e Aplica\u00e7\u00f5es, Sra. Uliane Bertholdi Bernadino;<\/del><\/p>\n<p style=\"text-align: justify;\">\u00a0<\/p>\n<p class=\"Texto_Alinhado_Esquerda\" style=\"text-align: justify;\"><del><strong>VII<\/strong>. Coordenador de Sistemas Judiciais, Sr. Ricardo Destefani Passamani;<\/del><\/p>\n<p style=\"text-align: justify;\">\u00a0<\/p>\n<p class=\"Texto_Alinhado_Esquerda\" style=\"text-align: justify;\"><del><strong>VIII<\/strong>. Chefe da Se\u00e7\u00e3o de Rede e Seguran\u00e7a, Sr. Paulo Vinicius Oliveira Santos;<\/del><\/p>\n<p style=\"text-align: justify;\">\u00a0<\/p>\n<p class=\"Texto_Alinhado_Esquerda\" style=\"text-align: justify;\"><del><strong>IX<\/strong>. Assessor de Seguran\u00e7a Institucional, Sr. Artur Henrique Matos da Cunha;<\/del><\/p>\n<p style=\"text-align: justify;\">\u00a0<\/p>\n<p class=\"Texto_Alinhado_Esquerda\" style=\"text-align: justify;\"><del><strong>X<\/strong>. Coordenadora Administrativa da Escola de Magistratura do Esp\u00edrito Santo, Sra. Lorrayne Serafim Moro;<\/del><\/p>\n<p style=\"text-align: justify;\">\u00a0<\/p>\n<p class=\"Texto_Alinhado_Esquerda\" style=\"text-align: justify;\"><del><strong>XI<\/strong>. Assessora da Assessoria de Imprensa e Comunica\u00e7\u00e3o Social, Sra. Carolina de Carvalho Veiga;<\/del><\/p>\n<p style=\"text-align: justify;\">\u00a0<\/p>\n<p class=\"Texto_Alinhado_Esquerda\" style=\"text-align: justify;\"><del><strong>XII<\/strong>. Servidor do PJES com conhecimentos na \u00e1rea de tecnologia da informa\u00e7\u00e3o, Sr. Rodrigo Esteves Gomes; e<\/del><\/p>\n<p style=\"text-align: justify;\">\u00a0<\/p>\n<p class=\"Texto_Alinhado_Esquerda\" style=\"text-align: justify;\"><del><strong>XIII<\/strong>. Servidor do PJES com conhecimentos na \u00e1rea de seguran\u00e7a da informa\u00e7\u00e3o, Sr. Robson Limaverde Valen\u00e7a da Silva.<\/del><\/p>\n<p style=\"text-align: justify;\">\u00a0<\/p>\n<p class=\"Texto_Alinhado_Esquerda\" style=\"text-align: justify;\"><del><strong>Art. 2\u00ba.<\/strong>\u00a0Fica revogado o <a href=\"https:\/\/www.tjes.jus.br\/corregedoria\/2026\/02\/05\/ato-normativo-no-018-2026-disp-03-02-2026\/\">Ato Normativo 18\/2026<\/a>.<\/del><\/p>\n<p style=\"text-align: justify;\">\u00a0<\/p>\n<p class=\"Texto_Alinhado_Esquerda\" style=\"text-align: justify;\"><del><strong>Art. 3\u00ba.\u00a0<\/strong>Este Ato Normativo entra em vigor na data de sua publica\u00e7\u00e3o.<\/del><\/p>\n<p style=\"text-align: justify;\">\u00a0<\/p>\n<p class=\"Texto_Alinhado_Esquerda\" style=\"text-align: justify;\"><del>Publique-se.<\/del><\/p>\n<p style=\"text-align: justify;\">\u00a0<\/p>\n<p style=\"text-align: justify;\"><del>Vit\u00f3ria, 22 de abril de 2026.<\/del><\/p>\n<p style=\"text-align: justify;\">\u00a0<\/p>\n<p style=\"text-align: justify;\">\u00a0<\/p>\n<p class=\"Texto_Centralizado\" style=\"text-align: center;\"><br \/><del><strong>Desembargadora Janete Vargas Sim\u00f5es<\/strong><\/del><\/p>\n<p class=\"Texto_Centralizado\" style=\"text-align: center;\"><del>Presidente do Tribunal de Justi\u00e7a do Estado do Esp\u00edrito Santo<\/del><\/p>\n","protected":false},"excerpt":{"rendered":"<p>REPUBLICADO EM 24\/04\/2026 (CLIQUE AQUI) PODER JUDICI\u00c1RIO DO ESTADO DO ESP\u00cdRITO SANTO &#8211; PJES RUA DESEMBARGADOR HOMERO MAFRA,60 &#8211; Bairro ENSEADA DO SU\u00c1 &#8211; CEP 29050906 &#8211; Vit\u00f3ria &#8211; ES &#8211; www.tjes.jus.br \u00a0 ATO NORMATIVO N\u00ba 065\/2026 \u00a0 Disp\u00f5e acerca da designa\u00e7\u00e3o dos membros para a composi\u00e7\u00e3o do Comit\u00ea Gestor de Seguran\u00e7a da Informa\u00e7\u00e3o (CGSI). [&hellip;]<\/p>\n","protected":false},"author":19,"featured_media":0,"comment_status":"closed","ping_status":"closed","sticky":false,"template":"","format":"standard","meta":{"footnotes":""},"categories":[4,14],"tags":[],"_links":{"self":[{"href":"https:\/\/www.tjes.jus.br\/corregedoria\/wp-json\/wp\/v2\/posts\/47025"}],"collection":[{"href":"https:\/\/www.tjes.jus.br\/corregedoria\/wp-json\/wp\/v2\/posts"}],"about":[{"href":"https:\/\/www.tjes.jus.br\/corregedoria\/wp-json\/wp\/v2\/types\/post"}],"author":[{"embeddable":true,"href":"https:\/\/www.tjes.jus.br\/corregedoria\/wp-json\/wp\/v2\/users\/19"}],"replies":[{"embeddable":true,"href":"https:\/\/www.tjes.jus.br\/corregedoria\/wp-json\/wp\/v2\/comments?post=47025"}],"version-history":[{"count":4,"href":"https:\/\/www.tjes.jus.br\/corregedoria\/wp-json\/wp\/v2\/posts\/47025\/revisions"}],"predecessor-version":[{"id":47090,"href":"https:\/\/www.tjes.jus.br\/corregedoria\/wp-json\/wp\/v2\/posts\/47025\/revisions\/47090"}],"wp:attachment":[{"href":"https:\/\/www.tjes.jus.br\/corregedoria\/wp-json\/wp\/v2\/media?parent=47025"}],"wp:term":[{"taxonomy":"category","embeddable":true,"href":"https:\/\/www.tjes.jus.br\/corregedoria\/wp-json\/wp\/v2\/categories?post=47025"},{"taxonomy":"post_tag","embeddable":true,"href":"https:\/\/www.tjes.jus.br\/corregedoria\/wp-json\/wp\/v2\/tags?post=47025"}],"curies":[{"name":"wp","href":"https:\/\/api.w.org\/{rel}","templated":true}]}}