{"id":47030,"date":"2026-04-23T13:39:54","date_gmt":"2026-04-23T16:39:54","guid":{"rendered":"https:\/\/www.tjes.jus.br\/corregedoria\/?p=47030"},"modified":"2026-04-23T13:41:30","modified_gmt":"2026-04-23T16:41:30","slug":"ato-normativo-no-066-2026-disp-23-04-2026","status":"publish","type":"post","link":"https:\/\/www.tjes.jus.br\/corregedoria\/2026\/04\/23\/ato-normativo-no-066-2026-disp-23-04-2026\/","title":{"rendered":"ATO NORMATIVO N\u00ba 066\/2026 \u2013 DISP. 23\/04\/2026"},"content":{"rendered":"\n<div class=\"override-text\" align=\"center\">\n<p style=\"text-align: center;\">PODER JUDICI\u00c1RIO DO ESTADO DO ESP\u00cdRITO SANTO &#8211; PJES<\/p>\n<p style=\"text-align: center;\">RUA DESEMBARGADOR HOMERO MAFRA,60 &#8211; Bairro ENSEADA DO SU\u00c1 &#8211; CEP 29050906 &#8211; Vit\u00f3ria &#8211; ES &#8211; www.tjes.jus.br<\/p>\n<\/div>\n<p class=\"Texto_Centralizado_Maiusculas\" style=\"text-align: justify;\">\u00a0<\/p>\n<p class=\"Texto_Centralizado_Maiusculas\" style=\"text-align: center;\"><strong>ATO NORMATIVO N\u00ba 066 \/2026<\/strong><\/p>\n<p style=\"text-align: justify;\">\u00a0<\/p>\n<p class=\"Texto_Justificado\" style=\"text-align: justify;\"><em>Disp\u00f5e acerca da designa\u00e7\u00e3o dos membros para a composi\u00e7\u00e3o do Comit\u00ea de Gest\u00e3o de Tecnologia da Informa\u00e7\u00e3o e Comunica\u00e7\u00e3o \u2013 CGESTIC.<\/em><\/p>\n<p style=\"text-align: justify;\">\u00a0<\/p>\n<p class=\"Texto_Justificado\" style=\"text-align: justify;\">A Excelent\u00edssima Senhora Desembargadora Janete Vargas Sim\u00f5es, Presidente do Egr\u00e9gio Tribunal de Justi\u00e7a do Estado do Esp\u00edrito Santo, no uso de suas atribui\u00e7\u00f5es legais e regimentais, e<\/p>\n<p style=\"text-align: justify;\">\u00a0<\/p>\n<p class=\"Texto_Justificado\" style=\"text-align: justify;\"><strong>CONSIDERANDO<\/strong>\u00a0que a Tecnologia da Informa\u00e7\u00e3o e Comunica\u00e7\u00e3o \u2013 TIC constitui ferramenta indispens\u00e1vel \u00e0 realiza\u00e7\u00e3o das fun\u00e7\u00f5es institucionais do Tribunal de Justi\u00e7a do Estado do Esp\u00edrito Santo;<\/p>\n<p style=\"text-align: justify;\">\u00a0<\/p>\n<p class=\"Texto_Justificado\" style=\"text-align: justify;\"><strong>CONSIDERANDO<\/strong>\u00a0a necessidade de acompanhamento e atualiza\u00e7\u00e3o das diretrizes tra\u00e7adas pelo Conselho Nacional de Justi\u00e7a \u2013 CNJ, por meio de resolu\u00e7\u00f5es, sobre o tema Tecnologia da Informa\u00e7\u00e3o e Comunica\u00e7\u00e3o do Poder Judici\u00e1rio;<\/p>\n<p style=\"text-align: justify;\">\u00a0<\/p>\n<p class=\"Texto_Justificado\" style=\"text-align: justify;\"><strong>CONSIDERANDO<\/strong>\u00a0a Resolu\u00e7\u00e3o CNJ n\u00ba 370\/2021, que instituiu a Estrat\u00e9gia Nacional de Tecnologia da Informa\u00e7\u00e3o e Comunica\u00e7\u00e3o do Poder Judici\u00e1rio \u2013 ENTIC-JUD para o sex\u00eanio 2021-2026, cujo art. 8\u00ba, caput, determina a cria\u00e7\u00e3o de um Comit\u00ea de Gest\u00e3o de Tecnologia da Informa\u00e7\u00e3o e Comunica\u00e7\u00e3o pelas \u00e1reas de TIC de todos os \u00f3rg\u00e3os do Poder Judici\u00e1rio, que dever\u00e1 ser coordenado pelo titular da \u00e1rea de TIC; e<\/p>\n<p style=\"text-align: justify;\">\u00a0<\/p>\n<p class=\"Texto_Justificado\" style=\"text-align: justify;\"><strong>CONSIDERANDO<\/strong>\u00a0o <a href=\"https:\/\/www.tjes.jus.br\/corregedoria\/2025\/06\/18\/ato-normativo-no-195-2025-disp-18-06-2025\/\">Ato Normativo n\u00b0 195\/2025<\/a>, em que se faz constar a nova composi\u00e7\u00e3o do Comit\u00ea de Gest\u00e3o de Tecnologia da Informa\u00e7\u00e3o e Comunica\u00e7\u00e3o \u2013 CGESTIC do Poder Judici\u00e1rio do Estado do Esp\u00edrito Santo, institu\u00edda pelo Ato Normativo\u00a0n\u00ba 115\/2024,<\/p>\n<p style=\"text-align: justify;\">\u00a0<\/p>\n<p class=\"Texto_Justificado\" style=\"text-align: justify;\"><strong>RESOLVE:<\/strong><\/p>\n<p style=\"text-align: justify;\">\u00a0<\/p>\n<p class=\"Texto_Justificado\" style=\"text-align: justify;\"><strong>Art. 1\u00ba\u00a0<\/strong>\u2013 Designar os seguintes membros para a composi\u00e7\u00e3o do Comit\u00ea de Gest\u00e3o de Tecnologia da Informa\u00e7\u00e3o e Comunica\u00e7\u00e3o \u2013 CGESTIC:<\/p>\n<p style=\"text-align: justify;\">\u00a0<\/p>\n<p class=\"Texto_Justificado\" style=\"text-align: justify;\">I. Juiz de Direito Manoel Cruz Doval, Juiz de Apoio Colaborador de Tecnologia;<\/p>\n<p style=\"text-align: justify;\">\u00a0<\/p>\n<p class=\"Texto_Justificado\" style=\"text-align: justify;\">II. Secret\u00e1rio de Tecnologia da Informa\u00e7\u00e3o, Te\u00f3filo Teixeira Dias;<\/p>\n<p style=\"text-align: justify;\">\u00a0<\/p>\n<p class=\"Texto_Justificado\" style=\"text-align: justify;\">III. Coordenador de Atendimento e Suporte ao Usu\u00e1rio, Sr. Juliano Vieira dos Santos;<\/p>\n<p style=\"text-align: justify;\">\u00a0<\/p>\n<p class=\"Texto_Justificado\" style=\"text-align: justify;\">IV. Coordenadora de Desenvolvimento e Aplica\u00e7\u00f5es, Sra. Uliane Bertholdi Bernadino;<\/p>\n<p style=\"text-align: justify;\">\u00a0<\/p>\n<p class=\"Texto_Justificado\" style=\"text-align: justify;\">V. Coordenador de Sistemas Judiciais, Sr. Ricardo Destefani Passamani;<\/p>\n<p style=\"text-align: justify;\">\u00a0<\/p>\n<p class=\"Texto_Justificado\" style=\"text-align: justify;\"><strong>Art. 2\u00ba \u2013\u00a0<\/strong>Fica revogada a <a href=\"https:\/\/www.tjes.jus.br\/corregedoria\/2026\/01\/15\/portaria-no-1-2026-disp-15-01-2026\/\">Portaria n\u00ba. 01\/2026<\/a>.<\/p>\n<p style=\"text-align: justify;\">\u00a0<\/p>\n<p class=\"Texto_Justificado\" style=\"text-align: justify;\"><strong>Art. 3\u00ba \u2013<\/strong>\u00a0Este Ato Normativo entra em vigor na data de sua publica\u00e7\u00e3o.<\/p>\n<p style=\"text-align: justify;\">\u00a0<\/p>\n<p class=\"Texto_Justificado\" style=\"text-align: justify;\"><strong>Publique-se<\/strong>.<\/p>\n<p style=\"text-align: justify;\">\u00a0<\/p>\n<p style=\"text-align: justify;\">Vit\u00f3ria, 22 de abril de 2026.<\/p>\n<p style=\"text-align: justify;\">\u00a0<\/p>\n<p style=\"text-align: justify;\">\u00a0<\/p>\n<p class=\"Texto_Centralizado\" style=\"text-align: center;\"><strong>Desembargadora Janete Vargas Sim\u00f5es<\/strong><\/p>\n<p class=\"Texto_Centralizado\" style=\"text-align: center;\">Presidente do Tribunal de Justi\u00e7a do Estado do Esp\u00edrito Santo<\/p>\n","protected":false},"excerpt":{"rendered":"<p>PODER JUDICI\u00c1RIO DO ESTADO DO ESP\u00cdRITO SANTO &#8211; PJES RUA DESEMBARGADOR HOMERO MAFRA,60 &#8211; Bairro ENSEADA DO SU\u00c1 &#8211; CEP 29050906 &#8211; Vit\u00f3ria &#8211; ES &#8211; www.tjes.jus.br \u00a0 ATO NORMATIVO N\u00ba 066 \/2026 \u00a0 Disp\u00f5e acerca da designa\u00e7\u00e3o dos membros para a composi\u00e7\u00e3o do Comit\u00ea de Gest\u00e3o de Tecnologia da Informa\u00e7\u00e3o e Comunica\u00e7\u00e3o \u2013 CGESTIC. [&hellip;]<\/p>\n","protected":false},"author":19,"featured_media":0,"comment_status":"closed","ping_status":"closed","sticky":false,"template":"","format":"standard","meta":{"footnotes":""},"categories":[4,14],"tags":[],"_links":{"self":[{"href":"https:\/\/www.tjes.jus.br\/corregedoria\/wp-json\/wp\/v2\/posts\/47030"}],"collection":[{"href":"https:\/\/www.tjes.jus.br\/corregedoria\/wp-json\/wp\/v2\/posts"}],"about":[{"href":"https:\/\/www.tjes.jus.br\/corregedoria\/wp-json\/wp\/v2\/types\/post"}],"author":[{"embeddable":true,"href":"https:\/\/www.tjes.jus.br\/corregedoria\/wp-json\/wp\/v2\/users\/19"}],"replies":[{"embeddable":true,"href":"https:\/\/www.tjes.jus.br\/corregedoria\/wp-json\/wp\/v2\/comments?post=47030"}],"version-history":[{"count":2,"href":"https:\/\/www.tjes.jus.br\/corregedoria\/wp-json\/wp\/v2\/posts\/47030\/revisions"}],"predecessor-version":[{"id":47033,"href":"https:\/\/www.tjes.jus.br\/corregedoria\/wp-json\/wp\/v2\/posts\/47030\/revisions\/47033"}],"wp:attachment":[{"href":"https:\/\/www.tjes.jus.br\/corregedoria\/wp-json\/wp\/v2\/media?parent=47030"}],"wp:term":[{"taxonomy":"category","embeddable":true,"href":"https:\/\/www.tjes.jus.br\/corregedoria\/wp-json\/wp\/v2\/categories?post=47030"},{"taxonomy":"post_tag","embeddable":true,"href":"https:\/\/www.tjes.jus.br\/corregedoria\/wp-json\/wp\/v2\/tags?post=47030"}],"curies":[{"name":"wp","href":"https:\/\/api.w.org\/{rel}","templated":true}]}}