{"id":47037,"date":"2026-04-23T13:44:06","date_gmt":"2026-04-23T16:44:06","guid":{"rendered":"https:\/\/www.tjes.jus.br\/corregedoria\/?p=47037"},"modified":"2026-04-23T13:45:26","modified_gmt":"2026-04-23T16:45:26","slug":"ato-normativo-no-067-2026-disp-23-04-2026","status":"publish","type":"post","link":"https:\/\/www.tjes.jus.br\/corregedoria\/2026\/04\/23\/ato-normativo-no-067-2026-disp-23-04-2026\/","title":{"rendered":"ATO NORMATIVO N\u00ba 067\/2026 \u2013 DISP. 23\/04\/2026"},"content":{"rendered":"\n<div class=\"override-text\" align=\"center\">\n<p style=\"text-align: center;\">PODER JUDICI\u00c1RIO DO ESTADO DO ESP\u00cdRITO SANTO &#8211; PJES<\/p>\n<p style=\"text-align: center;\">RUA DESEMBARGADOR HOMERO MAFRA,60 &#8211; Bairro ENSEADA DO SU\u00c1 &#8211; CEP 29050906 &#8211; Vit\u00f3ria &#8211; ES &#8211; www.tjes.jus.br<\/p>\n<\/div>\n<p class=\"Texto_Centralizado_Maiusculas\" style=\"text-align: justify;\">\u00a0<\/p>\n<p class=\"Texto_Centralizado_Maiusculas\" style=\"text-align: center;\"><strong>ATO NORMATIVO N\u00ba 067\/2026<\/strong><\/p>\n<p style=\"text-align: justify;\">\u00a0<\/p>\n<p class=\"Texto_Justificado\" style=\"text-align: justify;\"><em>Disp\u00f5e acerca da designa\u00e7\u00e3o dos membros para a composi\u00e7\u00e3o do Comit\u00ea Gestor Estadual da Plataforma Digital do Poder Judici\u00e1rio Brasileiro (PDPJ-Br).<\/em><\/p>\n<p style=\"text-align: justify;\">\u00a0<\/p>\n<p class=\"Texto_Justificado\" style=\"text-align: justify;\">A Excelent\u00edssima Desembargadora Janete Vargas Sim\u00f5es, Presidente do Egr\u00e9gio Tribunal de Justi\u00e7a do Estado do Esp\u00edrito Santo, no uso de suas atribui\u00e7\u00f5es legais e regimentais, e<\/p>\n<p style=\"text-align: justify;\">\u00a0<\/p>\n<p class=\"Texto_Justificado\" style=\"text-align: justify;\"><strong>CONSIDERANDO<\/strong>\u00a0o <a href=\"https:\/\/www.tjes.jus.br\/corregedoria\/2022\/05\/25\/ato-normativo-no-053-2022-disp-25-05-2022\/\">Ato Normativo TJES n\u00ba 053\/2022<\/a>, que instituiu o Comit\u00ea Gestor Estadual da Plataforma Digital do Poder Judici\u00e1rio Brasileiro (PDPJ-Br) e d\u00e1 outras provid\u00eancias;<\/p>\n<p style=\"text-align: justify;\">\u00a0<\/p>\n<p class=\"Texto_Justificado\" style=\"text-align: justify;\"><strong>CONSIDERANDO<\/strong>\u00a0a necessidade de recomposi\u00e7\u00e3o do Comit\u00ea Gestor Estadual da PDPJ-Br,<\/p>\n<p style=\"text-align: justify;\">\u00a0<\/p>\n<p class=\"Texto_Justificado\" style=\"text-align: justify;\"><strong>RESOLVE:<\/strong><\/p>\n<p style=\"text-align: justify;\">\u00a0<\/p>\n<p class=\"Texto_Justificado\" style=\"text-align: justify;\"><strong>Art. 1\u00ba<\/strong>\u00a0\u2013 Designar os seguintes membros para a composi\u00e7\u00e3o do Comit\u00ea Gestor Estadual da Plataforma Digital do Poder Judici\u00e1rio Brasileiro (PDPJ-Br):<\/p>\n<p style=\"text-align: justify;\">\u00a0<\/p>\n<p class=\"Texto_Justificado\" style=\"text-align: justify;\">I \u2013 Desembargadora Janete Vargas Sim\u00f5es, Presidente do Tribunal de Justi\u00e7a;<\/p>\n<p style=\"text-align: justify;\">\u00a0<\/p>\n<p class=\"Texto_Justificado\" style=\"text-align: justify;\">II \u2013 Juiz de Direito Daniel Pe\u00e7anha Moreira, Assessor Especial da Presid\u00eancia;<\/p>\n<p style=\"text-align: justify;\">\u00a0<\/p>\n<p class=\"Texto_Justificado\" style=\"text-align: justify;\">III \u2013 Juiz de Direito Gustavo Mar\u00e7al da Silva e Silva, Assessor Especial da Vice-Presid\u00eancia;<\/p>\n<p style=\"text-align: justify;\">\u00a0<\/p>\n<p class=\"Texto_Justificado\" style=\"text-align: justify;\">IV \u2013 Juiz de Direito Manoel Cruz Doval, Juiz de Apoio Colaborador de Tecnologia;<\/p>\n<p style=\"text-align: justify;\">\u00a0<\/p>\n<p class=\"Texto_Justificado\" style=\"text-align: justify;\">V \u2013 Secret\u00e1rio de Tecnologia da Informa\u00e7\u00e3o, Te\u00f3filo Teixeira Dias;<\/p>\n<p style=\"text-align: justify;\">\u00a0<\/p>\n<p class=\"Texto_Justificado\" style=\"text-align: justify;\">VI \u2013 Coordenador de Atendimento e Suporte ao Usu\u00e1rio, Sr. Juliano Vieira dos Santos;<\/p>\n<p style=\"text-align: justify;\">\u00a0<\/p>\n<p class=\"Texto_Justificado\" style=\"text-align: justify;\">VII \u2013 Coordenadora de Desenvolvimento e Aplica\u00e7\u00f5es, Sra. Uliane Bertholdi Bernadino;<\/p>\n<p style=\"text-align: justify;\">\u00a0<\/p>\n<p class=\"Texto_Justificado\" style=\"text-align: justify;\">VIII \u2013 Coordenador de Sistemas Judiciais, Sr. Ricardo Destefani Passamani;<\/p>\n<p style=\"text-align: justify;\">\u00a0<\/p>\n<p class=\"Texto_Justificado\" style=\"text-align: justify;\">IX \u2013 Procurador de Justi\u00e7a Alexandre Jos\u00e9 Guimar\u00e3es, Coordenador da Assessoria de Integra\u00e7\u00e3o Tecnol\u00f3gica e Sistemas &#8211; ATEC\/MPES;<\/p>\n<p style=\"text-align: justify;\">\u00a0<\/p>\n<p class=\"Texto_Justificado\" style=\"text-align: justify;\">X &#8211; Defensor P\u00fablico Vitor Valdir Ramalho Soares;<\/p>\n<p style=\"text-align: justify;\">\u00a0<\/p>\n<p class=\"Texto_Justificado\" style=\"text-align: justify;\">XI &#8211; Procurador do Estado Rafael Santos de Almeida;<\/p>\n<p style=\"text-align: justify;\">\u00a0<\/p>\n<p class=\"Texto_Justificado\" style=\"text-align: justify;\">XII &#8211; Advogado Bruno Guerra de Azevedo.<\/p>\n<p style=\"text-align: justify;\">\u00a0<\/p>\n<p class=\"Texto_Justificado\" style=\"text-align: justify;\"><strong>Art. 2\u00ba<\/strong>\u00a0\u2013 Designar os seguintes suplentes:<\/p>\n<p style=\"text-align: justify;\">\u00a0<\/p>\n<p class=\"Texto_Justificado\" style=\"text-align: justify;\">I &#8211; Promotor de Justi\u00e7a Lidson Fausto da Silva, Diretor-Geral do MPES;<\/p>\n<p style=\"text-align: justify;\">\u00a0<\/p>\n<p class=\"Texto_Justificado\" style=\"text-align: justify;\">II &#8211; Defensora P\u00fablica Maria Gabriela Agapito da Veiga Pereira da Silva;<\/p>\n<p style=\"text-align: justify;\">\u00a0<\/p>\n<p class=\"Texto_Justificado\" style=\"text-align: justify;\">III &#8211; Procurador do Estado Igor Gimenes Alvarenga Domingues;<\/p>\n<p style=\"text-align: justify;\">\u00a0<\/p>\n<p class=\"Texto_Justificado\" style=\"text-align: justify;\">IV &#8211; Advogado Filippe Roberto Garcia de Moraes.<\/p>\n<p style=\"text-align: justify;\">\u00a0<\/p>\n<p class=\"Texto_Justificado\" style=\"text-align: justify;\"><strong>Art. 3\u00ba<\/strong>\u00a0\u2013 Fica revogada a <a href=\"https:\/\/www.tjes.jus.br\/corregedoria\/2026\/01\/15\/portaria-no-002-2026-disp-15-01-2026\/\">Portaria n\u00ba 02\/2026<\/a>.<\/p>\n<p style=\"text-align: justify;\">\u00a0<\/p>\n<p class=\"Texto_Justificado\" style=\"text-align: justify;\"><strong>Art. 4\u00ba<\/strong>\u00a0\u2013 Este Ato Normativo entra em vigor na data de sua publica\u00e7\u00e3o.<\/p>\n<p style=\"text-align: justify;\">\u00a0<\/p>\n<p class=\"Texto_Justificado\" style=\"text-align: justify;\"><strong>Publique-se<\/strong>.<\/p>\n<p style=\"text-align: justify;\">\u00a0<\/p>\n<p style=\"text-align: justify;\">Vit\u00f3ria, 22 de abril de 2026.<\/p>\n<p style=\"text-align: justify;\">\u00a0<\/p>\n<p style=\"text-align: justify;\">\u00a0<\/p>\n<p class=\"Texto_Centralizado\" style=\"text-align: center;\"><strong>Desembargadora Janete Vargas Sim\u00f5es<\/strong><br \/>Presidente do Tribunal de Justi\u00e7a do Estado do Esp\u00edrito Santo<\/p>\n","protected":false},"excerpt":{"rendered":"<p>PODER JUDICI\u00c1RIO DO ESTADO DO ESP\u00cdRITO SANTO &#8211; PJES RUA DESEMBARGADOR HOMERO MAFRA,60 &#8211; Bairro ENSEADA DO SU\u00c1 &#8211; CEP 29050906 &#8211; Vit\u00f3ria &#8211; ES &#8211; www.tjes.jus.br \u00a0 ATO NORMATIVO N\u00ba 067\/2026 \u00a0 Disp\u00f5e acerca da designa\u00e7\u00e3o dos membros para a composi\u00e7\u00e3o do Comit\u00ea Gestor Estadual da Plataforma Digital do Poder Judici\u00e1rio Brasileiro (PDPJ-Br). \u00a0 [&hellip;]<\/p>\n","protected":false},"author":19,"featured_media":0,"comment_status":"closed","ping_status":"closed","sticky":false,"template":"","format":"standard","meta":{"footnotes":""},"categories":[4,14],"tags":[],"_links":{"self":[{"href":"https:\/\/www.tjes.jus.br\/corregedoria\/wp-json\/wp\/v2\/posts\/47037"}],"collection":[{"href":"https:\/\/www.tjes.jus.br\/corregedoria\/wp-json\/wp\/v2\/posts"}],"about":[{"href":"https:\/\/www.tjes.jus.br\/corregedoria\/wp-json\/wp\/v2\/types\/post"}],"author":[{"embeddable":true,"href":"https:\/\/www.tjes.jus.br\/corregedoria\/wp-json\/wp\/v2\/users\/19"}],"replies":[{"embeddable":true,"href":"https:\/\/www.tjes.jus.br\/corregedoria\/wp-json\/wp\/v2\/comments?post=47037"}],"version-history":[{"count":2,"href":"https:\/\/www.tjes.jus.br\/corregedoria\/wp-json\/wp\/v2\/posts\/47037\/revisions"}],"predecessor-version":[{"id":47040,"href":"https:\/\/www.tjes.jus.br\/corregedoria\/wp-json\/wp\/v2\/posts\/47037\/revisions\/47040"}],"wp:attachment":[{"href":"https:\/\/www.tjes.jus.br\/corregedoria\/wp-json\/wp\/v2\/media?parent=47037"}],"wp:term":[{"taxonomy":"category","embeddable":true,"href":"https:\/\/www.tjes.jus.br\/corregedoria\/wp-json\/wp\/v2\/categories?post=47037"},{"taxonomy":"post_tag","embeddable":true,"href":"https:\/\/www.tjes.jus.br\/corregedoria\/wp-json\/wp\/v2\/tags?post=47037"}],"curies":[{"name":"wp","href":"https:\/\/api.w.org\/{rel}","templated":true}]}}