{"id":47045,"date":"2026-04-23T13:47:33","date_gmt":"2026-04-23T16:47:33","guid":{"rendered":"https:\/\/www.tjes.jus.br\/corregedoria\/?p=47045"},"modified":"2026-04-23T14:09:05","modified_gmt":"2026-04-23T17:09:05","slug":"ato-normativo-no-068-2026-disp-23-04-2026","status":"publish","type":"post","link":"https:\/\/www.tjes.jus.br\/corregedoria\/2026\/04\/23\/ato-normativo-no-068-2026-disp-23-04-2026\/","title":{"rendered":"ATO NORMATIVO N\u00ba 068\/2026 \u2013 DISP. 23\/04\/2026"},"content":{"rendered":"\n<div class=\"override-text\" align=\"center\">\n<p style=\"text-align: center;\">PODER JUDICI\u00c1RIO DO ESTADO DO ESP\u00cdRITO SANTO &#8211; PJES<\/p>\n<p style=\"text-align: center;\">RUA DESEMBARGADOR HOMERO MAFRA,60 &#8211; Bairro ENSEADA DO SU\u00c1 &#8211; CEP 29050906 &#8211; Vit\u00f3ria &#8211; ES &#8211; www.tjes.jus.br<\/p>\n<\/div>\n<p class=\"Texto_Centralizado_Maiusculas\" style=\"text-align: justify;\">\u00a0<\/p>\n<p class=\"Texto_Centralizado\" style=\"text-align: center;\"><strong>ATO NORMATIVO N\u00ba\u00a0 068\/2026<\/strong><\/p>\n<p style=\"text-align: justify;\">\u00a0<\/p>\n<p class=\"Texto_Justificado\" style=\"text-align: justify;\"><em>Disp\u00f5e sobre a extin\u00e7\u00e3o e a revoga\u00e7\u00e3o de comiss\u00f5es no \u00e2mbito do Poder Judici\u00e1rio do Estado do Esp\u00edrito Santo.<\/em><\/p>\n<p style=\"text-align: justify;\">\u00a0<\/p>\n<p class=\"Texto_Justificado\" style=\"text-align: justify;\">A Excelent\u00edssima Desembargadora JANETE VARGAS SIM\u00d5ES, Presidente do Egr\u00e9gio Tribunal de\u00a0Justi\u00e7a do Estado do Esp\u00edrito Santo, no uso de suas atribui\u00e7\u00f5es legais e regimentais, e<\/p>\n<p style=\"text-align: justify;\">\u00a0<\/p>\n<p class=\"Texto_Justificado\" style=\"text-align: justify;\">CONSIDERANDO o encerramento das atividades de diversas comiss\u00f5es institu\u00eddas para finalidades espec\u00edficas, em raz\u00e3o do exaurimento do seu objeto;<\/p>\n<p style=\"text-align: justify;\">\u00a0<\/p>\n<p class=\"Texto_Justificado\" style=\"text-align: justify;\">CONSIDERANDO o objetivo de cientificar quanto ao encerramento institucional das comiss\u00f5es;<\/p>\n<p style=\"text-align: justify;\">\u00a0<\/p>\n<p class=\"Texto_Justificado\" style=\"text-align: justify;\"><strong>RESOLVE:<\/strong><\/p>\n<p style=\"text-align: justify;\">\u00a0<\/p>\n<p class=\"Texto_Justificado\" style=\"text-align: justify;\"><strong>Art. 1\u00ba<\/strong>\u00a0\u2013 Ficam revogados os atos normativos das seguintes comiss\u00f5es:<\/p>\n<p style=\"text-align: justify;\">\u00a0<\/p>\n<ul style=\"text-align: justify;\">\n<li>\n<p class=\"Texto_Justificado\"><a href=\"https:\/\/www.tjes.jus.br\/corregedoria\/2016\/06\/27\/ato-normativo-conjunto-no-0072013-disp-16042013\/\"><strong>Ato Normativo Conjunto n\u00ba 07\/2013<\/strong><\/a>\u00a0&#8211; Comiss\u00e3o Interinstitucional de Uniformiza\u00e7\u00e3o de Procedimentos \u2013 Lei Maria da Penha;<\/p>\n<\/li>\n<li>\n<p class=\"Texto_Justificado\"><a href=\"https:\/\/www.tjes.jus.br\/corregedoria\/2019\/07\/22\/ato-normativo-no-101-2019-disp-22-07-2019\/\"><strong>Ato Normativo n\u00ba 101\/2019<\/strong><\/a>\u00a0&#8211; Comiss\u00e3o para elabora\u00e7\u00e3o de estudos voltados \u00e0 aplica\u00e7\u00e3o dos artigos 4\u00ba, 5\u00ba e 6\u00ba, da Lei Complementar Estadual n\u00ba 234\/2002, alterados pela Lei Complementar Estadual n\u00ba 788\/2014.<\/p>\n<\/li>\n<li>\n<p class=\"Texto_Justificado\"><a href=\"https:\/\/www.tjes.jus.br\/corregedoria\/2022\/06\/30\/ato-normativo-no-085-2022-disp-30-06-2022\/\"><strong>Ato Normativo n\u00ba 085\/2022<\/strong><\/a>\u00a0&#8211; Comiss\u00e3o para Revis\u00e3o de Tabela de Emolumentos;<\/p>\n<\/li>\n<li>\n<p class=\"Texto_Justificado\"><a href=\"https:\/\/www.tjes.jus.br\/corregedoria\/2022\/08\/08\/ato-normativo-no-108-2022-disp-08-08-2022\/\"><strong>Ato Normativo n\u00ba 108\/2022<\/strong><\/a>\u00a0&#8211; Comiss\u00e3o de Concurso para Sele\u00e7\u00e3o de Servidores do PJES;<\/p>\n<\/li>\n<li>\n<p class=\"Texto_Justificado\"><a href=\"https:\/\/www.tjes.jus.br\/corregedoria\/2022\/09\/16\/ato-normativo-no-135-2022-disp-16-09-2022\/\"><strong>Ato Normativo n\u00ba 135\/2022<\/strong><\/a>\u00a0&#8211; Comiss\u00e3o de Processo Seletivo para Juiz Leigo;<\/p>\n<\/li>\n<li>\n<p class=\"Texto_Justificado\"><a href=\"https:\/\/www.tjes.jus.br\/corregedoria\/2024\/08\/08\/ato-normativo-no-175-2024-disp-08-08-2024\/\"><strong>Ato Normativo n\u00ba 175\/2024<\/strong><\/a>\u00a0&#8211; Comiss\u00e3o para o Juiz das Garantias;<\/p>\n<\/li>\n<li>\n<p class=\"Texto_Justificado\"><a href=\"https:\/\/www.tjes.jus.br\/corregedoria\/2025\/03\/25\/ato-normativo-conjunto-no-008-2025-disp-25-03-2025\/\"><strong>Ato Normativo Conjunto n\u00ba 08\/2025<\/strong><\/a>\u00a0&#8211; Comiss\u00e3o Organizadora do Recadastramento Anual;<\/p>\n<\/li>\n<li>\n<p class=\"Texto_Justificado\"><a href=\"https:\/\/www.tjes.jus.br\/corregedoria\/2025\/01\/27\/ato-normativo-no-013-2025-disp-27-01-2025\/\"><strong>Ato Normativo n\u00ba 013\/2025<\/strong><\/a>\u00a0&#8211; Comiss\u00e3o de Acompanhamento da Resolu\u00e7\u00e3o N\u00ba 83\/2024;<\/p>\n<\/li>\n<li>\n<p class=\"Texto_Justificado\"><a href=\"https:\/\/www.tjes.jus.br\/corregedoria\/2025\/02\/10\/ato-normativo-no-034-2025-disp-10-02-2025\/\"><strong>Ato Normativo n\u00ba 034\/2025<\/strong><\/a>\u00a0&#8211; Comiss\u00e3o de Acompanhamento do Projeto Justi\u00e7a Inteligente;<\/p>\n<\/li>\n<li>\n<p class=\"Texto_Justificado\"><a href=\"https:\/\/www.tjes.jus.br\/corregedoria\/2025\/04\/10\/ato-normativo-no-117-2025-disp-10-04-2025\/\"><strong>Ato Normativo n\u00ba 117\/2025<\/strong><\/a>\u00a0&#8211; Comiss\u00e3o de Estudos para Proposta de Altera\u00e7\u00e3o da Lei Ordin\u00e1ria n\u00ba 3.526\/1982;<\/p>\n<\/li>\n<\/ul>\n<p style=\"text-align: justify;\">\u00a0<\/p>\n<p class=\"Texto_Justificado\" style=\"text-align: justify;\"><strong>Art. 2\u00ba<\/strong>\u00a0\u2013 Este Ato Normativo entra em vigor na data de sua publica\u00e7\u00e3o, revogando-se Atos, Atos Normativos, Portarias e afins destinados \u00e0 composi\u00e7\u00e3o das referidas comiss\u00f5es.<\/p>\n<p style=\"text-align: justify;\">\u00a0<\/p>\n<p class=\"Texto_Justificado\" style=\"text-align: justify;\"><strong>Publique-se<\/strong>.<\/p>\n<p style=\"text-align: justify;\">\u00a0<\/p>\n<p style=\"text-align: justify;\">Vit\u00f3ria, 22 de abril de 2026<\/p>\n<p style=\"text-align: justify;\">\u00a0<\/p>\n<p style=\"text-align: justify;\">\u00a0<\/p>\n<p class=\"Texto_Centralizado\" style=\"text-align: center;\"><strong>Desembargadora Janete Vargas Sim\u00f5es<\/strong><\/p>\n<p class=\"Texto_Centralizado\" style=\"text-align: center;\">Presidente do Tribunal de Justi\u00e7a<\/p>\n","protected":false},"excerpt":{"rendered":"<p>PODER JUDICI\u00c1RIO DO ESTADO DO ESP\u00cdRITO SANTO &#8211; PJES RUA DESEMBARGADOR HOMERO MAFRA,60 &#8211; Bairro ENSEADA DO SU\u00c1 &#8211; CEP 29050906 &#8211; Vit\u00f3ria &#8211; ES &#8211; www.tjes.jus.br \u00a0 ATO NORMATIVO N\u00ba\u00a0 068\/2026 \u00a0 Disp\u00f5e sobre a extin\u00e7\u00e3o e a revoga\u00e7\u00e3o de comiss\u00f5es no \u00e2mbito do Poder Judici\u00e1rio do Estado do Esp\u00edrito Santo. \u00a0 A Excelent\u00edssima [&hellip;]<\/p>\n","protected":false},"author":19,"featured_media":0,"comment_status":"closed","ping_status":"closed","sticky":false,"template":"","format":"standard","meta":{"footnotes":""},"categories":[4,14],"tags":[],"_links":{"self":[{"href":"https:\/\/www.tjes.jus.br\/corregedoria\/wp-json\/wp\/v2\/posts\/47045"}],"collection":[{"href":"https:\/\/www.tjes.jus.br\/corregedoria\/wp-json\/wp\/v2\/posts"}],"about":[{"href":"https:\/\/www.tjes.jus.br\/corregedoria\/wp-json\/wp\/v2\/types\/post"}],"author":[{"embeddable":true,"href":"https:\/\/www.tjes.jus.br\/corregedoria\/wp-json\/wp\/v2\/users\/19"}],"replies":[{"embeddable":true,"href":"https:\/\/www.tjes.jus.br\/corregedoria\/wp-json\/wp\/v2\/comments?post=47045"}],"version-history":[{"count":3,"href":"https:\/\/www.tjes.jus.br\/corregedoria\/wp-json\/wp\/v2\/posts\/47045\/revisions"}],"predecessor-version":[{"id":47073,"href":"https:\/\/www.tjes.jus.br\/corregedoria\/wp-json\/wp\/v2\/posts\/47045\/revisions\/47073"}],"wp:attachment":[{"href":"https:\/\/www.tjes.jus.br\/corregedoria\/wp-json\/wp\/v2\/media?parent=47045"}],"wp:term":[{"taxonomy":"category","embeddable":true,"href":"https:\/\/www.tjes.jus.br\/corregedoria\/wp-json\/wp\/v2\/categories?post=47045"},{"taxonomy":"post_tag","embeddable":true,"href":"https:\/\/www.tjes.jus.br\/corregedoria\/wp-json\/wp\/v2\/tags?post=47045"}],"curies":[{"name":"wp","href":"https:\/\/api.w.org\/{rel}","templated":true}]}}