{"id":4709,"date":"2016-08-15T17:33:04","date_gmt":"2016-08-15T20:33:04","guid":{"rendered":"https:\/\/www.tjes.jus.br\/corregedoria\/?p=4709"},"modified":"2021-04-28T16:30:29","modified_gmt":"2021-04-28T19:30:29","slug":"provimento-cgjes-no-062016-disp-08062016","status":"publish","type":"post","link":"https:\/\/www.tjes.jus.br\/corregedoria\/2016\/08\/15\/provimento-cgjes-no-062016-disp-08062016\/","title":{"rendered":"PROVIMENTO CGJES N\u00ba 06\/2016 &#8211; DISP. 08\/06\/2016\u00a0&#8211; REVOGADO"},"content":{"rendered":"<h2 style=\"text-align: center;\"><strong><span style=\"color: #ff0000;\">REVOGADO PELO\u00a0<a href=\"https:\/\/www.tjes.jus.br\/corregedoria\/2020\/02\/20\/provimento-no-03-2019-disp-19-02-2020-republicacao\/\">PROVIMENTO CGJES N\u00ba 03\/2020<\/a> \u2013 DISP. 19\/02\/2020<\/span><\/strong><\/h2>\n<p style=\"text-align: center;\" align=\"center\"><del><strong>ESTADO DO ESP\u00cdRITO SANTO<\/strong><\/del><\/p>\n<p style=\"text-align: center;\" align=\"center\"><del><strong>PODER JUDICI\u00c1RIO<\/strong><\/del><\/p>\n<p style=\"text-align: center;\" align=\"center\"><del><strong>CORREGEDORIA GERAL DA JUSTI\u00c7A<\/strong><\/del><\/p>\n<p style=\"text-align: center;\" align=\"center\"><del><strong>PROVIMENTO CGJES N\u00ba 06\/2016<\/strong><\/del><\/p>\n<p style=\"text-align: justify;\"><del><strong>Altera o \u00a77\u00ba do artigo 713 do C\u00f3digo de Normas da eg. Corregedoria Geral da Justi\u00e7a.<\/strong><\/del><\/p>\n<p style=\"text-align: justify;\"><del>O Desembargador <strong>RONALDO GON\u00c7ALVES DE SOUSA<\/strong>, Corregedor Geral da Justi\u00e7a, no uso de suas atribui\u00e7\u00f5es e,<\/del><\/p>\n<p style=\"text-align: justify;\"><del><strong>CONSIDERANDO<\/strong> que a Corregedoria \u00e9 \u00f3rg\u00e3o de fiscaliza\u00e7\u00e3o administrativa, judicial, disciplinar e de orienta\u00e7\u00e3o administrativa, com jurisdi\u00e7\u00e3o em todo o Estado do Esp\u00edrito Santo, conforme preconiza do artigo 7\u00ba do C\u00f3digo de Normas;<\/del><\/p>\n<p style=\"text-align: justify;\"><del><strong>CONSIDERANDO <\/strong>que compete \u00e0 Corregedoria orientar e disciplinar os servi\u00e7os prestados nas Serventias Extrajudiciais do Estado do Esp\u00edrito Santo, na forma do \u00a71\u00ba, do art. 236, da Constitui\u00e7\u00e3o Federal;<\/del><\/p>\n<p style=\"text-align: justify;\"><del><strong>CONSIDERANDO<\/strong> que compete aos herdeiros, preenchidos requisitos espec\u00edficos, escolher se o processamento do invent\u00e1rio ser\u00e1 em ju\u00edzo, pelas regras processuais previstas no C\u00f3digo de Processo Civil, ou pela via extrajudicial, possibilidade introduzida no CPC\/1973 pela Lei n\u00ba 11.441, de 4 de janeiro de 2007, e mantida no CPC\/2015;<\/del><\/p>\n<p style=\"text-align: justify;\"><del><strong>RESOLVE:<\/strong><\/del><\/p>\n<p style=\"text-align: justify;\"><del><strong>Art. 1\u00ba<\/strong>. <strong>ALTERAR<\/strong> o \u00a77\u00ba do artigo 713 do C\u00f3digo de Normas desta Eg. Corregedoria Geral da Justi\u00e7a, que passar\u00e1 a ter a seguinte reda\u00e7\u00e3o:<\/del><\/p>\n<p style=\"padding-left: 30px; text-align: justify;\"><del>\u201c[&#8230;]<\/del><br \/>\n<del><strong>\u00a77\u00ba. Para a lavratura da escritura o not\u00e1rio dever\u00e1 exigir das partes declara\u00e7\u00e3o, por escrito, de que o autor da heran\u00e7a faleceu sem deixar testamento (ab intestato). \u00c9 ainda poss\u00edvel a lavratura de escritura de invent\u00e1rio e partilha nos casos de testamento revogado ou caduco, quando houver decis\u00e3o judicial com tr\u00e2nsito em julgado declarando a invalidade do testamento, quando o testamento j\u00e1 tiver sido cumprido em sua integralidade ou quando todos os herdeiros e benefici\u00e1rios do testamento forem maiores e capazes e estiverem de acordo com a lavratura de uma escritura p\u00fablica de invent\u00e1rio e partilha em serventia extrajudicial.<\/strong><\/del><\/p>\n<p style=\"text-align: justify;\"><del><strong>Art. 2\u00ba<\/strong>. Este provimento entrar\u00e1 em vigor na data de sua publica\u00e7\u00e3o.<\/del><\/p>\n<p style=\"text-align: justify;\"><del><strong>Publique-se. Registre-se. Cumpra-se.<\/strong><\/del><\/p>\n<p style=\"text-align: center;\" align=\"center\"><del>Vit\u00f3ria\/ES, 30 de maio de 2016.<\/del><\/p>\n<p style=\"text-align: center;\" align=\"center\"><del><strong>Desembargador RONALDO GON\u00c7ALVES DE SOUSA<\/strong><b><br \/>\n<strong>Corregedor Geral da Justi\u00e7a<\/strong><\/b><\/del><\/p>\n","protected":false},"excerpt":{"rendered":"<p>REVOGADO PELO\u00a0PROVIMENTO CGJES N\u00ba 03\/2020 \u2013 DISP. 19\/02\/2020 ESTADO DO ESP\u00cdRITO SANTO PODER JUDICI\u00c1RIO CORREGEDORIA GERAL DA JUSTI\u00c7A PROVIMENTO CGJES N\u00ba 06\/2016 Altera o \u00a77\u00ba do artigo 713 do C\u00f3digo de Normas da eg. Corregedoria Geral da Justi\u00e7a. O Desembargador RONALDO GON\u00c7ALVES DE SOUSA, Corregedor Geral da Justi\u00e7a, no uso de suas atribui\u00e7\u00f5es e, CONSIDERANDO [&hellip;]<\/p>\n","protected":false},"author":1,"featured_media":0,"comment_status":"open","ping_status":"open","sticky":false,"template":"","format":"standard","meta":{"footnotes":""},"categories":[14,16],"tags":[],"_links":{"self":[{"href":"https:\/\/www.tjes.jus.br\/corregedoria\/wp-json\/wp\/v2\/posts\/4709"}],"collection":[{"href":"https:\/\/www.tjes.jus.br\/corregedoria\/wp-json\/wp\/v2\/posts"}],"about":[{"href":"https:\/\/www.tjes.jus.br\/corregedoria\/wp-json\/wp\/v2\/types\/post"}],"author":[{"embeddable":true,"href":"https:\/\/www.tjes.jus.br\/corregedoria\/wp-json\/wp\/v2\/users\/1"}],"replies":[{"embeddable":true,"href":"https:\/\/www.tjes.jus.br\/corregedoria\/wp-json\/wp\/v2\/comments?post=4709"}],"version-history":[{"count":7,"href":"https:\/\/www.tjes.jus.br\/corregedoria\/wp-json\/wp\/v2\/posts\/4709\/revisions"}],"predecessor-version":[{"id":31707,"href":"https:\/\/www.tjes.jus.br\/corregedoria\/wp-json\/wp\/v2\/posts\/4709\/revisions\/31707"}],"wp:attachment":[{"href":"https:\/\/www.tjes.jus.br\/corregedoria\/wp-json\/wp\/v2\/media?parent=4709"}],"wp:term":[{"taxonomy":"category","embeddable":true,"href":"https:\/\/www.tjes.jus.br\/corregedoria\/wp-json\/wp\/v2\/categories?post=4709"},{"taxonomy":"post_tag","embeddable":true,"href":"https:\/\/www.tjes.jus.br\/corregedoria\/wp-json\/wp\/v2\/tags?post=4709"}],"curies":[{"name":"wp","href":"https:\/\/api.w.org\/{rel}","templated":true}]}}