{"id":47096,"date":"2026-04-28T13:18:00","date_gmt":"2026-04-28T16:18:00","guid":{"rendered":"https:\/\/www.tjes.jus.br\/corregedoria\/?p=47096"},"modified":"2026-04-28T13:23:52","modified_gmt":"2026-04-28T16:23:52","slug":"provimento-no-11-2026-disp-28-04-2026","status":"publish","type":"post","link":"https:\/\/www.tjes.jus.br\/corregedoria\/2026\/04\/28\/provimento-no-11-2026-disp-28-04-2026\/","title":{"rendered":"PROVIMENTO N\u00ba 11\/2026 \u2013 DISP. 28\/04\/2026"},"content":{"rendered":"\n<p class=\"Tabela_Texto_Centralizado\" style=\"text-align: center;\"><strong>PODER JUDICI\u00c1RIO DO ESTADO DO ESP\u00cdRITO SANTO &#8211; PJES<\/strong><\/p>\n<p class=\"Tabela_Texto_Centralizado\" style=\"text-align: center;\"><strong>CORREGEDORIA GERAL DA\u00a0JUSTI\u00c7A<\/strong><\/p>\n<p style=\"text-align: justify;\">\u00a0<\/p>\n<p class=\"Texto_Centralizado\" style=\"text-align: center;\"><strong>PROVIMENTO N\u00ba 11\/2026<\/strong><\/p>\n<p style=\"text-align: justify;\">\u00a0<\/p>\n<p class=\"Texto_Justificado\" style=\"text-align: justify;\">O Desembargador\u00a0<strong>EWERTON SCHWAB PINTO JUNIOR<\/strong>, Corregedor Geral da Justi\u00e7a do Estado do Esp\u00edrito Santo, no uso de suas atribui\u00e7\u00f5es legais, e,<\/p>\n<p style=\"text-align: justify;\">\u00a0<\/p>\n<p class=\"Texto_Justificado\" style=\"text-align: justify;\"><strong>CONSIDERANDO<\/strong>\u00a0que a Corregedoria Geral da Justi\u00e7a do Estado do Esp\u00edrito Santo \u00e9 \u00f3rg\u00e3o de fiscaliza\u00e7\u00e3o que disciplina a orienta\u00e7\u00e3o administrativa em todo o Estado, nos termos do art. 35 da Lei Complementar Estadual n\u00ba 234\/2002;<\/p>\n<p style=\"text-align: justify;\">\u00a0<\/p>\n<p class=\"Texto_Justificado\" style=\"text-align: justify;\"><strong>CONSIDERANDO<\/strong>\u00a0que o C\u00f3digo de Normas \u00e9 a principal ferramenta de que disp\u00f5e a Corregedoria Geral da Justi\u00e7a para uniformizar a orienta\u00e7\u00e3o administrativa do foro judicial e extrajudicial em todo o Estado, sendo imperioso e necess\u00e1rio o constante aprimoramento das diversas disposi\u00e7\u00f5es nele contidas;<\/p>\n<p style=\"text-align: justify;\">\u00a0<\/p>\n<p class=\"Texto_Justificado\" style=\"text-align: justify;\"><strong>CONSIDERANDO\u00a0<\/strong>a necessidade de adequa\u00e7\u00e3o dos normativos locais \u00e0 Resolu\u00e7\u00e3o CNJ n\u00ba 654, de 4 de novembro de 2025, que unificou os crit\u00e9rios de vitaliciamento em todo o Poder Judici\u00e1rio;<\/p>\n<p style=\"text-align: justify;\">\u00a0<\/p>\n<p class=\"Texto_Justificado\" style=\"text-align: justify;\"><strong>CONSIDERANDO<\/strong>\u00a0a publica\u00e7\u00e3o do <a href=\"https:\/\/www.tjes.jus.br\/corregedoria\/2026\/04\/17\/provimento-no-10-2026-disp-17-04-2026\/\">Provimento CGJES n\u00ba 10\/2026<\/a>, que instituiu a\u00a0Comiss\u00e3o Permanente de Vitaliciamento (CPV) com novos\u00a0m\u00e9todos de avalia\u00e7\u00e3o baseados em relat\u00f3rios circunstanciados;<\/p>\n<p style=\"text-align: justify;\">\u00a0<\/p>\n<p class=\"Texto_Justificado\" style=\"text-align: justify;\"><strong>CONSIDERANDO<\/strong> a exist\u00eancia de dispositivos antigos e contr\u00e1rios ao <a href=\"https:\/\/www.tjes.jus.br\/corregedoria\/2026\/04\/17\/provimento-no-10-2026-disp-17-04-2026\/\">Provimento CGJES n\u00ba 10\/2026<\/a>.<\/p>\n<p style=\"text-align: justify;\">\u00a0<\/p>\n<p class=\"Texto_Justificado\" style=\"text-align: justify;\"><strong>RESOLVE:<\/strong><\/p>\n<p style=\"text-align: justify;\">\u00a0<\/p>\n<p class=\"Texto_Justificado\" style=\"text-align: justify;\"><strong>Art. 1\u00ba<\/strong> &#8211; Incluir o artigo 7\u00ba no <a href=\"https:\/\/www.tjes.jus.br\/corregedoria\/2026\/04\/17\/provimento-no-10-2026-disp-17-04-2026\/\">Provimento CGJES n\u00ba 10\/2026<\/a>, com a seguinte reda\u00e7\u00e3o:<\/p>\n<p class=\"Texto_Justificado\" style=\"text-align: justify;\">\u00a0 \u00a0 \u00a0 \u00a0 \u00a0 \u00a0 \u00a0\u00a0<strong>\u00a0Art. 7\u00ba.<\/strong>\u00a0Revogam-se as disposi\u00e7\u00f5es em contr\u00e1rio, em especial, o\u00a0Provimento CGJES n. 11\/1996 e o Provimento CGJES n\u00ba 007\/2000.<\/p>\n<p style=\"text-align: justify;\">\u00a0<\/p>\n<p class=\"Texto_Justificado\" style=\"text-align: justify;\"><strong>Art. 2\u00ba<\/strong>\u00a0&#8211; Este Provimento entra em vigor na data de sua publica\u00e7\u00e3o.<\/p>\n<p style=\"text-align: justify;\">\u00a0<\/p>\n<p class=\"Texto_Justificado\" style=\"text-align: justify;\">Publique-se. Cumpra-se.<\/p>\n<p style=\"text-align: justify;\">\u00a0<\/p>\n<p style=\"text-align: justify;\">Vit\u00f3ria, 27 de abril de 2026.<\/p>\n<p style=\"text-align: justify;\">\u00a0<\/p>\n<p style=\"text-align: justify;\">\u00a0<\/p>\n<p class=\"Texto_Centralizado\" style=\"text-align: center;\"><strong>Des. Ewerton Schwab Pinto J\u00fanior<br \/>Corregedor Geral da Justi\u00e7a<\/strong><\/p>\n","protected":false},"excerpt":{"rendered":"<p>PODER JUDICI\u00c1RIO DO ESTADO DO ESP\u00cdRITO SANTO &#8211; PJES CORREGEDORIA GERAL DA\u00a0JUSTI\u00c7A \u00a0 PROVIMENTO N\u00ba 11\/2026 \u00a0 O Desembargador\u00a0EWERTON SCHWAB PINTO JUNIOR, Corregedor Geral da Justi\u00e7a do Estado do Esp\u00edrito Santo, no uso de suas atribui\u00e7\u00f5es legais, e, \u00a0 CONSIDERANDO\u00a0que a Corregedoria Geral da Justi\u00e7a do Estado do Esp\u00edrito Santo \u00e9 \u00f3rg\u00e3o de fiscaliza\u00e7\u00e3o que [&hellip;]<\/p>\n","protected":false},"author":19,"featured_media":0,"comment_status":"closed","ping_status":"closed","sticky":false,"template":"","format":"standard","meta":{"footnotes":""},"categories":[14,16],"tags":[],"_links":{"self":[{"href":"https:\/\/www.tjes.jus.br\/corregedoria\/wp-json\/wp\/v2\/posts\/47096"}],"collection":[{"href":"https:\/\/www.tjes.jus.br\/corregedoria\/wp-json\/wp\/v2\/posts"}],"about":[{"href":"https:\/\/www.tjes.jus.br\/corregedoria\/wp-json\/wp\/v2\/types\/post"}],"author":[{"embeddable":true,"href":"https:\/\/www.tjes.jus.br\/corregedoria\/wp-json\/wp\/v2\/users\/19"}],"replies":[{"embeddable":true,"href":"https:\/\/www.tjes.jus.br\/corregedoria\/wp-json\/wp\/v2\/comments?post=47096"}],"version-history":[{"count":2,"href":"https:\/\/www.tjes.jus.br\/corregedoria\/wp-json\/wp\/v2\/posts\/47096\/revisions"}],"predecessor-version":[{"id":47101,"href":"https:\/\/www.tjes.jus.br\/corregedoria\/wp-json\/wp\/v2\/posts\/47096\/revisions\/47101"}],"wp:attachment":[{"href":"https:\/\/www.tjes.jus.br\/corregedoria\/wp-json\/wp\/v2\/media?parent=47096"}],"wp:term":[{"taxonomy":"category","embeddable":true,"href":"https:\/\/www.tjes.jus.br\/corregedoria\/wp-json\/wp\/v2\/categories?post=47096"},{"taxonomy":"post_tag","embeddable":true,"href":"https:\/\/www.tjes.jus.br\/corregedoria\/wp-json\/wp\/v2\/tags?post=47096"}],"curies":[{"name":"wp","href":"https:\/\/api.w.org\/{rel}","templated":true}]}}