{"id":47108,"date":"2026-04-28T13:29:03","date_gmt":"2026-04-28T16:29:03","guid":{"rendered":"https:\/\/www.tjes.jus.br\/corregedoria\/?p=47108"},"modified":"2026-04-28T13:30:03","modified_gmt":"2026-04-28T16:30:03","slug":"ato-normativo-no-070-2026-disp-28-04-2026","status":"publish","type":"post","link":"https:\/\/www.tjes.jus.br\/corregedoria\/2026\/04\/28\/ato-normativo-no-070-2026-disp-28-04-2026\/","title":{"rendered":"ATO NORMATIVO N\u00ba 070\/2026 \u2013 DISP. 28\/04\/2026"},"content":{"rendered":"\n<p style=\"text-align: center;\">PODER JUDICI\u00c1RIO DO ESTADO DO ESP\u00cdRITO SANTO &#8211; PJES<\/p>\n<p style=\"text-align: center;\">RUA DESEMBARGADOR HOMERO MAFRA,60 &#8211; Bairro ENSEADA DO SU\u00c1 &#8211; CEP 29050906 &#8211; Vit\u00f3ria &#8211; ES &#8211; www.tjes.jus.br<\/p>\n<p style=\"text-align: justify;\">\u00a0<\/p>\n<p style=\"text-align: center;\"><strong>ATO NORMATIVO N\u00ba 070\/2026<\/strong><\/p>\n<p style=\"text-align: justify;\">\u00a0<\/p>\n<p style=\"text-align: justify;\">A Exma. Sra. Desembargadora JANETE VARGAS SIM\u00d5ES, Presidente deste egr\u00e9gio Tribunal de Justi\u00e7a, no uso de suas atribui\u00e7\u00f5es legais e,<\/p>\n<p style=\"text-align: justify;\">\u00a0<\/p>\n<p style=\"text-align: justify;\"><strong>CONSIDERANDO<\/strong>\u00a0a Pol\u00edtica Judici\u00e1ria Nacional de Tratamento Adequado dos Conflitos de Interesses no \u00c2mbito do Poder Judici\u00e1rio, institu\u00edda pelo Conselho Nacional de Justi\u00e7a por meio da Resolu\u00e7\u00e3o n\u00ba 125, de 29 de Novembro de 2010;<\/p>\n<p style=\"text-align: justify;\">\u00a0<\/p>\n<p style=\"text-align: justify;\"><strong>CONSIDERANDO<\/strong>, por fim, que o artigo 38-Y, da Lei Complementar Estadual n\u00ba 234\/2002, com as altera\u00e7\u00f5es promovidas pela Lei Complementar Estadual n\u00ba 788\/2014, disp\u00f5e que integram o Poder Judici\u00e1rio deste Estado o N\u00facleo Permanente de M\u00e9todos Consensuais de Solu\u00e7\u00e3o de Conflitos \u2013 NUPEMEC, bem como os Centros Judici\u00e1rios de Solu\u00e7\u00e3o de Conflitos e Cidadania \u2013 CEJUSC;<\/p>\n<p style=\"text-align: justify;\">\u00a0<\/p>\n<p style=\"text-align: justify;\"><strong>RESOLVE:<\/strong><\/p>\n<p style=\"text-align: justify;\">\u00a0<\/p>\n<p style=\"text-align: justify;\"><strong>Art. 1\u00ba<\/strong>\u00a0&#8211; Autorizar a instala\u00e7\u00e3o do Centro Judici\u00e1rio de Solu\u00e7\u00e3o de Conflito e Cidadania do Col\u00e9gio Recursal &#8211; Cejusc Col\u00e9gio Recursal &#8211; destinado a atuar nos processos de compet\u00eancia das Turmas Recursais do Tribunal de Justi\u00e7a do Estado do Esp\u00edrito Santo.<\/p>\n<p style=\"text-align: justify;\">\u00a0<\/p>\n<p style=\"text-align: justify;\"><strong>Art. 2\u00ba<\/strong>\u00a0&#8211; O Cejusc Col\u00e9gio Recursal funcionar\u00e1 no Edif\u00edcio Desembargador Ant\u00f4nio Jos\u00e9 Miguel Feu Rosa.<\/p>\n<p style=\"text-align: justify;\">\u00a0<\/p>\n<p style=\"text-align: justify;\"><strong>Art. 3\u00ba<\/strong>\u00a0&#8211; Designar os Exm\u00bas. Srs. Ju\u00edzes de Direito, membros do Grupo de Trabalho institu\u00eddo pelo Nupemec, para coordenar o Cejusc-Col\u00e9gio Recursal, sem preju\u00edzo de suas designa\u00e7\u00f5es.<\/p>\n<p style=\"text-align: justify;\">\u00a0<\/p>\n<p style=\"text-align: justify;\"><strong>Art. 4\u00ba<\/strong>\u00a0\u2013 Este Ato Normativo entra em vigor na data de sua publica\u00e7\u00e3o.<\/p>\n<p style=\"text-align: justify;\">\u00a0<\/p>\n<p style=\"text-align: justify;\"><strong>Publique-se.<\/strong><\/p>\n<p style=\"text-align: justify;\">\u00a0<\/p>\n<p style=\"text-align: justify;\">Vit\u00f3ria, 27 de abril de 2026.<\/p>\n<p style=\"text-align: justify;\">\u00a0<\/p>\n<p style=\"text-align: justify;\">\u00a0<\/p>\n<p style=\"text-align: center;\"><strong>Desembargadora JANETE VARGAS SIM\u00d5ES.<\/strong><\/p>\n<p style=\"text-align: center;\"><strong>Presidente<\/strong><\/p>\n","protected":false},"excerpt":{"rendered":"<p>PODER JUDICI\u00c1RIO DO ESTADO DO ESP\u00cdRITO SANTO &#8211; PJES RUA DESEMBARGADOR HOMERO MAFRA,60 &#8211; Bairro ENSEADA DO SU\u00c1 &#8211; CEP 29050906 &#8211; Vit\u00f3ria &#8211; ES &#8211; www.tjes.jus.br \u00a0 ATO NORMATIVO N\u00ba 070\/2026 \u00a0 A Exma. Sra. Desembargadora JANETE VARGAS SIM\u00d5ES, Presidente deste egr\u00e9gio Tribunal de Justi\u00e7a, no uso de suas atribui\u00e7\u00f5es legais e, \u00a0 CONSIDERANDO\u00a0a [&hellip;]<\/p>\n","protected":false},"author":19,"featured_media":0,"comment_status":"closed","ping_status":"closed","sticky":false,"template":"","format":"standard","meta":{"footnotes":""},"categories":[4,14],"tags":[],"_links":{"self":[{"href":"https:\/\/www.tjes.jus.br\/corregedoria\/wp-json\/wp\/v2\/posts\/47108"}],"collection":[{"href":"https:\/\/www.tjes.jus.br\/corregedoria\/wp-json\/wp\/v2\/posts"}],"about":[{"href":"https:\/\/www.tjes.jus.br\/corregedoria\/wp-json\/wp\/v2\/types\/post"}],"author":[{"embeddable":true,"href":"https:\/\/www.tjes.jus.br\/corregedoria\/wp-json\/wp\/v2\/users\/19"}],"replies":[{"embeddable":true,"href":"https:\/\/www.tjes.jus.br\/corregedoria\/wp-json\/wp\/v2\/comments?post=47108"}],"version-history":[{"count":2,"href":"https:\/\/www.tjes.jus.br\/corregedoria\/wp-json\/wp\/v2\/posts\/47108\/revisions"}],"predecessor-version":[{"id":47110,"href":"https:\/\/www.tjes.jus.br\/corregedoria\/wp-json\/wp\/v2\/posts\/47108\/revisions\/47110"}],"wp:attachment":[{"href":"https:\/\/www.tjes.jus.br\/corregedoria\/wp-json\/wp\/v2\/media?parent=47108"}],"wp:term":[{"taxonomy":"category","embeddable":true,"href":"https:\/\/www.tjes.jus.br\/corregedoria\/wp-json\/wp\/v2\/categories?post=47108"},{"taxonomy":"post_tag","embeddable":true,"href":"https:\/\/www.tjes.jus.br\/corregedoria\/wp-json\/wp\/v2\/tags?post=47108"}],"curies":[{"name":"wp","href":"https:\/\/api.w.org\/{rel}","templated":true}]}}