{"id":4728,"date":"2016-08-16T12:17:10","date_gmt":"2016-08-16T15:17:10","guid":{"rendered":"https:\/\/www.tjes.jus.br\/corregedoria\/?p=4728"},"modified":"2017-03-14T17:53:34","modified_gmt":"2017-03-14T20:53:34","slug":"resolucao-no-0192016-disp-16082016","status":"publish","type":"post","link":"https:\/\/www.tjes.jus.br\/corregedoria\/2016\/08\/16\/resolucao-no-0192016-disp-16082016\/","title":{"rendered":"RESOLU\u00c7\u00c3O N\u00ba 019\/2016 &#8211; DISP. 16\/08\/2016"},"content":{"rendered":"<p align=\"center\"><strong>ESTADO DO ESP\u00cdRITO SANTO<\/strong><\/p>\n<p align=\"center\"><strong>PODER JUDICI\u00c1RIO<\/strong><\/p>\n<p align=\"center\"><strong>TRIBUNAL DE JUSTI\u00c7A<\/strong><\/p>\n<p align=\"center\"><strong>PRESID\u00caNCIA<\/strong><\/p>\n<p align=\"center\"><strong>RESOLU\u00c7\u00c3O N\u00ba 019\/2016<\/strong><\/p>\n<p align=\"justify\">O Exm\u00ba. Sr. Desembargador ANNIBAL DE REZENDE LIMA, Presidente do Egr\u00e9gio Tribunal de Justi\u00e7a do Estado do Esp\u00edrito Santo, no uso de suas atribui\u00e7\u00f5es legais, e \u201c<i>ad referendum<\/i>\u201d do Egr\u00e9gio Tribunal Pleno,<\/p>\n<p align=\"justify\"><strong>CONSIDERANDO o<\/strong> disposto no art. 58, da Resolu\u00e7\u00e3o n\u00ba. 15\/1995 (Regimento Interno do Tribunal de Justi\u00e7a do Esp\u00edrito Santo), que atribui ao Presidente do Egr\u00e9gio Tribunal de Justi\u00e7a do Estado do Esp\u00edrito Santo compet\u00eancia geral para exercer a superintend\u00eancia de todo o servi\u00e7o judici\u00e1rio, na qualidade de Chefe do Poder Judici\u00e1rio Estadual;<\/p>\n<p align=\"justify\"><strong>CONSIDERANDO<\/strong> a delibera\u00e7\u00e3o adotada pelo Colendo Conselho Nacional de Justi\u00e7a nos autos do Pedido de Provid\u00eancias n\u00ba. 0002352-96.2016.2.00.0000,<\/p>\n<p align=\"justify\"><strong>R E S O L V E:<\/strong><\/p>\n<p align=\"justify\"><strong>Art. 1\u00ba<\/strong> \u2013 A licen\u00e7a-paternidade dos magistrados e servidores do Poder Judici\u00e1rio do Estado do Esp\u00edrito Santo, concedida mediante c\u00f3pia da certid\u00e3o de nascimento, do termo de guarda judicial ou do termo de ado\u00e7\u00e3o, \u00e9 de 5 (cinco) dias, prorrog\u00e1veis por mais 15 (quinze).<\/p>\n<p align=\"justify\">Par\u00e1grafo \u00danico &#8211; A prorroga\u00e7\u00e3o da licen\u00e7a ser\u00e1 concedida autom\u00e1tica e imediatamente ap\u00f3s a frui\u00e7\u00e3o dos 5 (cinco) dias iniciais da licen\u00e7a-paternidade, n\u00e3o sendo admitida a hip\u00f3tese de prorroga\u00e7\u00e3o posterior ao retorno do interessado \u00e0 atividade.<\/p>\n<p align=\"justify\"><strong>Art. 2\u00ba<\/strong> &#8211; O magistrado ou servidor em gozo de licen\u00e7a-paternidade na data de entrada em vigor deste Ato Normativo poder\u00e1 solicitar a prorroga\u00e7\u00e3o da licen\u00e7a, desde que requerida at\u00e9 o \u00faltimo dia da licen\u00e7a ordin\u00e1ria de cinco dias.<\/p>\n<p align=\"justify\"><strong>Art. 3\u00ba<\/strong> &#8211; Esta Resolu\u00e7\u00e3o entra em vigor na data de sua publica\u00e7\u00e3o.<\/p>\n<p align=\"justify\">Publique-se.<\/p>\n<p style=\"text-align: justify;\" align=\"justify\">Vit\u00f3ria, 15 de Agosto de 2016.<\/p>\n<p style=\"text-align: center;\" align=\"justify\"><strong><span lang=\"pt-BR\">Des. <\/span><span lang=\"pt-BR\">A<\/span><span lang=\"pt-BR\">NNIBAL DE REZENDE LIMA<br \/>\n<\/span><\/strong><strong><span lang=\"pt-BR\">P<\/span><span lang=\"pt-BR\">RESIDENTE<\/span><\/strong><\/p>\n","protected":false},"excerpt":{"rendered":"<p>ESTADO DO ESP\u00cdRITO SANTO PODER JUDICI\u00c1RIO TRIBUNAL DE JUSTI\u00c7A PRESID\u00caNCIA RESOLU\u00c7\u00c3O N\u00ba 019\/2016 O Exm\u00ba. Sr. Desembargador ANNIBAL DE REZENDE LIMA, Presidente do Egr\u00e9gio Tribunal de Justi\u00e7a do Estado do Esp\u00edrito Santo, no uso de suas atribui\u00e7\u00f5es legais, e \u201cad referendum\u201d do Egr\u00e9gio Tribunal Pleno, CONSIDERANDO o disposto no art. 58, da Resolu\u00e7\u00e3o n\u00ba. 15\/1995 [&hellip;]<\/p>\n","protected":false},"author":1,"featured_media":0,"comment_status":"open","ping_status":"open","sticky":false,"template":"","format":"standard","meta":{"footnotes":""},"categories":[14,13],"tags":[],"_links":{"self":[{"href":"https:\/\/www.tjes.jus.br\/corregedoria\/wp-json\/wp\/v2\/posts\/4728"}],"collection":[{"href":"https:\/\/www.tjes.jus.br\/corregedoria\/wp-json\/wp\/v2\/posts"}],"about":[{"href":"https:\/\/www.tjes.jus.br\/corregedoria\/wp-json\/wp\/v2\/types\/post"}],"author":[{"embeddable":true,"href":"https:\/\/www.tjes.jus.br\/corregedoria\/wp-json\/wp\/v2\/users\/1"}],"replies":[{"embeddable":true,"href":"https:\/\/www.tjes.jus.br\/corregedoria\/wp-json\/wp\/v2\/comments?post=4728"}],"version-history":[{"count":3,"href":"https:\/\/www.tjes.jus.br\/corregedoria\/wp-json\/wp\/v2\/posts\/4728\/revisions"}],"predecessor-version":[{"id":12787,"href":"https:\/\/www.tjes.jus.br\/corregedoria\/wp-json\/wp\/v2\/posts\/4728\/revisions\/12787"}],"wp:attachment":[{"href":"https:\/\/www.tjes.jus.br\/corregedoria\/wp-json\/wp\/v2\/media?parent=4728"}],"wp:term":[{"taxonomy":"category","embeddable":true,"href":"https:\/\/www.tjes.jus.br\/corregedoria\/wp-json\/wp\/v2\/categories?post=4728"},{"taxonomy":"post_tag","embeddable":true,"href":"https:\/\/www.tjes.jus.br\/corregedoria\/wp-json\/wp\/v2\/tags?post=4728"}],"curies":[{"name":"wp","href":"https:\/\/api.w.org\/{rel}","templated":true}]}}