{"id":4803,"date":"2016-08-16T13:35:53","date_gmt":"2016-08-16T16:35:53","guid":{"rendered":"https:\/\/www.tjes.jus.br\/corregedoria\/?p=4803"},"modified":"2024-04-17T12:28:25","modified_gmt":"2024-04-17T15:28:25","slug":"provimento-no-362015-disp-09092016","status":"publish","type":"post","link":"https:\/\/www.tjes.jus.br\/corregedoria\/2016\/08\/16\/provimento-no-362015-disp-09092016\/","title":{"rendered":"PROVIMENTO CGJES N\u00ba 36\/2015 &#8211; DISP. 09\/09\/2015 &#8211; REVOGADO"},"content":{"rendered":"<h4 align=\"CENTER\"><span style=\"color: #ff0000;\"><strong>REVOGADO PELO<a href=\"https:\/\/www.tjes.jus.br\/corregedoria\/2024\/04\/17\/provimento-no-05-2024-disp-17-04-2024\/\"> PROVIMENTO N\u00ba 05\/2024<\/a> DISP. 17\/04\/2024<\/strong><\/span><\/h4>\n<p align=\"CENTER\"><del><strong>ESTADO DO ESP\u00cdRITO SANTO<\/strong><\/del><\/p>\n<p align=\"CENTER\"><del><strong>PODER JUDICI\u00c1RIO<\/strong><\/del><\/p>\n<p align=\"CENTER\"><del><strong>CORREGEDORIA GERAL DA JUSTI\u00c7A<\/strong><\/del><\/p>\n<p align=\"CENTER\">\n<p align=\"CENTER\"><del><strong>PROVIMENTO n\u00ba 36\/2015 &#8211; CGJES<\/strong><\/del><\/p>\n<p align=\"CENTER\">\n<p style=\"text-align: justify;\"><del><em>Revisa o roteiro de inspe\u00e7\u00e3o semestral nos servi\u00e7os de prote\u00e7\u00e3o social a adolescentes em cumprimento de medida socioeducativa de liberdade assistida e presta\u00e7\u00e3o de servi\u00e7o \u00e0 comunidade.<\/em><\/del><\/p>\n<p style=\"text-align: justify;\" align=\"JUSTIFY\"><del>O Excelent\u00edssimo Senhor Desembargador<strong> RONALDO GON\u00c7ALVES DE SOUSA<\/strong>, Corregedor-Geral da Justi\u00e7a do Estado do Esp\u00edrito Santo, no uso de suas atribui\u00e7\u00f5es legais e,<\/del><\/p>\n<p style=\"text-align: justify;\" align=\"JUSTIFY\"><del><strong>CONSIDERANDO<\/strong> a edi\u00e7\u00e3o da <a href=\"https:\/\/www.tjes.jus.br\/corregedoria\/index.php\/2016\/11\/03\/resolucao-cnj-no-157-de-08082012\/\" target=\"_blank\" rel=\"noopener\">resolu\u00e7\u00e3o n\u00ba 157 de 08\/08\/2012 do Conselho Nacional de Justi\u00e7a<\/a>, que acrescentou o \u00a7 2\u00ba ao artigo 1\u00ba da<a href=\"https:\/\/www.tjes.jus.br\/corregedoria\/index.php\/2016\/07\/25\/resolucao-cnj-no-77-de-26052009\/\" target=\"_blank\" rel=\"noopener\"> Resolu\u00e7\u00e3o n\u00ba 77, de 26 de maio de 2009<\/a>, determinando a inspe\u00e7\u00e3o judicial nas entidades de execu\u00e7\u00e3o de medidas socioeducativas em meio aberto pelo menos uma vez a cada semestre;<\/del><\/p>\n<p style=\"text-align: justify;\" align=\"JUSTIFY\"><del><strong>CONSIDERANDO<\/strong> que apenas as inspe\u00e7\u00f5es nas Unidades de Interna\u00e7\u00e3o e de Semiliberdade possuem formul\u00e1rio eletr\u00f4nico dispon\u00edvel no Cadastro Nacional de Inspe\u00e7\u00f5es em Unidades de Interna\u00e7\u00e3o e Semiliberdade \u2013 CNIUIS\/CNJ;<\/del><\/p>\n<p style=\"text-align: justify;\" align=\"JUSTIFY\"><del><strong>CONSIDERANDO<\/strong> a necessidade de padronizar os relat\u00f3rios de inspe\u00e7\u00e3o, bem como fixar padr\u00f5es de comportamento para a atividade fiscalizadora do magistrado em rela\u00e7\u00e3o \u00e0s unidades de execu\u00e7\u00e3o de medidas socioeducativas em meio aberto;<\/del><\/p>\n<p style=\"text-align: justify;\" align=\"JUSTIFY\"><del><strong>CONSIDERANDO<\/strong> a necessidade de revis\u00e3o do <a href=\"https:\/\/www.tjes.jus.br\/corregedoria\/index.php\/2016\/08\/16\/provimento-no-142014-disp-08102014\/\" target=\"_blank\" rel=\"noopener\">Provimento CGJES n\u00ba 14\/2014<\/a><sup><a href=\"https:\/\/sistemas.tjes.jus.br\/ediario\/index.php\/component\/ediario\/#sdfootnote1sym\" name=\"sdfootnote1anc\"><sup>1<\/sup><\/a><\/sup>, que regulamenta a inspe\u00e7\u00e3o judicial nas entidades de execu\u00e7\u00e3o de medidas socioeducativas em meio aberto;<\/del><\/p>\n<p style=\"text-align: justify;\" align=\"JUSTIFY\"><del><strong>CONSIDERANDO<\/strong> as sugest\u00f5es encaminhadas pela Coordenadoria das Varas da Inf\u00e2ncia e Juventude \u2013 \u00c1rea de atos Infracionais e medidas Socioeducativas do Tribunal de Justi\u00e7a;<\/del><\/p>\n<p style=\"text-align: justify;\" align=\"JUSTIFY\"><del><strong>RESOLVE<\/strong>:<\/del><\/p>\n<p style=\"text-align: justify;\" align=\"JUSTIFY\"><del><strong>Art. 1\u00ba<\/strong> <strong>DETERMINAR<\/strong> aos Magistrados com compet\u00eancia na mat\u00e9ria da inf\u00e2ncia e da juventude, no que concerne aos atos infracionais e medidas socioeducativas em meio aberto, que realizem inspe\u00e7\u00e3o semestral, nos meses de <strong>MAR\u00c7O<\/strong> e <strong>SETEMBRO,<\/strong> nos servi\u00e7os de prote\u00e7\u00e3o social a adolescentes em cumprimento de medida socioeducativa de liberdade assistida e presta\u00e7\u00e3o de servi\u00e7o \u00e0 comunidade, elaborando o respectivo relat\u00f3rio no atual modelo constante do anexo deste Provimento.<\/del><\/p>\n<p style=\"text-align: justify;\" align=\"JUSTIFY\"><del><strong>Art. 2\u00ba<\/strong> O relat\u00f3rio semestral dever\u00e1 ser encaminhado por meio do Sistema Hermes \u2013 Malote Digital, para a <strong>COORDENADORIA DE MONITORAMENTO DE MAGISTRADOS (TJES)<\/strong>, at\u00e9 os dias 05 de abril e 5 de outubro, respectivamente, cujos inadimplementos poder\u00e3o configurar infra\u00e7\u00e3o administrativa-disciplinar.<\/del><\/p>\n<p style=\"text-align: justify;\" align=\"JUSTIFY\"><del><strong>Art. 3\u00ba<\/strong> O relat\u00f3rio semestral referente ao segundo semestre de 2015 dever\u00e1 ser encaminhado at\u00e9 o dia <strong>30 de outubro de 2015<\/strong>.<\/del><\/p>\n<p style=\"text-align: justify;\" align=\"JUSTIFY\"><del><strong>Art. 4\u00ba<\/strong> Este provimento entrar\u00e1 em vigor na data da sua publica\u00e7\u00e3o, ficando revogado o <a href=\"https:\/\/www.tjes.jus.br\/corregedoria\/index.php\/2016\/08\/16\/provimento-no-142014-disp-08102014\/\" target=\"_blank\" rel=\"noopener\">Provimento n\u00ba 14\/2014-CGJES, de 03 de outubro de 2014<\/a>.<\/del><\/p>\n<p style=\"text-align: justify;\"><del>Publique-se, com o anexo. Registre-se. Cumpra-se.<\/del><\/p>\n<p style=\"text-align: justify;\"><del>Vit\u00f3ria, 04 de setembro de 2015.<\/del><\/p>\n<p style=\"text-align: center;\"><del><strong>Desembargador RONALDO GON\u00c7ALVES DE SOUSA<br \/>\n<\/strong><strong>Corregedor-Geral da Justi\u00e7a<\/strong><\/del><\/p>\n<div id=\"sdfootnote1\" class=\"override-text\">\n<p style=\"text-align: justify;\"><del><a href=\"https:\/\/sistemas.tjes.jus.br\/ediario\/index.php\/component\/ediario\/#sdfootnote1anc\" name=\"sdfootnote1sym\">1<\/a>\u00a0Publicado no eDJES em 08\/10\/2014<\/del><\/p>\n<p style=\"text-align: center;\"><del><strong>Modelo CGJES Roteiro de Inspe\u00e7\u00e3o &#8211;\u00a0<\/strong><strong>(Clique aqui: <a href=\"https:\/\/www.tjes.jus.br\/corregedoria\/wp-content\/uploads\/2016\/08\/Provimento_36-2015-Anexo.odt\">.odt<\/a>\u00a0| <a href=\"https:\/\/www.tjes.jus.br\/corregedoria\/wp-content\/uploads\/2016\/08\/Provimento_36-2015-Anexo.pdf\">.pdf<\/a>\u00a0| <a href=\"https:\/\/www.tjes.jus.br\/corregedoria\/wp-content\/uploads\/2016\/08\/Provimento_36-2015-Anexo.doc\">.doc<\/a>)<\/strong><\/del><\/p>\n<\/div>\n","protected":false},"excerpt":{"rendered":"<p>REVOGADO PELO PROVIMENTO N\u00ba 05\/2024 DISP. 17\/04\/2024 ESTADO DO ESP\u00cdRITO SANTO PODER JUDICI\u00c1RIO CORREGEDORIA GERAL DA JUSTI\u00c7A PROVIMENTO n\u00ba 36\/2015 &#8211; CGJES Revisa o roteiro de inspe\u00e7\u00e3o semestral nos servi\u00e7os de prote\u00e7\u00e3o social a adolescentes em cumprimento de medida socioeducativa de liberdade assistida e presta\u00e7\u00e3o de servi\u00e7o \u00e0 comunidade. O Excelent\u00edssimo Senhor Desembargador RONALDO GON\u00c7ALVES [&hellip;]<\/p>\n","protected":false},"author":1,"featured_media":0,"comment_status":"open","ping_status":"open","sticky":false,"template":"","format":"standard","meta":{"footnotes":""},"categories":[14,16],"tags":[],"_links":{"self":[{"href":"https:\/\/www.tjes.jus.br\/corregedoria\/wp-json\/wp\/v2\/posts\/4803"}],"collection":[{"href":"https:\/\/www.tjes.jus.br\/corregedoria\/wp-json\/wp\/v2\/posts"}],"about":[{"href":"https:\/\/www.tjes.jus.br\/corregedoria\/wp-json\/wp\/v2\/types\/post"}],"author":[{"embeddable":true,"href":"https:\/\/www.tjes.jus.br\/corregedoria\/wp-json\/wp\/v2\/users\/1"}],"replies":[{"embeddable":true,"href":"https:\/\/www.tjes.jus.br\/corregedoria\/wp-json\/wp\/v2\/comments?post=4803"}],"version-history":[{"count":14,"href":"https:\/\/www.tjes.jus.br\/corregedoria\/wp-json\/wp\/v2\/posts\/4803\/revisions"}],"predecessor-version":[{"id":39823,"href":"https:\/\/www.tjes.jus.br\/corregedoria\/wp-json\/wp\/v2\/posts\/4803\/revisions\/39823"}],"wp:attachment":[{"href":"https:\/\/www.tjes.jus.br\/corregedoria\/wp-json\/wp\/v2\/media?parent=4803"}],"wp:term":[{"taxonomy":"category","embeddable":true,"href":"https:\/\/www.tjes.jus.br\/corregedoria\/wp-json\/wp\/v2\/categories?post=4803"},{"taxonomy":"post_tag","embeddable":true,"href":"https:\/\/www.tjes.jus.br\/corregedoria\/wp-json\/wp\/v2\/tags?post=4803"}],"curies":[{"name":"wp","href":"https:\/\/api.w.org\/{rel}","templated":true}]}}