{"id":4824,"date":"2016-08-16T14:27:56","date_gmt":"2016-08-16T17:27:56","guid":{"rendered":"https:\/\/www.tjes.jus.br\/corregedoria\/?p=4824"},"modified":"2017-09-14T16:30:52","modified_gmt":"2017-09-14T19:30:52","slug":"provimento-no-252015-disp-10022015","status":"publish","type":"post","link":"https:\/\/www.tjes.jus.br\/corregedoria\/2016\/08\/16\/provimento-no-252015-disp-10022015\/","title":{"rendered":"PROVIMENTO CGJES N\u00ba 25\/2015 &#8211; DISP. 10\/02\/2015"},"content":{"rendered":"<p align=\"CENTER\"><strong>ESTADO DO ESPIRITO SANTO<\/strong><\/p>\n<p align=\"CENTER\"><strong>PODER JUDICI\u00c1RIO<\/strong><\/p>\n<p align=\"CENTER\"><strong>CORREGEDORIA-GERAL DA JUSTI\u00c7A<\/strong><\/p>\n<p lang=\"pt-BR\" align=\"CENTER\"><strong>PROVIMENTO N\u00ba 25\/2015<\/strong><\/p>\n<p lang=\"pt-BR\" align=\"JUSTIFY\"><em>Inclui e altera, para implementa\u00e7\u00e3o do FUNDO DE MODERNIZA\u00c7\u00c3O E INCENTIVO \u00c0 COBRAN\u00c7A DA D\u00cdVIDA ATIVA E DE REESTRUTURA\u00c7\u00c3O ADMINISTRATIVA DA PROCURADORIA\u00a0GERAL DO ESTADO &#8211; FUNCAD, dispositivos que regulamentam a utiliza\u00e7\u00e3o do Selo Digital de Fiscaliza\u00e7\u00e3o dos Servi\u00e7os Notariais e de Registro no Estado do Esp\u00edrito Santo.<\/em><\/p>\n<p lang=\"pt-BR\" align=\"JUSTIFY\">O Desembargador CARLOS ROBERTO MIGNONE, Corregedor-Geral da Justi\u00e7a do Estado do Esp\u00edrito Santo, no uso de suas atribui\u00e7\u00f5es legais e,<\/p>\n<p lang=\"en-US\" align=\"JUSTIFY\"><span lang=\"pt-BR\"><strong>CONSIDERANDO <\/strong><\/span><span lang=\"pt-BR\">ser a Corregedoria Geral da Justi\u00e7a \u00f3rg\u00e3o de fiscaliza\u00e7\u00e3o, disciplina e orienta\u00e7\u00e3o administrativa, com jurisdi\u00e7\u00e3o em todo o Estado do Esp\u00edrito Santo, conforme disposto no art. 35 da Lei Complementar Estadual n\u00ba 234\/02;<\/span><\/p>\n<p lang=\"en-US\" align=\"JUSTIFY\"><span lang=\"pt-BR\"><strong>CONSIDERANDO <\/strong><\/span><span lang=\"pt-BR\">a expressa previs\u00e3o legal contida na Lei Complementar n\u00ba 794\/2014, que atribui \u00e0 Corregedoria Geral da Justi\u00e7a a regulamenta\u00e7\u00e3o da exig\u00eancia do Fundo de Moderniza\u00e7\u00e3o e Incentivo \u00e0 Cobran\u00e7a da D\u00edvida Ativa e de Reestrutura\u00e7\u00e3o Administrativa da Procuradoria Geral do Estado &#8211; FUNCAD.<\/span><\/p>\n<p lang=\"pt-BR\" align=\"JUSTIFY\"><strong>RESOLVE:<\/strong><\/p>\n<p lang=\"en-US\" align=\"JUSTIFY\"><span lang=\"pt-BR\"><strong>Art. 1\u00ba.<\/strong><\/span><span lang=\"pt-BR\"> Incluir o campo valor_funcad no layout XML, destinado a informa\u00e7\u00e3o sobre o recolhimento da receita de 5% sobre os emolumentos dos atos praticados pelos Servi\u00e7os Notariais e de Registro.<\/span><\/p>\n<p lang=\"en-US\" align=\"JUSTIFY\"><span lang=\"pt-BR\"><strong>\u00a71\u00ba<\/strong><\/span><span lang=\"pt-BR\"> O campo &lt;valor_funcad&gt; ser\u00e1 obrigat\u00f3rio a partir de 01\/05\/2015.<\/span><\/p>\n<p lang=\"en-US\" align=\"JUSTIFY\"><span lang=\"pt-BR\"><strong>\u00a72\u00ba<\/strong><\/span><span lang=\"pt-BR\"> O detalhamento t\u00e9cnico est\u00e1 descrito no Dicion\u00e1rio XML dispon\u00edvel no Portal P\u00fablico do Selo Digital, no endere\u00e7o <\/span><a href=\"https:\/\/selo.tjes.jus.br\/selodigital\/\"><span lang=\"pt-BR\"><strong>https:\/\/selo.tjes.jus.br\/selodigital\/<\/strong><\/span><\/a><span lang=\"pt-BR\"><strong>.<\/strong><\/span><\/p>\n<p lang=\"en-US\" align=\"JUSTIFY\"><span lang=\"pt-BR\"><strong>Art. 2\u00ba.<\/strong><\/span><span lang=\"pt-BR\"> As guias do FUNCAD ser\u00e3o geradas automaticamente como resultado do faturamento mensal e estar\u00e3o dispon\u00edveis no Portal do Selo Digital, na op\u00e7\u00e3o \u201cReimpress\u00e3o de Guias de Pagamentos\u201d.<\/span><\/p>\n<p lang=\"en-US\" align=\"JUSTIFY\"><span lang=\"pt-BR\"><strong>\u00a71\u00ba<\/strong><\/span><span lang=\"pt-BR\"> O resultado do faturamento mensal e as guias estar\u00e3o dispon\u00edveis a partir do dia 06 (seis) de cada m\u00eas.<\/span><\/p>\n<p lang=\"en-US\" align=\"JUSTIFY\"><span lang=\"pt-BR\"><strong>\u00a72\u00ba<\/strong><\/span><span lang=\"pt-BR\"> O pagamento das guias dever\u00e1 ser realizado at\u00e9 o dia 10 (dez) de cada m\u00eas.<\/span><\/p>\n<p lang=\"en-US\" align=\"JUSTIFY\"><span lang=\"pt-BR\"><strong>\u00a73\u00ba<\/strong><\/span><span lang=\"pt-BR\"> O n\u00e3o pagamento das guias no prazo estipulado no par\u00e1grafo anterior importar\u00e1, sem preju\u00edzo da infra\u00e7\u00e3o funcional consumada pelo delegat\u00e1rio, na inviabilidade da aquisi\u00e7\u00e3o de novos lotes do Selo Digital pelo Servi\u00e7o inadimplente.<\/span><\/p>\n<p lang=\"en-US\" align=\"JUSTIFY\"><span lang=\"pt-BR\"><strong>Art. 3\u00ba.<\/strong><\/span><span lang=\"pt-BR\"> Este provimento entrar\u00e1 em vigor na data de sua publica\u00e7\u00e3o, produzindo seus efeitos a partir do dia 1\u00ba de maio de 2015.<\/span><\/p>\n<p lang=\"pt-BR\" align=\"JUSTIFY\"><strong>Publique-se. Cumpra-se.<\/strong><\/p>\n<p style=\"text-align: center;\" align=\"JUSTIFY\"><strong>Vit\u00f3ria, 09 de fevereiro de 2015.<\/strong><\/p>\n<p style=\"text-align: center;\" align=\"CENTER\"><strong>CARLOS ROBERTO MIGNONE<br \/>\n<\/strong><strong>Corregedor Geral da Justi\u00e7a<\/strong><\/p>\n","protected":false},"excerpt":{"rendered":"<p>ESTADO DO ESPIRITO SANTO PODER JUDICI\u00c1RIO CORREGEDORIA-GERAL DA JUSTI\u00c7A PROVIMENTO N\u00ba 25\/2015 Inclui e altera, para implementa\u00e7\u00e3o do FUNDO DE MODERNIZA\u00c7\u00c3O E INCENTIVO \u00c0 COBRAN\u00c7A DA D\u00cdVIDA ATIVA E DE REESTRUTURA\u00c7\u00c3O ADMINISTRATIVA DA PROCURADORIA\u00a0GERAL DO ESTADO &#8211; FUNCAD, dispositivos que regulamentam a utiliza\u00e7\u00e3o do Selo Digital de Fiscaliza\u00e7\u00e3o dos Servi\u00e7os Notariais e de Registro no [&hellip;]<\/p>\n","protected":false},"author":1,"featured_media":0,"comment_status":"open","ping_status":"open","sticky":false,"template":"","format":"standard","meta":{"footnotes":""},"categories":[14,16],"tags":[],"_links":{"self":[{"href":"https:\/\/www.tjes.jus.br\/corregedoria\/wp-json\/wp\/v2\/posts\/4824"}],"collection":[{"href":"https:\/\/www.tjes.jus.br\/corregedoria\/wp-json\/wp\/v2\/posts"}],"about":[{"href":"https:\/\/www.tjes.jus.br\/corregedoria\/wp-json\/wp\/v2\/types\/post"}],"author":[{"embeddable":true,"href":"https:\/\/www.tjes.jus.br\/corregedoria\/wp-json\/wp\/v2\/users\/1"}],"replies":[{"embeddable":true,"href":"https:\/\/www.tjes.jus.br\/corregedoria\/wp-json\/wp\/v2\/comments?post=4824"}],"version-history":[{"count":4,"href":"https:\/\/www.tjes.jus.br\/corregedoria\/wp-json\/wp\/v2\/posts\/4824\/revisions"}],"predecessor-version":[{"id":18599,"href":"https:\/\/www.tjes.jus.br\/corregedoria\/wp-json\/wp\/v2\/posts\/4824\/revisions\/18599"}],"wp:attachment":[{"href":"https:\/\/www.tjes.jus.br\/corregedoria\/wp-json\/wp\/v2\/media?parent=4824"}],"wp:term":[{"taxonomy":"category","embeddable":true,"href":"https:\/\/www.tjes.jus.br\/corregedoria\/wp-json\/wp\/v2\/categories?post=4824"},{"taxonomy":"post_tag","embeddable":true,"href":"https:\/\/www.tjes.jus.br\/corregedoria\/wp-json\/wp\/v2\/tags?post=4824"}],"curies":[{"name":"wp","href":"https:\/\/api.w.org\/{rel}","templated":true}]}}