{"id":4827,"date":"2016-08-16T14:50:57","date_gmt":"2016-08-16T17:50:57","guid":{"rendered":"https:\/\/www.tjes.jus.br\/corregedoria\/?p=4827"},"modified":"2017-09-14T16:32:09","modified_gmt":"2017-09-14T19:32:09","slug":"provimento-no-262015-disp-10022015","status":"publish","type":"post","link":"https:\/\/www.tjes.jus.br\/corregedoria\/2016\/08\/16\/provimento-no-262015-disp-10022015\/","title":{"rendered":"PROVIMENTO CGJES N\u00ba 26\/2015 &#8211; DISP. 10\/02\/2015"},"content":{"rendered":"<p align=\"CENTER\"><strong>ESTADO DO ESP\u00cdRITO SANTO<\/strong><\/p>\n<p align=\"CENTER\"><strong>PODER JUDICI\u00c1RIO<\/strong><\/p>\n<p align=\"CENTER\"><strong>CORREGEDORIA-GERAL DA JUSTI\u00c7A<\/strong><\/p>\n<p lang=\"pt-BR\" align=\"CENTER\"><strong>PROVIMENTO N\u00ba 26\/2015<\/strong><\/p>\n<p lang=\"pt-BR\" align=\"JUSTIFY\"><em>Disp\u00f5e acerca da altera\u00e7\u00e3o do Art. 547 do C\u00f3digo de Normas da Egr\u00e9gia Corregedoria Geral do Estado do Esp\u00edrito Santo, com o fito de operacionalizar a execu\u00e7\u00e3o e controle das receitas destinadas ao Fundo de Moderniza\u00e7\u00e3o e Incentivo \u00e0 Cobran\u00e7a da D\u00edvida Ativa e de Reestrutura\u00e7\u00e3o Administrativa da Procuradoria Geral do Estado \u2013 FUNCAD.<\/em><\/p>\n<p lang=\"pt-BR\" align=\"JUSTIFY\">O Desembargador CARLOS ROBERTO MIGNONE , Corregedor-Geral da Justi\u00e7a do Estado do Esp\u00edrito Santo, no uso de suas atribui\u00e7\u00f5es legais e,<\/p>\n<p lang=\"en-US\" align=\"JUSTIFY\"><span lang=\"pt-BR\"><strong>CONSIDERANDO <\/strong><\/span><span lang=\"pt-BR\">ser a Corregedoria Geral da Justi\u00e7a \u00f3rg\u00e3o de fiscaliza\u00e7\u00e3o, disciplina e orienta\u00e7\u00e3o administrativa, com jurisdi\u00e7\u00e3o em todo o Estado do Esp\u00edrito Santo, conforme disposto no art. 35 da Lei Complementar Estadual n\u00ba 234\/02;<\/span><\/p>\n<p lang=\"en-US\" align=\"JUSTIFY\"><span lang=\"pt-BR\"><strong>CONSIDERANDO <\/strong><\/span><span lang=\"pt-BR\">a expressa previs\u00e3o legal contida na Lei Complementar n\u00ba 794\/2014, que atribui \u00e0 Corregedoria Geral da Justi\u00e7a a regulamenta\u00e7\u00e3o da exig\u00eancia do Fundo de Moderniza\u00e7\u00e3o e de Reestrutura\u00e7\u00e3o Administrativa da Procuradoria Geral do Estado &#8211; FUNCAD.<\/span><\/p>\n<p lang=\"en-US\" align=\"JUSTIFY\"><span lang=\"pt-BR\"><strong>RESOLVE:<\/strong><\/span><\/p>\n<p lang=\"en-US\" align=\"JUSTIFY\"><span lang=\"pt-BR\"><strong>Art. 1\u00ba. ALTERAR<\/strong><\/span><span lang=\"pt-BR\"> o art. 547 do C\u00f3digo de Normas desta Eg. Corregedoria Geral da Justi\u00e7a, que ter\u00e1 a seguinte reda\u00e7\u00e3o:<\/span><\/p>\n<p lang=\"en-US\" style=\"padding-left: 30px;\" align=\"JUSTIFY\"><span lang=\"pt-BR\"><strong>Art. 547.<\/strong><\/span><span lang=\"pt-BR\"> Compete ao delegat\u00e1rio titular, interino ou interventor dos servi\u00e7os extrajudiciais o dever de repassar as taxas, do <\/span><span lang=\"pt-BR\"><strong>FARPEN<\/strong><\/span><span lang=\"pt-BR\"> (FUNDO DE APOIO AO REGISTRO DE PESSOAS NATURAIS), do\u00a0<\/span><span lang=\"pt-BR\"><strong>FUNEPJ <\/strong><\/span><span lang=\"pt-BR\">(FUNDO ESPECIAL DO PODER JUDICI\u00c1RIO DO ESTADO DO ESP\u00cdRITO SANTO), do\u00a0<\/span><span lang=\"pt-BR\"><strong>FADESPES<\/strong><\/span><span lang=\"pt-BR\"> (FUNDO DE APARELHAMENTO DA DEFENSORIA P\u00daBLICA), do <\/span><span lang=\"pt-BR\"><strong>FUNEMP<\/strong><\/span><span lang=\"pt-BR\"> (FUNDO ESPECIAL DO MINIST\u00c9RIO P\u00daBLICO DO ESTADO DO ESP\u00cdRITO SANTO) e do <\/span><span lang=\"pt-BR\"><strong>FUNCAD<\/strong><\/span><span lang=\"pt-BR\"> (FUNDO DE MODERNIZA\u00c7\u00c3O E INCENTIVO \u00c0 COBRAN\u00c7A DA D\u00cdVIDA ATIVA E DE REESTRUTURA\u00c7\u00c3O ADMINISTRATIVA DA PROCURADORIA GERAL DO ESTADO) pagas pelos usu\u00e1rios do servi\u00e7o Notarial e de Registro, at\u00e9 o dia 10 (dez) do m\u00eas subseq\u00fcente, mediante comprova\u00e7\u00e3o perante \u00e0 Corregedoria Geral da Justi\u00e7a.<br \/>\n<\/span><span lang=\"pt-BR\"><strong>\u00a7 1\u00ba <\/strong><\/span><span lang=\"pt-BR\">Assim como o delegat\u00e1rio titular, o interventor ou o delegat\u00e1rio interino do Servi\u00e7o Notarial ou de Registro \u00e9 respons\u00e1vel tribut\u00e1rio pessoal em rela\u00e7\u00e3o \u00e0 receita n\u00e3o recolhida aos cofres p\u00fablicos.<br \/>\n<\/span><span lang=\"pt-BR\"><strong>\u00a7 2\u00ba <\/strong><\/span><span lang=\"pt-BR\">O delegat\u00e1rio titular do Servi\u00e7o Notarial ou de Registro que recolher as taxas e n\u00e3o proceder ao repasse do <\/span><span lang=\"pt-BR\"><strong>FARPEN<\/strong><\/span><span lang=\"pt-BR\">, <\/span><span lang=\"pt-BR\"><strong>FUNEPJ<\/strong><\/span><span lang=\"pt-BR\">, <\/span><span lang=\"pt-BR\"><strong>FADESPES<\/strong><\/span><span lang=\"pt-BR\">, <\/span><span lang=\"pt-BR\"><strong>FUNEMP<\/strong><\/span><span lang=\"pt-BR\"> e <\/span><span lang=\"pt-BR\"><strong>FUNCAD<\/strong><\/span><span lang=\"pt-BR\"> estar\u00e1 sujeito \u00e0s san\u00e7\u00f5es administrativas e penais previstas em lei.<br \/>\n<\/span><span lang=\"pt-BR\"><strong>\u00a7 3\u00ba <\/strong><\/span><span lang=\"pt-BR\">O interventor ou o delegat\u00e1rio interino que recolher as taxas e n\u00e3o proceder ao repasse do\u00a0<\/span><span lang=\"pt-BR\"><strong>FARPEN<\/strong><\/span><span lang=\"pt-BR\">, <\/span><span lang=\"pt-BR\"><strong>FUNEPJ<\/strong><\/span><span lang=\"pt-BR\">, <\/span><span lang=\"pt-BR\"><strong>FADESPES<\/strong><\/span><span lang=\"pt-BR\">, <\/span><span lang=\"pt-BR\"><strong>FUNEMP<\/strong><\/span><span lang=\"pt-BR\"> e <\/span><span lang=\"pt-BR\"><strong>FUNCAD<\/strong><\/span><span lang=\"pt-BR\"> incorrer\u00e1 na perda de confian\u00e7a da Administra\u00e7\u00e3o em sua interinidade, aplicando-se o disposto no <a href=\"https:\/\/www.tjes.jus.br\/corregedoria\/index.php\/2016\/10\/07\/provimento-no-372013-disp-25042013\/\" target=\"_blank\" rel=\"noopener\">art. 14,\u00a7 2\u00ba, do Provimento n\u00ba 37\/2013<\/a>, sem preju\u00edzo das san\u00e7\u00f5es penais.<\/span><\/p>\n<p lang=\"en-US\" align=\"JUSTIFY\"><span lang=\"pt-BR\"><strong>Art. 2\u00ba. <\/strong><\/span><span lang=\"pt-BR\">Este provimento entrar\u00e1 em vigor na data de sua publica\u00e7\u00e3o, produzindo seus efeitos a partir do dia <\/span><span lang=\"pt-BR\"><strong>1\u00ba de maio de 2015.<\/strong><\/span><\/p>\n<p lang=\"pt-BR\" align=\"JUSTIFY\"><strong>Publique-se. Cumpra-se.<\/strong><\/p>\n<p align=\"JUSTIFY\"><strong>Vit\u00f3ria, 09 de fevereiro de 2015.<\/strong><\/p>\n<p align=\"CENTER\"><strong>CARLOS ROBERTO MIGNONE<br \/>\n<\/strong><strong>Corregedor-Geral da Justi\u00e7a<\/strong><\/p>\n","protected":false},"excerpt":{"rendered":"<p>ESTADO DO ESP\u00cdRITO SANTO PODER JUDICI\u00c1RIO CORREGEDORIA-GERAL DA JUSTI\u00c7A PROVIMENTO N\u00ba 26\/2015 Disp\u00f5e acerca da altera\u00e7\u00e3o do Art. 547 do C\u00f3digo de Normas da Egr\u00e9gia Corregedoria Geral do Estado do Esp\u00edrito Santo, com o fito de operacionalizar a execu\u00e7\u00e3o e controle das receitas destinadas ao Fundo de Moderniza\u00e7\u00e3o e Incentivo \u00e0 Cobran\u00e7a da D\u00edvida Ativa [&hellip;]<\/p>\n","protected":false},"author":1,"featured_media":0,"comment_status":"open","ping_status":"open","sticky":false,"template":"","format":"standard","meta":{"footnotes":""},"categories":[14,16],"tags":[],"_links":{"self":[{"href":"https:\/\/www.tjes.jus.br\/corregedoria\/wp-json\/wp\/v2\/posts\/4827"}],"collection":[{"href":"https:\/\/www.tjes.jus.br\/corregedoria\/wp-json\/wp\/v2\/posts"}],"about":[{"href":"https:\/\/www.tjes.jus.br\/corregedoria\/wp-json\/wp\/v2\/types\/post"}],"author":[{"embeddable":true,"href":"https:\/\/www.tjes.jus.br\/corregedoria\/wp-json\/wp\/v2\/users\/1"}],"replies":[{"embeddable":true,"href":"https:\/\/www.tjes.jus.br\/corregedoria\/wp-json\/wp\/v2\/comments?post=4827"}],"version-history":[{"count":6,"href":"https:\/\/www.tjes.jus.br\/corregedoria\/wp-json\/wp\/v2\/posts\/4827\/revisions"}],"predecessor-version":[{"id":18600,"href":"https:\/\/www.tjes.jus.br\/corregedoria\/wp-json\/wp\/v2\/posts\/4827\/revisions\/18600"}],"wp:attachment":[{"href":"https:\/\/www.tjes.jus.br\/corregedoria\/wp-json\/wp\/v2\/media?parent=4827"}],"wp:term":[{"taxonomy":"category","embeddable":true,"href":"https:\/\/www.tjes.jus.br\/corregedoria\/wp-json\/wp\/v2\/categories?post=4827"},{"taxonomy":"post_tag","embeddable":true,"href":"https:\/\/www.tjes.jus.br\/corregedoria\/wp-json\/wp\/v2\/tags?post=4827"}],"curies":[{"name":"wp","href":"https:\/\/api.w.org\/{rel}","templated":true}]}}