{"id":48282,"date":"2026-09-01T13:17:24","date_gmt":"2026-09-01T16:17:24","guid":{"rendered":"https:\/\/www.tjes.jus.br\/corregedoria\/?p=48282"},"modified":"2026-09-01T13:18:35","modified_gmt":"2026-09-01T16:18:35","slug":"ato-normativo-no-149-2026-disp-01-09-2026","status":"publish","type":"post","link":"https:\/\/www.tjes.jus.br\/corregedoria\/2026\/09\/01\/ato-normativo-no-149-2026-disp-01-09-2026\/","title":{"rendered":"ATO NORMATIVO N\u00ba 149\/2026 \u2013 DISP. 01\/09\/2026"},"content":{"rendered":"\n<div class=\"override-text\" align=\"center\">\n<p style=\"text-align: center;\">PODER JUDICI\u00c1RIO DO ESTADO DO ESP\u00cdRITO SANTO &#8211; PJES<\/p>\n<p style=\"text-align: center;\">RUA DESEMBARGADOR HOMERO MAFRA,60 &#8211; Bairro ENSEADA DO SU\u00c1 &#8211; CEP 29050906 &#8211; Vit\u00f3ria &#8211; ES &#8211; www.tjes.jus.br<\/p>\n<\/div>\n<p class=\"Texto_Centralizado_Maiusculas\" style=\"text-align: left;\">\u00a0<\/p>\n<p class=\"Texto_Centralizado\" style=\"text-align: center;\"><strong>ATO NORMATIVO N\u00ba 149\/2026<\/strong><\/p>\n<p class=\"Texto_Justificado\" style=\"text-align: left;\"><br \/>\u00a0<\/p>\n<p class=\"Texto_Justificado\" style=\"text-align: left;\">A Excelent\u00edssima Senhora Desembargadora Presidente do e. Tribunal de Justi\u00e7a do Estado do Esp\u00edrito Santo, no uso de suas atribui\u00e7\u00f5es legais e regimentais,<\/p>\n<p class=\"Texto_Justificado\" style=\"text-align: left;\"><br \/>\u00a0<\/p>\n<p class=\"Texto_Justificado\" style=\"text-align: left;\">Considerando a necessidade da efetiva implementa\u00e7\u00e3o e execu\u00e7\u00e3o das diretrizes previstas na Lei n\u00ba 13.431\/2017, e da permanente forma\u00e7\u00e3o dos servidores como Entrevistadores Forenses para auxiliarem os magistrados na realiza\u00e7\u00e3o dos Depoimentos Especiais;<\/p>\n<p style=\"text-align: left;\">\u00a0<\/p>\n<p class=\"Texto_Justificado\" style=\"text-align: left;\">Considerando que a Supervis\u00e3o da Inf\u00e2ncia e Juventude deste e. Tribunal de Justi\u00e7a solicitou a\u00a0inclus\u00e3o do servidor\u00a0<strong data-index-in-node=\"158\" data-path-to-node=\"3,0,0\">Fl\u00e1vio Marques Gomes de Medeiros<\/strong>\u00a0(Analista Judici\u00e1rio &#8211; Psicologia), lotado na Central de Apoio Multidisciplinar da Comarca de Colatina, para compor o Cadastro Estadual de Entrevistadores Forenses do TJES, nos termos do Ato n\u00ba 133\/2022 e suas altera\u00e7\u00f5es posteriores,<br \/>\u00a0<\/p>\n<p style=\"text-align: left;\">\u00a0<\/p>\n<p class=\"Texto_Justificado\" style=\"text-align: left;\">RESOLVE:<br \/>\u00a0<\/p>\n<p style=\"text-align: left;\">\u00a0<\/p>\n<p class=\"Texto_Justificado\" style=\"text-align: left;\">Art. 1\u00ba. Incluir no art. 1\u00ba do <a href=\"https:\/\/www.tjes.jus.br\/corregedoria\/2022\/09\/13\/ato-normativo-no-133-2022-disp-13-09-2022\/\">Ato Normativo n\u00ba 133<\/a>, de 13 de setembro de 2022, o servidor:<\/p>\n<p style=\"text-align: left;\">\u00a0<\/p>\n<p class=\"Texto_Justificado\" style=\"text-align: left;\">I-<strong data-index-in-node=\"158\" data-path-to-node=\"3,0,0\">\u00a0Fl\u00e1vio Marques Gomes de Medeiros<\/strong>\u00a0(Analista Judici\u00e1rio &#8211; Psicologia), lotado na Central de Apoio Multidisciplinar da Comarca de Colatina.<\/p>\n<p style=\"text-align: left;\">\u00a0<\/p>\n<p class=\"Texto_Justificado\" style=\"text-align: left;\">Art. 2\u00ba. Fica inclu\u00eddo no Cadastro Estadual de Entrevistadores Forenses\u00a0do e. Tribunal de Justi\u00e7a deste Estado o servidor designado no inciso I, do art. 1\u00ba deste Ato.<\/p>\n<p style=\"text-align: left;\">\u00a0<\/p>\n<p class=\"Texto_Justificado\" style=\"text-align: left;\">Art. 3\u00ba. Este Ato entra em vigor na data de sua publica\u00e7\u00e3o, revogando-se as disposi\u00e7\u00f5es em contr\u00e1rio.<\/p>\n<p class=\"Texto_Justificado\" style=\"text-align: left;\"><br \/>\u00a0<\/p>\n<p class=\"Texto_Justificado\" style=\"text-align: left;\">PUBLIQUE-SE por 03 dias consecutivos.<\/p>\n<p style=\"text-align: left;\">\u00a0<\/p>\n<p class=\"Texto_Justificado\" style=\"text-align: left;\">REGISTRE-SE.<\/p>\n<p style=\"text-align: left;\">\u00a0<\/p>\n<p class=\"Texto_Justificado\" style=\"text-align: left;\">CUMPRA-SE.<\/p>\n<p style=\"text-align: left;\">\u00a0<\/p>\n<p class=\"Texto_Justificado\" style=\"text-align: left;\">Vit\u00f3ria\/ES, 31 de agosto de 2026.<\/p>\n<p style=\"text-align: left;\">\u00a0<\/p>\n<p style=\"text-align: left;\">\u00a0<\/p>\n<p class=\"Texto_Centralizado\" style=\"text-align: center;\"><strong>Desembargadora JANETE VARGAS SIM\u00d5ES<\/strong><\/p>\n<p class=\"Texto_Centralizado\" style=\"text-align: center;\"><strong>Presidente<\/strong><\/p>\n","protected":false},"excerpt":{"rendered":"<p>PODER JUDICI\u00c1RIO DO ESTADO DO ESP\u00cdRITO SANTO &#8211; PJES RUA DESEMBARGADOR HOMERO MAFRA,60 &#8211; Bairro ENSEADA DO SU\u00c1 &#8211; CEP 29050906 &#8211; Vit\u00f3ria &#8211; ES &#8211; www.tjes.jus.br \u00a0 ATO NORMATIVO N\u00ba 149\/2026 \u00a0 A Excelent\u00edssima Senhora Desembargadora Presidente do e. Tribunal de Justi\u00e7a do Estado do Esp\u00edrito Santo, no uso de suas atribui\u00e7\u00f5es legais e [&hellip;]<\/p>\n","protected":false},"author":19,"featured_media":0,"comment_status":"closed","ping_status":"closed","sticky":false,"template":"","format":"standard","meta":{"footnotes":""},"categories":[4,14],"tags":[],"_links":{"self":[{"href":"https:\/\/www.tjes.jus.br\/corregedoria\/wp-json\/wp\/v2\/posts\/48282"}],"collection":[{"href":"https:\/\/www.tjes.jus.br\/corregedoria\/wp-json\/wp\/v2\/posts"}],"about":[{"href":"https:\/\/www.tjes.jus.br\/corregedoria\/wp-json\/wp\/v2\/types\/post"}],"author":[{"embeddable":true,"href":"https:\/\/www.tjes.jus.br\/corregedoria\/wp-json\/wp\/v2\/users\/19"}],"replies":[{"embeddable":true,"href":"https:\/\/www.tjes.jus.br\/corregedoria\/wp-json\/wp\/v2\/comments?post=48282"}],"version-history":[{"count":2,"href":"https:\/\/www.tjes.jus.br\/corregedoria\/wp-json\/wp\/v2\/posts\/48282\/revisions"}],"predecessor-version":[{"id":48286,"href":"https:\/\/www.tjes.jus.br\/corregedoria\/wp-json\/wp\/v2\/posts\/48282\/revisions\/48286"}],"wp:attachment":[{"href":"https:\/\/www.tjes.jus.br\/corregedoria\/wp-json\/wp\/v2\/media?parent=48282"}],"wp:term":[{"taxonomy":"category","embeddable":true,"href":"https:\/\/www.tjes.jus.br\/corregedoria\/wp-json\/wp\/v2\/categories?post=48282"},{"taxonomy":"post_tag","embeddable":true,"href":"https:\/\/www.tjes.jus.br\/corregedoria\/wp-json\/wp\/v2\/tags?post=48282"}],"curies":[{"name":"wp","href":"https:\/\/api.w.org\/{rel}","templated":true}]}}