{"id":48297,"date":"2026-09-02T13:47:20","date_gmt":"2026-09-02T16:47:20","guid":{"rendered":"https:\/\/www.tjes.jus.br\/corregedoria\/?p=48297"},"modified":"2026-09-02T13:48:34","modified_gmt":"2026-09-02T16:48:34","slug":"ato-normativo-no-150-2026-disp-02-09-2026","status":"publish","type":"post","link":"https:\/\/www.tjes.jus.br\/corregedoria\/2026\/09\/02\/ato-normativo-no-150-2026-disp-02-09-2026\/","title":{"rendered":"ATO NORMATIVO N\u00ba 150\/2026 \u2013 DISP. 02\/09\/2026"},"content":{"rendered":"\n<p style=\"text-align: center;\" align=\"center\">PODER JUDICI\u00c1RIO DO ESTADO DO ESP\u00cdRITO SANTO &#8211; PJES<\/p>\n<p style=\"text-align: center;\" align=\"center\">RUA DESEMBARGADOR HOMERO MAFRA,60 &#8211; Bairro ENSEADA DO SU\u00c1 &#8211; CEP 29050906 &#8211; Vit\u00f3ria &#8211; ES &#8211; www.tjes.jus.br<\/p>\n<p class=\"textocentralizadomaiusculas\" style=\"text-align: justify;\" align=\"center\"><strong>\u00a0<\/strong><\/p>\n<p style=\"text-align: justify;\">\u00a0<\/p>\n<p class=\"textocentralizado\" style=\"text-align: center;\" align=\"center\"><strong>ATO NORMATIVO N\u00ba 150\/2026<\/strong><\/p>\n<p style=\"text-align: justify;\">\u00a0<\/p>\n<p style=\"text-align: justify;\">\u00a0<\/p>\n<p class=\"textojustificado\" style=\"text-align: justify;\"><em>Disp\u00f5e acerca da recomposi\u00e7\u00e3o dos membros do Grupo do Meio Ambiente do Poder Judici\u00e1rio do Estado do Esp\u00edrito Santo.<\/em><\/p>\n<p style=\"text-align: justify;\">\u00a0<\/p>\n<p style=\"text-align: justify;\">\u00a0<\/p>\n<p class=\"textojustificado\" style=\"text-align: justify;\">A Excelent\u00edssima Desembargadora Janete Vargas Sim\u00f5es, Presidente do Egr\u00e9gio Tribunal de Justi\u00e7a do Estado do Esp\u00edrito Santo, no uso de suas atribui\u00e7\u00f5es legais e regimentais, e<\/p>\n<p style=\"text-align: justify;\">\u00a0<\/p>\n<p style=\"text-align: justify;\">\u00a0<\/p>\n<p class=\"textojustificado\" style=\"text-align: justify;\">CONSIDERANDO o disposto na Resolu\u00e7\u00e3o CNJ n\u00ba 433\/2021, que instituiu a Pol\u00edtica Nacional do Poder Judici\u00e1rio para o Meio Ambiente;<\/p>\n<p style=\"text-align: justify;\">\u00a0<\/p>\n<p style=\"text-align: justify;\">\u00a0<\/p>\n<p class=\"textojustificado\" style=\"text-align: justify;\">CONSIDERANDO a Portaria n\u00ba 03\/2025 (disponibilizada no e-di\u00e1rio em 14\/02\/2025), que instituiu inicialmente o Grupo do Meio Ambiente;<\/p>\n<p style=\"text-align: justify;\">\u00a0<\/p>\n<p style=\"text-align: justify;\">\u00a0<\/p>\n<p class=\"textojustificado\" style=\"text-align: justify;\">CONSIDERANDO a necessidade de adequar a composi\u00e7\u00e3o do referido Grupo \u00e0 nova composi\u00e7\u00e3o da Comiss\u00e3o Gestora do Plano de Log\u00edstica Sustent\u00e1vel \u2013 CGPLS, visando otimizar a execu\u00e7\u00e3o de suas atribui\u00e7\u00f5es;<\/p>\n<p style=\"text-align: justify;\">\u00a0<\/p>\n<p style=\"text-align: justify;\">\u00a0<\/p>\n<p class=\"textojustificado\" style=\"text-align: justify;\">CONSIDERANDO a solicita\u00e7\u00e3o de altera\u00e7\u00e3o de composi\u00e7\u00e3o contida no Of\u00edcio n\u00ba 9\/2026 da Comiss\u00e3o Gestora do Plano de Log\u00edstica Sustent\u00e1vel, processo SEI n\u00famero 7001299-20.2025.8.08.0000;<\/p>\n<p style=\"text-align: justify;\">\u00a0<\/p>\n<p style=\"text-align: justify;\">\u00a0<\/p>\n<p class=\"textojustificado\" style=\"text-align: justify;\"><strong>RESOLVE:<\/strong><\/p>\n<p style=\"text-align: justify;\">\u00a0<\/p>\n<p style=\"text-align: justify;\">\u00a0<\/p>\n<p class=\"textojustificado\" style=\"text-align: justify;\">Art. 1\u00ba. Designar para compor o Grupo do Meio Ambiente do Poder Judici\u00e1rio do Estado do Esp\u00edrito Santo os seguintes membros:<\/p>\n<p class=\"textojustificado\" style=\"text-align: justify;\">I. Desembargador S\u00e9rgio Ricardo de Souza, que o coordenar\u00e1;<\/p>\n<p class=\"textojustificado\" style=\"text-align: justify;\">II. Ju\u00edza de Direito Dra. Kelly Kiefer;<\/p>\n<p class=\"textojustificado\" style=\"text-align: justify;\">III. Ju\u00edza de Direito Dra. Graciene Pereira Pinto;<\/p>\n<p class=\"textojustificado\" style=\"text-align: justify;\">IV. Juiz de Direito Dr. Carlos Magno Moulin Lima;<\/p>\n<p class=\"textojustificado\" style=\"text-align: justify;\">V. Juiz de Direito Dr. Eduardo Geraldo de Matos.<\/p>\n<p style=\"text-align: justify;\">\u00a0<\/p>\n<p style=\"text-align: justify;\">\u00a0<\/p>\n<p class=\"textojustificado\" style=\"text-align: justify;\">Art. 2\u00ba. Fica revogada a<a href=\"https:\/\/www.tjes.jus.br\/corregedoria\/2025\/05\/16\/portaria-no-003-2025-disp-16-05-2025\/\"> Portaria n\u00ba 03\/2025<\/a>.<\/p>\n<p style=\"text-align: justify;\">\u00a0<\/p>\n<p style=\"text-align: justify;\">\u00a0<\/p>\n<p class=\"textojustificado\" style=\"text-align: justify;\">Art. 3\u00ba. Este Ato Normativo entra em vigor na data de sua publica\u00e7\u00e3o.<\/p>\n<p style=\"text-align: justify;\">\u00a0<\/p>\n<p style=\"text-align: justify;\">\u00a0<\/p>\n<p class=\"textojustificado\" style=\"text-align: justify;\">Publique-se.\u00a0<\/p>\n<p style=\"text-align: justify;\">\u00a0<\/p>\n<p style=\"text-align: justify;\">Vit\u00f3ria\/ES, 31 de agosto de 2026.<\/p>\n<p style=\"text-align: justify;\">\u00a0<\/p>\n<p style=\"text-align: justify;\">\u00a0<\/p>\n<p class=\"textocentralizado\" style=\"text-align: center;\" align=\"center\"><strong>Desembargadora Janete Vargas Sim\u00f5es<\/strong><\/p>\n<p class=\"textocentralizado\" style=\"text-align: center;\" align=\"center\">Presidente do Tribunal de Justi\u00e7a do Estado do Esp\u00edrito Santo<\/p>\n","protected":false},"excerpt":{"rendered":"<p>PODER JUDICI\u00c1RIO DO ESTADO DO ESP\u00cdRITO SANTO &#8211; PJES RUA DESEMBARGADOR HOMERO MAFRA,60 &#8211; Bairro ENSEADA DO SU\u00c1 &#8211; CEP 29050906 &#8211; Vit\u00f3ria &#8211; ES &#8211; www.tjes.jus.br \u00a0 \u00a0 ATO NORMATIVO N\u00ba 150\/2026 \u00a0 \u00a0 Disp\u00f5e acerca da recomposi\u00e7\u00e3o dos membros do Grupo do Meio Ambiente do Poder Judici\u00e1rio do Estado do Esp\u00edrito Santo. \u00a0 [&hellip;]<\/p>\n","protected":false},"author":19,"featured_media":0,"comment_status":"closed","ping_status":"closed","sticky":false,"template":"","format":"standard","meta":{"footnotes":""},"categories":[4,14],"tags":[],"_links":{"self":[{"href":"https:\/\/www.tjes.jus.br\/corregedoria\/wp-json\/wp\/v2\/posts\/48297"}],"collection":[{"href":"https:\/\/www.tjes.jus.br\/corregedoria\/wp-json\/wp\/v2\/posts"}],"about":[{"href":"https:\/\/www.tjes.jus.br\/corregedoria\/wp-json\/wp\/v2\/types\/post"}],"author":[{"embeddable":true,"href":"https:\/\/www.tjes.jus.br\/corregedoria\/wp-json\/wp\/v2\/users\/19"}],"replies":[{"embeddable":true,"href":"https:\/\/www.tjes.jus.br\/corregedoria\/wp-json\/wp\/v2\/comments?post=48297"}],"version-history":[{"count":2,"href":"https:\/\/www.tjes.jus.br\/corregedoria\/wp-json\/wp\/v2\/posts\/48297\/revisions"}],"predecessor-version":[{"id":48300,"href":"https:\/\/www.tjes.jus.br\/corregedoria\/wp-json\/wp\/v2\/posts\/48297\/revisions\/48300"}],"wp:attachment":[{"href":"https:\/\/www.tjes.jus.br\/corregedoria\/wp-json\/wp\/v2\/media?parent=48297"}],"wp:term":[{"taxonomy":"category","embeddable":true,"href":"https:\/\/www.tjes.jus.br\/corregedoria\/wp-json\/wp\/v2\/categories?post=48297"},{"taxonomy":"post_tag","embeddable":true,"href":"https:\/\/www.tjes.jus.br\/corregedoria\/wp-json\/wp\/v2\/tags?post=48297"}],"curies":[{"name":"wp","href":"https:\/\/api.w.org\/{rel}","templated":true}]}}