{"id":48301,"date":"2026-09-02T13:50:24","date_gmt":"2026-09-02T16:50:24","guid":{"rendered":"https:\/\/www.tjes.jus.br\/corregedoria\/?p=48301"},"modified":"2026-09-02T14:00:22","modified_gmt":"2026-09-02T17:00:22","slug":"ato-normativo-conjunto-no-026-2026-disp-02-09-2026","status":"publish","type":"post","link":"https:\/\/www.tjes.jus.br\/corregedoria\/2026\/09\/02\/ato-normativo-conjunto-no-026-2026-disp-02-09-2026\/","title":{"rendered":"ATO NORMATIVO CONJUNTO N\u00ba 026\/2026 \u2013 DISP. 02\/09\/2026"},"content":{"rendered":"\n<p style=\"text-align: center;\" align=\"center\">PODER JUDICI\u00c1RIO DO ESTADO DO ESP\u00cdRITO SANTO &#8211; PJES<\/p>\n<p style=\"text-align: center;\" align=\"center\">RUA DESEMBARGADOR HOMERO MAFRA,60 &#8211; Bairro ENSEADA DO SU\u00c1 &#8211; CEP 29050906 &#8211; Vit\u00f3ria &#8211; ES &#8211; www.tjes.jus.br<\/p>\n<p class=\"textocentralizadomaiusculas\" style=\"text-align: justify;\" align=\"center\">\u00a0<\/p>\n<p style=\"text-align: justify;\">\u00a0<\/p>\n<p class=\"textocentralizado\" style=\"text-align: center;\" align=\"center\"><strong>ATO NORMATIVO CONJUNTO N\u00ba 026\/2026<\/strong><\/p>\n<p style=\"text-align: justify;\">\u00a0<\/p>\n<p style=\"text-align: justify;\">\u00a0<\/p>\n<p class=\"textoementa\" style=\"text-align: justify;\"><em>Revoga o art. 5\u00ba do <a href=\"https:\/\/www.tjes.jus.br\/corregedoria\/2025\/07\/07\/ato-normativo-conjunto-no-026-2025-disp-07-07-2025\/\">Ato Normativo Conjunto n\u00ba 026\/2025<\/a>, que institui diretrizes para cumprimento de prazos relativos a reavalia\u00e7\u00f5es de acolhimento institucional, processos de destitui\u00e7\u00e3o do poder familiar e ado\u00e7\u00e3o no \u00e2mbito do Tribunal de Justi\u00e7a do Estado do Esp\u00edrito Santo.<\/em><\/p>\n<p style=\"text-align: justify;\">\u00a0<\/p>\n<p style=\"text-align: justify;\">\u00a0<\/p>\n<p class=\"textojustificadorecuoprimeiralinha\" style=\"text-align: justify;\">A Excelent\u00edssima Senhora Desembargadora JANETE VARGAS SIM\u00d5ES, Presidente do Tribunal de Justi\u00e7a do Estado do Esp\u00edrito Santo, e o Excelent\u00edssimo Senhor Desembargador EWERTON SCHWAB PINTO J\u00daNIOR, Corregedor-Geral da Justi\u00e7a, no uso de suas atribui\u00e7\u00f5es legais e regimentais,<\/p>\n<p style=\"text-align: justify;\">\u00a0<\/p>\n<p style=\"text-align: justify;\">\u00a0<\/p>\n<p class=\"textojustificadorecuoprimeiralinha\" style=\"text-align: justify;\">CONSIDERANDO a manifesta\u00e7\u00e3o da Comiss\u00e3o Estadual Judici\u00e1ria de Ado\u00e7\u00e3o do Estado do Esp\u00edrito Santo \u2013 CEJA\/ES, no sentido de que o encaminhamento mensal de relat\u00f3rios previsto no art. 5\u00ba do Ato Normativo Conjunto n\u00ba 026\/2025 acarreta duplicidade de rotinas e de presta\u00e7\u00e3o de informa\u00e7\u00f5es pelas unidades judici\u00e1rias;<\/p>\n<p style=\"text-align: justify;\">\u00a0<\/p>\n<p style=\"text-align: justify;\">\u00a0<\/p>\n<p class=\"textojustificadorecuoprimeiralinha\" style=\"text-align: justify;\">CONSIDERANDO a manifesta\u00e7\u00e3o favor\u00e1vel do Exmo. Desembargador Supervisor das Varas da Inf\u00e2ncia e Juventude, que acolheu integralmente a proposta da CEJA\/ES;<\/p>\n<p style=\"text-align: justify;\">\u00a0<\/p>\n<p style=\"text-align: justify;\">\u00a0<\/p>\n<p class=\"textojustificadorecuoprimeiralinha\" style=\"text-align: justify;\">CONSIDERANDO a exist\u00eancia de fluxos de monitoramento j\u00e1 consolidados no \u00e2mbito da CEJA\/ES, aptos ao acompanhamento das pend\u00eancias;<\/p>\n<p style=\"text-align: justify;\">\u00a0<\/p>\n<p style=\"text-align: justify;\">\u00a0<\/p>\n<p class=\"textojustificadorecuoprimeiralinha\" style=\"text-align: justify;\">CONSIDERANDO o decidido pela Corregedoria-Geral da Justi\u00e7a nos autos do processo SEI n\u00ba 7003847-81.2026.8.08.0000;<\/p>\n<p style=\"text-align: justify;\">\u00a0<\/p>\n<p style=\"text-align: justify;\">\u00a0<\/p>\n<p class=\"textojustificadorecuoprimeiralinha\" style=\"text-align: justify;\">RESOLVEM:<\/p>\n<p style=\"text-align: justify;\">\u00a0<\/p>\n<p style=\"text-align: justify;\">\u00a0<\/p>\n<p class=\"textojustificadorecuoprimeiralinha\" style=\"text-align: justify;\">Art. 1\u00ba Fica revogado o art. 5\u00ba, e respectivo par\u00e1grafo \u00fanico, do <a href=\"https:\/\/www.tjes.jus.br\/corregedoria\/2025\/07\/07\/ato-normativo-conjunto-no-026-2025-disp-07-07-2025\/\">Ato Normativo Conjunto n\u00ba 026\/2025<\/a>.<\/p>\n<p style=\"text-align: justify;\">\u00a0<\/p>\n<p style=\"text-align: justify;\">\u00a0<\/p>\n<p class=\"textojustificadorecuoprimeiralinha\" style=\"text-align: justify;\">Art. 2\u00ba Este Ato Normativo Conjunto entra em vigor na data de sua publica\u00e7\u00e3o.<\/p>\n<p style=\"text-align: justify;\">\u00a0<\/p>\n<p style=\"text-align: justify;\">Vit\u00f3ria\/ES, 01 de setembro de 2026.<\/p>\n<p style=\"text-align: justify;\">\u00a0<\/p>\n<p style=\"text-align: justify;\">\u00a0<\/p>\n<p class=\"textocentralizado\" style=\"text-align: center;\" align=\"center\"><strong>Desembargadora JANETE VARGAS SIM\u00d5ES\u00a0<\/strong><\/p>\n<p class=\"textocentralizado\" style=\"text-align: center;\" align=\"center\"><strong>Presidente do Tribunal de Justi\u00e7a<\/strong><\/p>\n<p style=\"text-align: justify;\">\u00a0<\/p>\n<p style=\"text-align: justify;\">\u00a0<\/p>\n<p class=\"textocentralizado\" style=\"text-align: center;\" align=\"center\"><strong>Desembargador EWERTON SCHWAB PINTO J\u00daNIOR<\/strong><\/p>\n<p class=\"textocentralizado\" style=\"text-align: center;\" align=\"center\"><strong>Corregedor-Geral da Justi\u00e7a\u00a0<\/strong><\/p>\n","protected":false},"excerpt":{"rendered":"<p>PODER JUDICI\u00c1RIO DO ESTADO DO ESP\u00cdRITO SANTO &#8211; PJES RUA DESEMBARGADOR HOMERO MAFRA,60 &#8211; Bairro ENSEADA DO SU\u00c1 &#8211; CEP 29050906 &#8211; Vit\u00f3ria &#8211; ES &#8211; www.tjes.jus.br \u00a0 \u00a0 ATO NORMATIVO CONJUNTO N\u00ba 026\/2026 \u00a0 \u00a0 Revoga o art. 5\u00ba do Ato Normativo Conjunto n\u00ba 026\/2025, que institui diretrizes para cumprimento de prazos relativos a [&hellip;]<\/p>\n","protected":false},"author":19,"featured_media":0,"comment_status":"closed","ping_status":"closed","sticky":false,"template":"","format":"standard","meta":{"footnotes":""},"categories":[4,14],"tags":[],"_links":{"self":[{"href":"https:\/\/www.tjes.jus.br\/corregedoria\/wp-json\/wp\/v2\/posts\/48301"}],"collection":[{"href":"https:\/\/www.tjes.jus.br\/corregedoria\/wp-json\/wp\/v2\/posts"}],"about":[{"href":"https:\/\/www.tjes.jus.br\/corregedoria\/wp-json\/wp\/v2\/types\/post"}],"author":[{"embeddable":true,"href":"https:\/\/www.tjes.jus.br\/corregedoria\/wp-json\/wp\/v2\/users\/19"}],"replies":[{"embeddable":true,"href":"https:\/\/www.tjes.jus.br\/corregedoria\/wp-json\/wp\/v2\/comments?post=48301"}],"version-history":[{"count":3,"href":"https:\/\/www.tjes.jus.br\/corregedoria\/wp-json\/wp\/v2\/posts\/48301\/revisions"}],"predecessor-version":[{"id":48309,"href":"https:\/\/www.tjes.jus.br\/corregedoria\/wp-json\/wp\/v2\/posts\/48301\/revisions\/48309"}],"wp:attachment":[{"href":"https:\/\/www.tjes.jus.br\/corregedoria\/wp-json\/wp\/v2\/media?parent=48301"}],"wp:term":[{"taxonomy":"category","embeddable":true,"href":"https:\/\/www.tjes.jus.br\/corregedoria\/wp-json\/wp\/v2\/categories?post=48301"},{"taxonomy":"post_tag","embeddable":true,"href":"https:\/\/www.tjes.jus.br\/corregedoria\/wp-json\/wp\/v2\/tags?post=48301"}],"curies":[{"name":"wp","href":"https:\/\/api.w.org\/{rel}","templated":true}]}}