{"id":48311,"date":"2026-09-02T14:01:26","date_gmt":"2026-09-02T17:01:26","guid":{"rendered":"https:\/\/www.tjes.jus.br\/corregedoria\/?p=48311"},"modified":"2026-09-02T14:03:05","modified_gmt":"2026-09-02T17:03:05","slug":"ato-normativo-no-151-2026-disp-02-09-2026","status":"publish","type":"post","link":"https:\/\/www.tjes.jus.br\/corregedoria\/2026\/09\/02\/ato-normativo-no-151-2026-disp-02-09-2026\/","title":{"rendered":"ATO NORMATIVO N\u00ba 151\/2026 \u2013 DISP. 02\/09\/2026"},"content":{"rendered":"\n<p style=\"text-align: center;\" align=\"center\">PODER JUDICI\u00c1RIO DO ESTADO DO ESP\u00cdRITO SANTO &#8211; PJES<\/p>\n<p style=\"text-align: center;\" align=\"center\">RUA DESEMBARGADOR HOMERO MAFRA,60 &#8211; Bairro ENSEADA DO SU\u00c1 &#8211; CEP 29050906 &#8211; Vit\u00f3ria &#8211; ES &#8211; www.tjes.jus.br<\/p>\n<p class=\"textocentralizadomaiusculas\" style=\"text-align: justify;\" align=\"center\">\u00a0<\/p>\n<p style=\"text-align: justify;\">\u00a0<\/p>\n<p class=\"textocentralizado\" style=\"text-align: center;\" align=\"center\"><strong>ATO NORMATIVO N\u00ba 151\/2026<\/strong><\/p>\n<p style=\"text-align: justify;\">\u00a0<\/p>\n<p style=\"text-align: justify;\">\u00a0<\/p>\n<p class=\"textojustificado\" style=\"text-align: justify;\"><em>Revoga o <a href=\"https:\/\/www.tjes.jus.br\/corregedoria\/2022\/05\/25\/ato-normativo-no-053-2022-disp-25-05-2022\/\">Ato Normativo n\u00ba 053\/2022<\/a>, extingue o Comit\u00ea Gestor Estadual da Plataforma Digital do Poder Judici\u00e1rio Brasileiro (PDPJ-Br) no \u00e2mbito do Poder Judici\u00e1rio do Estado do Esp\u00edrito Santo e estabelece a absor\u00e7\u00e3o permanente de suas compet\u00eancias e atribui\u00e7\u00f5es de monitoramento pelo Comit\u00ea de Governan\u00e7a de Tecnologia da Informa\u00e7\u00e3o e Comunica\u00e7\u00e3o (CGTIC).<\/em><\/p>\n<p style=\"text-align: justify;\">\u00a0<\/p>\n<p style=\"text-align: justify;\">\u00a0<\/p>\n<p class=\"textojustificado\" style=\"text-align: justify;\">A PRESIDENTE DO TRIBUNAL DE JUSTI\u00c7A DO ESTADO DO ESP\u00cdRITO SANTO, no uso de suas atribui\u00e7\u00f5es legais e regimentais, e<\/p>\n<p style=\"text-align: justify;\">\u00a0<\/p>\n<p style=\"text-align: justify;\">\u00a0<\/p>\n<p class=\"textojustificado\" style=\"text-align: justify;\">CONSIDERANDO a Resolu\u00e7\u00e3o CNJ n\u00ba 335, de 29 de setembro de 2020, que institui pol\u00edtica p\u00fablica para a governan\u00e7a e a gest\u00e3o de processo judicial eletr\u00f4nico por meio da Plataforma Digital do Poder Judici\u00e1rio Brasileiro \u2013 PDPJ-Br;<\/p>\n<p style=\"text-align: justify;\">\u00a0<\/p>\n<p style=\"text-align: justify;\">\u00a0<\/p>\n<p class=\"textojustificado\" style=\"text-align: justify;\">CONSIDERANDO que o Plano de Implementa\u00e7\u00e3o da Plataforma Digital do Poder Judici\u00e1rio Brasileiro (PDPJ-Br) no \u00e2mbito do Poder Judici\u00e1rio capixaba foi integralmente executado, com 100% de \u00eaxito nas 39 integra\u00e7\u00f5es previstas e conclus\u00e3o de todas as fases em maio de 2024;<\/p>\n<p style=\"text-align: justify;\">\u00a0<\/p>\n<p style=\"text-align: justify;\">\u00a0<\/p>\n<p class=\"textojustificado\" style=\"text-align: justify;\">CONSIDERANDO a consulta formalizada por este Tribunal de Justi\u00e7a e a manifesta\u00e7\u00e3o do Conselho Nacional de Justi\u00e7a no Processo CNJ n\u00ba 10313\/2026, no\u00a0Of\u00edcio n\u00ba 1210\/2026\/SG, que reconheceu a inexist\u00eancia de \u00f3bice t\u00e9cnico \u00e0 extin\u00e7\u00e3o do Comit\u00ea Gestor Estadual da PDPJ-Br e \u00e0 transfer\u00eancia de suas atribui\u00e7\u00f5es ao Comit\u00ea de Governan\u00e7a de Tecnologia da Informa\u00e7\u00e3o e Comunica\u00e7\u00e3o \u2013 CGTIC;<\/p>\n<p style=\"text-align: justify;\">\u00a0<\/p>\n<p style=\"text-align: justify;\">\u00a0<\/p>\n<p class=\"textojustificado\" style=\"text-align: justify;\">CONSIDERANDO a manifesta\u00e7\u00e3o do Exmo. Juiz de Direito colaborador do NEAP STI no processo SEI 700931-82.2026.8.08.0000;<\/p>\n<p style=\"text-align: justify;\">\u00a0<\/p>\n<p style=\"text-align: justify;\">\u00a0<\/p>\n<p class=\"textojustificado\" style=\"text-align: justify;\"><strong>RESOLVE:<\/strong><\/p>\n<p style=\"text-align: justify;\">\u00a0<\/p>\n<p style=\"text-align: justify;\">\u00a0<\/p>\n<p class=\"textojustificado\" style=\"text-align: justify;\">Art. 1\u00ba. Fica revogado o <a href=\"https:\/\/www.tjes.jus.br\/corregedoria\/2022\/05\/25\/ato-normativo-no-053-2022-disp-25-05-2022\/\">Ato Normativo n\u00ba 053, de 20 de maio de 2022<\/a> (disponibilizado em 25 de maio de 2022), declarando-se formalmente extinto o Comit\u00ea Gestor Estadual da Plataforma Digital do Poder Judici\u00e1rio Brasileiro (PDPJ-Br) no \u00e2mbito do Poder Judici\u00e1rio do Estado do Esp\u00edrito Santo.<\/p>\n<p style=\"text-align: justify;\">\u00a0<\/p>\n<p style=\"text-align: justify;\">\u00a0<\/p>\n<p class=\"textojustificado\" style=\"text-align: justify;\">Art. 2\u00ba. As atribui\u00e7\u00f5es e compet\u00eancias remanescentes do extinto comit\u00ea, relacionadas \u00e0 governan\u00e7a, ao monitoramento evolutivo, ao alinhamento de inova\u00e7\u00f5es e \u00e0 interlocu\u00e7\u00e3o permanente sobre a Plataforma Digital (PDPJ-Br) com o Conselho Nacional de Justi\u00e7a, passam a ser exercidas de forma definitiva pelo Comit\u00ea de Governan\u00e7a de Tecnologia da Informa\u00e7\u00e3o e Comunica\u00e7\u00e3o (CGTIC) do Tribunal de Justi\u00e7a.<\/p>\n<p style=\"text-align: justify;\">\u00a0<\/p>\n<p style=\"text-align: justify;\">\u00a0<\/p>\n<p class=\"textojustificado\" style=\"text-align: justify;\">Art. 3\u00ba. Este Ato Normativo entra em vigor na data de sua publica\u00e7\u00e3o.<\/p>\n<p style=\"text-align: justify;\">\u00a0<\/p>\n<p style=\"text-align: justify;\">Vit\u00f3ria\/ES, 01 de setembro de 2026.<\/p>\n<p style=\"text-align: justify;\">\u00a0<\/p>\n<p style=\"text-align: justify;\">\u00a0<\/p>\n<p class=\"textocentralizado\" style=\"text-align: center;\" align=\"center\"><strong>Desembargadora JANETE VARGAS SIM\u00d5ES<\/strong><br \/>Presidente do Tribunal de Justi\u00e7a do Estado do Esp\u00edrito Santo<\/p>\n","protected":false},"excerpt":{"rendered":"<p>PODER JUDICI\u00c1RIO DO ESTADO DO ESP\u00cdRITO SANTO &#8211; PJES RUA DESEMBARGADOR HOMERO MAFRA,60 &#8211; Bairro ENSEADA DO SU\u00c1 &#8211; CEP 29050906 &#8211; Vit\u00f3ria &#8211; ES &#8211; www.tjes.jus.br \u00a0 \u00a0 ATO NORMATIVO N\u00ba 151\/2026 \u00a0 \u00a0 Revoga o Ato Normativo n\u00ba 053\/2022, extingue o Comit\u00ea Gestor Estadual da Plataforma Digital do Poder Judici\u00e1rio Brasileiro (PDPJ-Br) no [&hellip;]<\/p>\n","protected":false},"author":19,"featured_media":0,"comment_status":"closed","ping_status":"closed","sticky":false,"template":"","format":"standard","meta":{"footnotes":""},"categories":[4,14],"tags":[],"_links":{"self":[{"href":"https:\/\/www.tjes.jus.br\/corregedoria\/wp-json\/wp\/v2\/posts\/48311"}],"collection":[{"href":"https:\/\/www.tjes.jus.br\/corregedoria\/wp-json\/wp\/v2\/posts"}],"about":[{"href":"https:\/\/www.tjes.jus.br\/corregedoria\/wp-json\/wp\/v2\/types\/post"}],"author":[{"embeddable":true,"href":"https:\/\/www.tjes.jus.br\/corregedoria\/wp-json\/wp\/v2\/users\/19"}],"replies":[{"embeddable":true,"href":"https:\/\/www.tjes.jus.br\/corregedoria\/wp-json\/wp\/v2\/comments?post=48311"}],"version-history":[{"count":2,"href":"https:\/\/www.tjes.jus.br\/corregedoria\/wp-json\/wp\/v2\/posts\/48311\/revisions"}],"predecessor-version":[{"id":48315,"href":"https:\/\/www.tjes.jus.br\/corregedoria\/wp-json\/wp\/v2\/posts\/48311\/revisions\/48315"}],"wp:attachment":[{"href":"https:\/\/www.tjes.jus.br\/corregedoria\/wp-json\/wp\/v2\/media?parent=48311"}],"wp:term":[{"taxonomy":"category","embeddable":true,"href":"https:\/\/www.tjes.jus.br\/corregedoria\/wp-json\/wp\/v2\/categories?post=48311"},{"taxonomy":"post_tag","embeddable":true,"href":"https:\/\/www.tjes.jus.br\/corregedoria\/wp-json\/wp\/v2\/tags?post=48311"}],"curies":[{"name":"wp","href":"https:\/\/api.w.org\/{rel}","templated":true}]}}