{"id":48320,"date":"2026-09-02T14:07:36","date_gmt":"2026-09-02T17:07:36","guid":{"rendered":"https:\/\/www.tjes.jus.br\/corregedoria\/?p=48320"},"modified":"2026-09-02T14:09:21","modified_gmt":"2026-09-02T17:09:21","slug":"ato-normativo-no-152-2026-disp-02-09-2026","status":"publish","type":"post","link":"https:\/\/www.tjes.jus.br\/corregedoria\/2026\/09\/02\/ato-normativo-no-152-2026-disp-02-09-2026\/","title":{"rendered":"ATO NORMATIVO N\u00ba 152\/2026 \u2013 DISP. 02\/09\/2026"},"content":{"rendered":"\n<p style=\"text-align: center;\" align=\"center\">PODER JUDICI\u00c1RIO DO ESTADO DO ESP\u00cdRITO SANTO &#8211; PJES<\/p>\n<p style=\"text-align: center;\" align=\"center\">RUA DESEMBARGADOR HOMERO MAFRA,60 &#8211; Bairro ENSEADA DO SU\u00c1 &#8211; CEP 29050906 &#8211; Vit\u00f3ria &#8211; ES &#8211; www.tjes.jus.br<\/p>\n<p class=\"textocentralizadomaiusculas\" style=\"text-align: justify;\" align=\"center\">\u00a0<\/p>\n<p style=\"text-align: justify;\">\u00a0<\/p>\n<p class=\"textocentralizado\" style=\"text-align: center;\" align=\"center\"><strong>ATO NORMATIVO N\u00ba 152\/2026<\/strong><\/p>\n<p style=\"text-align: justify;\">\u00a0<\/p>\n<p class=\"textoementa\" style=\"text-align: justify;\"><em>Altera o \u00a7 6\u00ba do art. 3\u00ba e revoga o inciso VI do art. 4\u00ba do <a href=\"https:\/\/www.tjes.jus.br\/corregedoria\/2022\/02\/15\/ato-normativo-no-017-2022-disp-15-02-2022\/\">Ato Normativo n\u00ba 017\/2022<\/a>.<\/em><\/p>\n<p style=\"text-align: justify;\">\u00a0<\/p>\n<p style=\"text-align: justify;\">\u00a0<\/p>\n<p class=\"textojustificadorecuoprimeiralinha\" style=\"text-align: justify;\">A PRESIDENTE DO TRIBUNAL DE JUSTI\u00c7A DO ESTADO DO ESP\u00cdRITO SANTO, Desembargadora JANETE VARGAS SIM\u00d5ES, no uso das atribui\u00e7\u00f5es legais e regimentais que lhe s\u00e3o conferidas,<\/p>\n<p style=\"text-align: justify;\">\u00a0<\/p>\n<p style=\"text-align: justify;\">\u00a0<\/p>\n<p class=\"textojustificadorecuoprimeiralinha\" style=\"text-align: justify;\">CONSIDERANDO que o <a href=\"https:\/\/www.tjes.jus.br\/corregedoria\/2022\/02\/15\/ato-normativo-no-017-2022-disp-15-02-2022\/\">Ato Normativo n\u00ba 017\/2022<\/a>, editado em concretiza\u00e7\u00e3o do art. 100 da Constitui\u00e7\u00e3o Federal e da Resolu\u00e7\u00e3o CNJ n\u00ba 303\/2019, tem por prop\u00f3sito instituir controle efetivo da gest\u00e3o dos precat\u00f3rios e tornar mais efetivas as condena\u00e7\u00f5es suportadas pela Fazenda P\u00fablica;<\/p>\n<p style=\"text-align: justify;\">\u00a0<\/p>\n<p style=\"text-align: justify;\">\u00a0<\/p>\n<p class=\"textojustificadorecuoprimeiralinha\" style=\"text-align: justify;\">CONSIDERANDO a proposta de modifica\u00e7\u00e3o do Ato feita pelo Juiz de Direito Supervisor da Contadoria Judicial Unificada no SEI\u00a07000747-46.2026.8.08.0024, ratificada pelo Exmo. Sr. Juiz Assessor Especial de Precat\u00f3rios;<\/p>\n<p style=\"text-align: justify;\">\u00a0<\/p>\n<p style=\"text-align: justify;\">\u00a0<\/p>\n<p class=\"textojustificadorecuoprimeiralinha\" style=\"text-align: justify;\">CONSIDERANDO que a proposta alinha-se com os princ\u00edpios da legalidade, efici\u00eancia e razoabilidade no processo judicial;<\/p>\n<p style=\"text-align: justify;\">\u00a0<\/p>\n<p style=\"text-align: justify;\">\u00a0<\/p>\n<p class=\"textojustificadorecuoprimeiralinha\" style=\"text-align: justify;\">RESOLVE:<\/p>\n<p style=\"text-align: justify;\">\u00a0<\/p>\n<p style=\"text-align: justify;\">\u00a0<\/p>\n<p class=\"textojustificadorecuoprimeiralinha\" style=\"text-align: justify;\">Art. 1\u00ba O \u00a7 6\u00ba do art. 3\u00ba do <a href=\"https:\/\/www.tjes.jus.br\/corregedoria\/2022\/02\/15\/ato-normativo-no-017-2022-disp-15-02-2022\/\">Ato Normativo n\u00ba 017\/2022<\/a> passa a vigorar com a seguinte reda\u00e7\u00e3o:<\/p>\n<p class=\"textojustificadorecuoprimeiralinha\" style=\"text-align: justify;\">&#8220;\u00a7 6\u00ba. Antes de expedir a requisi\u00e7\u00e3o de pagamento, o Ju\u00edzo da Execu\u00e7\u00e3o poder\u00e1 encaminhar os autos \u00e0 contadoria para informar se os crit\u00e9rios de c\u00e1lculo se encontram em conformidade com os par\u00e2metros definidos na decis\u00e3o transitada em julgado, ou com outro par\u00e2metro previamente definido pelo Ju\u00edzo em rela\u00e7\u00e3o \u00e0s condena\u00e7\u00f5es contra a Fazenda P\u00fablica.&#8221;\u00a0<\/p>\n<p style=\"text-align: justify;\">\u00a0<\/p>\n<p style=\"text-align: justify;\">\u00a0<\/p>\n<p class=\"textojustificadorecuoprimeiralinha\" style=\"text-align: justify;\">Art. 2\u00ba Fica revogado o inciso VI do art. 4\u00ba do <a href=\"https:\/\/www.tjes.jus.br\/corregedoria\/2022\/02\/15\/ato-normativo-no-017-2022-disp-15-02-2022\/\">Ato Normativo n\u00ba 017\/2022<\/a>.<\/p>\n<p style=\"text-align: justify;\">\u00a0<\/p>\n<p style=\"text-align: justify;\">\u00a0<\/p>\n<p class=\"textojustificadorecuoprimeiralinha\" style=\"text-align: justify;\">Art. 3\u00ba Este Ato Normativo entra em vigor na data de sua publica\u00e7\u00e3o.<\/p>\n<p style=\"text-align: justify;\">\u00a0<\/p>\n<p style=\"text-align: justify;\">\u00a0<\/p>\n<p class=\"textojustificadorecuoprimeiralinha\" style=\"text-align: justify;\">Publique-se.<\/p>\n<p style=\"text-align: justify;\">\u00a0<\/p>\n<p style=\"text-align: justify;\">Vit\u00f3ria\/ES, 01 de setembro de 2026.<\/p>\n<p style=\"text-align: justify;\">\u00a0<\/p>\n<p style=\"text-align: justify;\">\u00a0<\/p>\n<p class=\"textocentralizado\" style=\"text-align: center;\" align=\"center\"><strong>Desembargadora JANETE VARGAS SIM\u00d5ES<\/strong><\/p>\n<p class=\"textocentralizado\" style=\"text-align: center;\" align=\"center\"><strong>Presidente<\/strong><\/p>\n","protected":false},"excerpt":{"rendered":"<p>PODER JUDICI\u00c1RIO DO ESTADO DO ESP\u00cdRITO SANTO &#8211; PJES RUA DESEMBARGADOR HOMERO MAFRA,60 &#8211; Bairro ENSEADA DO SU\u00c1 &#8211; CEP 29050906 &#8211; Vit\u00f3ria &#8211; ES &#8211; www.tjes.jus.br \u00a0 \u00a0 ATO NORMATIVO N\u00ba 152\/2026 \u00a0 Altera o \u00a7 6\u00ba do art. 3\u00ba e revoga o inciso VI do art. 4\u00ba do Ato Normativo n\u00ba 017\/2022. \u00a0 [&hellip;]<\/p>\n","protected":false},"author":19,"featured_media":0,"comment_status":"closed","ping_status":"closed","sticky":false,"template":"","format":"standard","meta":{"footnotes":""},"categories":[4,14],"tags":[],"_links":{"self":[{"href":"https:\/\/www.tjes.jus.br\/corregedoria\/wp-json\/wp\/v2\/posts\/48320"}],"collection":[{"href":"https:\/\/www.tjes.jus.br\/corregedoria\/wp-json\/wp\/v2\/posts"}],"about":[{"href":"https:\/\/www.tjes.jus.br\/corregedoria\/wp-json\/wp\/v2\/types\/post"}],"author":[{"embeddable":true,"href":"https:\/\/www.tjes.jus.br\/corregedoria\/wp-json\/wp\/v2\/users\/19"}],"replies":[{"embeddable":true,"href":"https:\/\/www.tjes.jus.br\/corregedoria\/wp-json\/wp\/v2\/comments?post=48320"}],"version-history":[{"count":2,"href":"https:\/\/www.tjes.jus.br\/corregedoria\/wp-json\/wp\/v2\/posts\/48320\/revisions"}],"predecessor-version":[{"id":48323,"href":"https:\/\/www.tjes.jus.br\/corregedoria\/wp-json\/wp\/v2\/posts\/48320\/revisions\/48323"}],"wp:attachment":[{"href":"https:\/\/www.tjes.jus.br\/corregedoria\/wp-json\/wp\/v2\/media?parent=48320"}],"wp:term":[{"taxonomy":"category","embeddable":true,"href":"https:\/\/www.tjes.jus.br\/corregedoria\/wp-json\/wp\/v2\/categories?post=48320"},{"taxonomy":"post_tag","embeddable":true,"href":"https:\/\/www.tjes.jus.br\/corregedoria\/wp-json\/wp\/v2\/tags?post=48320"}],"curies":[{"name":"wp","href":"https:\/\/api.w.org\/{rel}","templated":true}]}}