{"id":48324,"date":"2026-09-02T14:15:10","date_gmt":"2026-09-02T17:15:10","guid":{"rendered":"https:\/\/www.tjes.jus.br\/corregedoria\/?p=48324"},"modified":"2026-09-02T14:16:12","modified_gmt":"2026-09-02T17:16:12","slug":"ato-normativo-no-153-2026-disp-02-09-2026","status":"publish","type":"post","link":"https:\/\/www.tjes.jus.br\/corregedoria\/2026\/09\/02\/ato-normativo-no-153-2026-disp-02-09-2026\/","title":{"rendered":"ATO NORMATIVO N\u00ba 153\/2026 \u2013 DISP. 02\/09\/2026"},"content":{"rendered":"\n<p style=\"text-align: center;\" align=\"center\">PODER JUDICI\u00c1RIO DO ESTADO DO ESP\u00cdRITO SANTO &#8211; PJES<\/p>\n<p style=\"text-align: center;\" align=\"center\">RUA DESEMBARGADOR HOMERO MAFRA,60 &#8211; Bairro ENSEADA DO SU\u00c1 &#8211; CEP 29050906 &#8211; Vit\u00f3ria &#8211; ES &#8211;\u00a0<a href=\"https:\/\/www.tjes.jus.br\/\">www.tjes.jus.br<\/a><\/p>\n<p style=\"text-align: justify;\">\u00a0<\/p>\n<p class=\"textocentralizadomaiusculas\" style=\"text-align: justify;\" align=\"center\">\u00a0<\/p>\n<p class=\"textocentralizadomaiusculas\" style=\"text-align: center;\" align=\"center\"><strong>ATO NORMATIVO N\u00ba 153\/2026<\/strong><\/p>\n<p class=\"textocentralizadomaiusculas\" style=\"text-align: justify;\" align=\"center\"><strong>\u00a0<\/strong><\/p>\n<p style=\"text-align: justify;\">\u00a0<\/p>\n<p class=\"textocentralizado\" style=\"text-align: justify;\" align=\"center\"><em>Atualiza a composi\u00e7\u00e3o do Comit\u00ea Local de Aten\u00e7\u00e3o \u00e0 Pessoa Idosa no \u00e2mbito do Tribunal de Justi\u00e7a do Estado do Esp\u00edrito Santo.<\/em><\/p>\n<p style=\"text-align: justify;\">\u00a0<\/p>\n<p style=\"text-align: justify;\">\u00a0<\/p>\n<p class=\"textojustificadorecuoprimeiralinha\" style=\"text-align: justify;\">A Excelent\u00edssima Senhora Desembargadora Janete Vargas Sim\u00f5es, Presidente do Egr\u00e9gio Tribunal de Justi\u00e7a do Estado do Esp\u00edrito Santo, no uso de suas atribui\u00e7\u00f5es legais e regimentais;<\/p>\n<p style=\"text-align: justify;\">\u00a0<\/p>\n<p style=\"text-align: justify;\">\u00a0<\/p>\n<p class=\"textojustificadorecuoprimeiralinha\" style=\"text-align: justify;\">CONSIDERANDO o Ato Normativo n\u00ba 057\/2026, que instituiu o\u00a0Comit\u00ea Local de Aten\u00e7\u00e3o \u00e0 Pessoa Idosa no \u00e2mbito do Tribunal de Justi\u00e7a do Estado do Esp\u00edrito Santo;<\/p>\n<p style=\"text-align: justify;\">\u00a0<\/p>\n<p style=\"text-align: justify;\">\u00a0<\/p>\n<p class=\"textojustificadorecuoprimeiralinha\" style=\"text-align: justify;\">CONSIDERANDO a necessidade de composi\u00e7\u00e3o do referido Comit\u00ea, mediante a designa\u00e7\u00e3o dos membros indicados no processo SEI n\u00ba 7001293-76.2026.8.08.0000;<\/p>\n<p style=\"text-align: justify;\">\u00a0<\/p>\n<p style=\"text-align: justify;\">\u00a0<\/p>\n<p class=\"textojustificadorecuoprimeiralinha\" style=\"text-align: justify;\">RESOLVE:<\/p>\n<p style=\"text-align: justify;\">\u00a0<\/p>\n<p style=\"text-align: justify;\">\u00a0<\/p>\n<p class=\"textojustificadorecuoprimeiralinha\" style=\"text-align: justify;\">Art. 1\u00ba Ficam designados os seguintes membros para compor o\u00a0Comit\u00ea Local de Aten\u00e7\u00e3o \u00e0 Pessoa Idosa no \u00e2mbito do Tribunal de Justi\u00e7a do Estado do Esp\u00edrito Santo:<\/p>\n<p style=\"text-align: justify;\">\u00a0<\/p>\n<p class=\"textojustificadorecuoprimeiralinha\" style=\"text-align: justify;\" data-end=\"184\" data-start=\"79\"><strong>I &#8211; Membros Titulares:<\/strong><\/p>\n<p class=\"textojustificadorecuoprimeiralinha\" style=\"text-align: justify;\" data-end=\"184\" data-start=\"79\">a) Desembargador Luiz Guilherme Risso, que o presidir\u00e1;<\/p>\n<p class=\"textojustificadorecuoprimeiralinha\" style=\"text-align: justify;\" data-end=\"184\" data-start=\"79\">b) Dr. Romilton Alves Vieira J\u00fanior, representante da Corregedoria-Geral de Justi\u00e7a do Esp\u00edrito Santo;<\/p>\n<p class=\"textojustificadorecuoprimeiralinha\" style=\"text-align: justify;\" data-end=\"184\" data-start=\"79\">c) Sra.\u00a0Geruza Maria de Almeida, representante da Secretaria de Gest\u00e3o de Pessoas (SGP);<\/p>\n<p class=\"textojustificadorecuoprimeiralinha\" style=\"text-align: justify;\" data-end=\"184\" data-start=\"79\">d) Sra.\u00a0Lorrayne Serafim Moro,\u00a0representante da Escola da Magistratura do Estado do Esp\u00edrito Santo (EMES);<\/p>\n<p class=\"textojustificadorecuoprimeiralinha\" style=\"text-align: justify;\" data-end=\"184\" data-start=\"79\">e) Dr.\u00a0Rafael Viana Mury, representante da Defensoria P\u00fablica do Estado do Esp\u00edrito Santo (DPES);<\/p>\n<p class=\"textojustificadorecuoprimeiralinha\" style=\"text-align: justify;\" data-end=\"184\" data-start=\"79\">f) Dra.\u00a0Luciana A. de Magalh\u00e3es Farias Chamoun, representante do Minist\u00e9rio P\u00fablico do Estado do Esp\u00edrito Santo (MPES);<\/p>\n<p class=\"textojustificadorecuoprimeiralinha\" style=\"text-align: justify;\" data-end=\"184\" data-start=\"79\">g) Dra. Terezinha Sant\u2019ana de Castro, representante da Ordem dos Advogados do Brasil \u2013 Seccional Esp\u00edrito Santo (OAB\/ES).<\/p>\n<p style=\"text-align: justify;\">\u00a0<\/p>\n<p style=\"text-align: justify;\">\u00a0<\/p>\n<p class=\"textojustificadorecuoprimeiralinha\" style=\"text-align: justify;\"><strong>II &#8211; Membros Suplentes:<\/strong><\/p>\n<p class=\"textojustificadorecuoprimeiralinha\" style=\"text-align: justify;\" data-end=\"184\" data-start=\"79\">a) Dr.\u00a0Fl\u00e1vio Jabour Moulin, representante da Corregedoria-Geral de Justi\u00e7a do Esp\u00edrito Santo;<\/p>\n<p class=\"textojustificadorecuoprimeiralinha\" style=\"text-align: justify;\" data-end=\"184\" data-start=\"79\">b) Sr.\u00a0Carlos Augusto da Silva Costa, representante da Secretaria de Gest\u00e3o de Pessoas (SGP);<\/p>\n<p class=\"textojustificadorecuoprimeiralinha\" style=\"text-align: justify;\" data-end=\"184\" data-start=\"79\">c) Sr.\u00a0Elson Marcelo Kunsch,\u00a0representante da Escola da Magistratura do Estado do Esp\u00edrito Santo (EMES);<\/p>\n<p class=\"textojustificadorecuoprimeiralinha\" style=\"text-align: justify;\" data-end=\"184\" data-start=\"79\">d) Dr.\u00a0Hugo Fernandes Matias,\u00a0representante da Defensoria P\u00fablica do Estado do Esp\u00edrito Santo (DPES);<\/p>\n<p class=\"textojustificadorecuoprimeiralinha\" style=\"text-align: justify;\" data-end=\"184\" data-start=\"79\">e) Dra.\u00a0Renata Beatriz Oliveira Ferreira Nemer, representante do Minist\u00e9rio P\u00fablico do Estado do Esp\u00edrito Santo (MPES);<\/p>\n<p class=\"textojustificadorecuoprimeiralinha\" style=\"text-align: justify;\" data-end=\"184\" data-start=\"79\">f) Dr.\u00a0Ant\u00f4nio Adolfo Aboumrade, representante da Ordem dos Advogados do Brasil \u2013 Seccional Esp\u00edrito Santo (OAB\/ES).<\/p>\n<p style=\"text-align: justify;\">\u00a0<\/p>\n<p style=\"text-align: justify;\">\u00a0<\/p>\n<p class=\"textojustificadorecuoprimeiralinha\" style=\"text-align: justify;\">Art. 2\u00ba<strong>\u00a0<\/strong>Este Ato Normativo entra em vigor na data de sua publica\u00e7\u00e3o.<\/p>\n<p style=\"text-align: justify;\">\u00a0<\/p>\n<p class=\"textojustificadorecuoprimeiralinha\" style=\"text-align: justify;\">Publique-se.<\/p>\n<p style=\"text-align: justify;\">\u00a0<\/p>\n<p style=\"text-align: justify;\">Vit\u00f3ria\/ES, 01 de setembro de 2026.<\/p>\n<p style=\"text-align: justify;\">\u00a0<\/p>\n<p style=\"text-align: justify;\">\u00a0<\/p>\n<p class=\"textocentralizado\" style=\"text-align: center;\" align=\"center\"><strong>Desembargadora JANETE VARGAS SIM\u00d5ES<\/strong><\/p>\n<p class=\"textocentralizado\" style=\"text-align: center;\" align=\"center\"><strong>Presidente<\/strong><\/p>\n","protected":false},"excerpt":{"rendered":"<p>PODER JUDICI\u00c1RIO DO ESTADO DO ESP\u00cdRITO SANTO &#8211; PJES RUA DESEMBARGADOR HOMERO MAFRA,60 &#8211; Bairro ENSEADA DO SU\u00c1 &#8211; CEP 29050906 &#8211; Vit\u00f3ria &#8211; ES &#8211;\u00a0www.tjes.jus.br \u00a0 \u00a0 ATO NORMATIVO N\u00ba 153\/2026 \u00a0 \u00a0 Atualiza a composi\u00e7\u00e3o do Comit\u00ea Local de Aten\u00e7\u00e3o \u00e0 Pessoa Idosa no \u00e2mbito do Tribunal de Justi\u00e7a do Estado do Esp\u00edrito [&hellip;]<\/p>\n","protected":false},"author":19,"featured_media":0,"comment_status":"closed","ping_status":"closed","sticky":false,"template":"","format":"standard","meta":{"footnotes":""},"categories":[4,14],"tags":[],"_links":{"self":[{"href":"https:\/\/www.tjes.jus.br\/corregedoria\/wp-json\/wp\/v2\/posts\/48324"}],"collection":[{"href":"https:\/\/www.tjes.jus.br\/corregedoria\/wp-json\/wp\/v2\/posts"}],"about":[{"href":"https:\/\/www.tjes.jus.br\/corregedoria\/wp-json\/wp\/v2\/types\/post"}],"author":[{"embeddable":true,"href":"https:\/\/www.tjes.jus.br\/corregedoria\/wp-json\/wp\/v2\/users\/19"}],"replies":[{"embeddable":true,"href":"https:\/\/www.tjes.jus.br\/corregedoria\/wp-json\/wp\/v2\/comments?post=48324"}],"version-history":[{"count":2,"href":"https:\/\/www.tjes.jus.br\/corregedoria\/wp-json\/wp\/v2\/posts\/48324\/revisions"}],"predecessor-version":[{"id":48326,"href":"https:\/\/www.tjes.jus.br\/corregedoria\/wp-json\/wp\/v2\/posts\/48324\/revisions\/48326"}],"wp:attachment":[{"href":"https:\/\/www.tjes.jus.br\/corregedoria\/wp-json\/wp\/v2\/media?parent=48324"}],"wp:term":[{"taxonomy":"category","embeddable":true,"href":"https:\/\/www.tjes.jus.br\/corregedoria\/wp-json\/wp\/v2\/categories?post=48324"},{"taxonomy":"post_tag","embeddable":true,"href":"https:\/\/www.tjes.jus.br\/corregedoria\/wp-json\/wp\/v2\/tags?post=48324"}],"curies":[{"name":"wp","href":"https:\/\/api.w.org\/{rel}","templated":true}]}}