{"id":48327,"date":"2026-09-02T14:17:07","date_gmt":"2026-09-02T17:17:07","guid":{"rendered":"https:\/\/www.tjes.jus.br\/corregedoria\/?p=48327"},"modified":"2026-09-02T14:18:01","modified_gmt":"2026-09-02T17:18:01","slug":"ato-normativo-no-154-2026-disp-02-09-2026","status":"publish","type":"post","link":"https:\/\/www.tjes.jus.br\/corregedoria\/2026\/09\/02\/ato-normativo-no-154-2026-disp-02-09-2026\/","title":{"rendered":"ATO NORMATIVO N\u00ba 154\/2026 \u2013 DISP. 02\/09\/2026"},"content":{"rendered":"\n<p style=\"text-align: center;\">PODER JUDICI\u00c1RIO DO ESTADO DO ESP\u00cdRITO SANTO &#8211; PJES<\/p>\n<p style=\"text-align: center;\">RUA DESEMBARGADOR HOMERO MAFRA,60 &#8211; Bairro ENSEADA DO SU\u00c1 &#8211; CEP 29050906 &#8211; Vit\u00f3ria &#8211; ES &#8211; www.tjes.jus.br<\/p>\n<p style=\"text-align: justify;\">\u00a0<\/p>\n<p style=\"text-align: justify;\">\u00a0<\/p>\n<p style=\"text-align: center;\"><strong>ATO NORMATIVO N\u00ba 154\/2026<\/strong><\/p>\n<p style=\"text-align: justify;\">\u00a0<\/p>\n<p style=\"text-align: justify;\">\u00a0<\/p>\n<p style=\"text-align: justify;\"><em>Disp\u00f5e sobre a atualiza\u00e7\u00e3o da composi\u00e7\u00e3o do Comit\u00ea Executivo Estadual do F\u00f3rum Nacional da Sa\u00fade do Conselho Nacional de Justi\u00e7a no Estado do Esp\u00edrito Santo.<\/em><\/p>\n<p style=\"text-align: justify;\">\u00a0<\/p>\n<p style=\"text-align: justify;\">\u00a0<\/p>\n<p style=\"text-align: justify;\">A PRESIDENTE DO TRIBUNAL DE JUSTI\u00c7A DO ESTADO DO ESP\u00cdRITO SANTO, no uso de suas atribui\u00e7\u00f5es legais e regimentais,<\/p>\n<p style=\"text-align: justify;\">\u00a0<\/p>\n<p style=\"text-align: justify;\">\u00a0<\/p>\n<p style=\"text-align: justify;\">CONSIDERANDO a manifesta\u00e7\u00e3o do Exmo. Desembargador Jorge Henrique Valle dos Santos, constante do Processo SEI n\u00ba 7005001-47.2020.8.08.0000,<\/p>\n<p style=\"text-align: justify;\">\u00a0<\/p>\n<p style=\"text-align: justify;\">\u00a0<\/p>\n<p style=\"text-align: justify;\">RESOLVE:<\/p>\n<p style=\"text-align: justify;\">\u00a0<\/p>\n<p style=\"text-align: justify;\">\u00a0<\/p>\n<p style=\"text-align: justify;\">Art. 1 O Comit\u00ea Executivo Estadual do F\u00f3rum Nacional da Sa\u00fade do Conselho Nacional de Justi\u00e7a no Estado do Esp\u00edrito Santo passa a ser integrado pelos seguintes membros:<\/p>\n<p style=\"text-align: justify;\">\u00a0<\/p>\n<p style=\"text-align: justify;\">\u00a0<\/p>\n<p style=\"text-align: justify;\">I \u2013 Desembargador\u00a0<strong>Jorge Henrique Valle dos Santos<\/strong>, do Tribunal de Justi\u00e7a do Estado do Esp\u00edrito Santo, que o coordenar\u00e1;<\/p>\n<p style=\"text-align: justify;\">\u00a0<\/p>\n<p style=\"text-align: justify;\">II \u2013 Juiz de Direito\u00a0<strong>Rubens Jos\u00e9 da Cruz<\/strong>;<\/p>\n<p style=\"text-align: justify;\">\u00a0<\/p>\n<p style=\"text-align: justify;\">III \u2013 Juiz de Direito\u00a0<strong>Arion Merg\u00e1r<\/strong>;<\/p>\n<p style=\"text-align: justify;\">\u00a0<\/p>\n<p style=\"text-align: justify;\">IV \u2013 Juiz de Direito\u00a0<strong>Felippe Monteiro Morgado Horta<\/strong>;<\/p>\n<p style=\"text-align: justify;\">\u00a0<\/p>\n<p style=\"text-align: justify;\">V \u2013 Juiz de Direito\u00a0<strong>Gr\u00e9cio Nogueira Gr\u00e9gio<\/strong>;<\/p>\n<p style=\"text-align: justify;\">\u00a0<\/p>\n<p style=\"text-align: justify;\">VI \u2013 Ju\u00edza de Direito\u00a0<strong>K\u00e1tia Tor\u00edbio Laghi Laranja<\/strong>;<\/p>\n<p style=\"text-align: justify;\">\u00a0<\/p>\n<p style=\"text-align: justify;\">VII \u2013 Promotor de Justi\u00e7a\u00a0<strong>Itamar de \u00c1vila Ramos<\/strong>, dirigente do Centro de Apoio Operacional de Implementa\u00e7\u00e3o das Pol\u00edticas P\u00fablicas da Sa\u00fade do Minist\u00e9rio P\u00fablico Estadual;<\/p>\n<p style=\"text-align: justify;\">\u00a0<\/p>\n<p style=\"text-align: justify;\">VIII \u2013 Ju\u00edza Federal\u00a0<strong>Maria Cl\u00e1udia de Garcia Paula Allemand<\/strong>; Juiz Federal Substituto\u00a0<strong>Aylton Bonomo J\u00fanior<\/strong>; Ju\u00edza Federal Substituta\u00a0<strong>Fernanda Akemi Morigaki<\/strong>; Juiz Federal Substituto\u00a0<strong>Guilherme Alves dos Santos;<\/strong>\u00a0e Juiz Federal Substituto\u00a0<strong>Luiz<\/strong>\u00a0<strong>Henrique Horsth da Matta<\/strong>;<\/p>\n<p style=\"text-align: justify;\">\u00a0<\/p>\n<p style=\"text-align: justify;\">IX \u2013 Procuradora da Rep\u00fablica\u00a0<strong>Elisandra de Oliveira Ol\u00edmpio<\/strong>;<\/p>\n<p style=\"text-align: justify;\">\u00a0<\/p>\n<p style=\"text-align: justify;\">X \u2013 Defensor P\u00fablico Federal\u00a0<strong>Frederico Alu\u00edsio Carvalho Soares<\/strong>;<\/p>\n<p style=\"text-align: justify;\">\u00a0<\/p>\n<p style=\"text-align: justify;\">XI \u2013 Procuradora do Estado do Esp\u00edrito Santo\u00a0<strong>Elaine Pereira da Silva<\/strong>, Procuradora-Chefe da Procuradoria de Sa\u00fade (PSA);<\/p>\n<p style=\"text-align: justify;\">\u00a0<\/p>\n<p style=\"text-align: justify;\">XII \u2013 Procurador do Munic\u00edpio de Vit\u00f3ria\u00a0<strong>Luiz Henrique Antunes Alocchio<\/strong>;<\/p>\n<p style=\"text-align: justify;\">\u00a0<\/p>\n<p style=\"text-align: justify;\">XIII \u2013 Advogados<strong>\u00a0Clenir Sani Avanza\u00a0<\/strong>e<strong>\u00a0Eduardo Merlo Amorim<\/strong>, representantes da Ordem dos Advogados do Brasil \u2013 Se\u00e7\u00e3o Esp\u00edrito Santo;<\/p>\n<p style=\"text-align: justify;\">\u00a0<\/p>\n<p style=\"text-align: justify;\">XIV \u2013 Secret\u00e1ria Municipal de Sa\u00fade do Munic\u00edpio de Domingos Martins,\u00a0<strong>Zuleide Maria Cardoso<\/strong>, e Secret\u00e1rio Municipal de Sa\u00fade do Munic\u00edpio de Laranja da Terra,\u00a0<strong>Carlos Alberto Jarske<\/strong>, representantes do Colegiado de Secretarias Municipais de Sa\u00fade do Esp\u00edrito Santo (COSEMS\/ES);<\/p>\n<p style=\"text-align: justify;\">\u00a0<\/p>\n<p style=\"text-align: justify;\">XV \u2013\u00a0<strong>Luciene Efegenio,\u00a0<\/strong>representante da Secretaria de Estado da Sa\u00fade;<\/p>\n<p style=\"text-align: justify;\">\u00a0<\/p>\n<p style=\"text-align: justify;\">XVI \u2013\u00a0<strong>Aron Stephen Toczek Souza\u00a0<\/strong>e\u00a0<strong>Karoline Calfa Pitanga,<\/strong>\u00a0representantes do Conselho Regional de Medicina do Estado do Esp\u00edrito Santo;<\/p>\n<p style=\"text-align: justify;\">\u00a0<\/p>\n<p style=\"text-align: justify;\">XVII \u2013\u00a0<strong>Rikardo Ferreira da Costa<\/strong>\u00a0e\u00a0<strong>Pablo Garcia<\/strong>, representantes da Ag\u00eancia Nacional de Sa\u00fade Suplementar;<\/p>\n<p style=\"text-align: justify;\">\u00a0<\/p>\n<p style=\"text-align: justify;\">XVIII \u2013\u00a0<strong>Mar\u00edlia Santos Ribeiro<\/strong>, representante do Conselho Estadual de Sa\u00fade;<\/p>\n<p style=\"text-align: justify;\">\u00a0<\/p>\n<p style=\"text-align: justify;\">XIX \u2013\u00a0<strong>Andrea Munhos Ferreira Barroso<\/strong>, indicada pelo Instituto Estadual de Prote\u00e7\u00e3o e Defesa do Consumidor (Procon\/ES), representante dos usu\u00e1rios da sa\u00fade suplementar;<\/p>\n<p style=\"text-align: justify;\">\u00a0<\/p>\n<p style=\"text-align: justify;\">XX \u2013 servidor\u00a0<strong>Pedro Alexandre Hemerly<\/strong>, indicado pelo Sindicato dos Servidores do Poder Judici\u00e1rio do Estado do Esp\u00edrito Santo (Sindijudici\u00e1rio);<\/p>\n<p style=\"text-align: justify;\">\u00a0<\/p>\n<p style=\"text-align: justify;\">XXI \u2013 Defensoras P\u00fablicas Estaduais\u00a0<strong>Maria Gabriela Agapito da Veiga Pereira da Silva<\/strong>\u00a0e\u00a0<strong>Adriana Peres Marques dos Santos;<\/strong><\/p>\n<p style=\"text-align: justify;\">\u00a0<\/p>\n<p style=\"text-align: justify;\">XXII \u2013\u00a0<strong>Leandro Rodrigues Passos\u00a0<\/strong>e\u00a0<strong>Denise de Almeida Martins Oliveira,<\/strong>\u00a0representantes do Conselho Regional de Farm\u00e1cia do Estado do Esp\u00edrito Santo;<\/p>\n<p style=\"text-align: justify;\">\u00a0<\/p>\n<p style=\"text-align: justify;\">XXIII \u2013\u00a0<strong>Derick Breder Silveira<\/strong>, representante da Secretaria Municipal de Sa\u00fade do Munic\u00edpio de Vit\u00f3ria;<\/p>\n<p style=\"text-align: justify;\">\u00a0<\/p>\n<p style=\"text-align: justify;\">XXIV \u2013\u00a0<strong>Daniela de Mello Silva<\/strong>, coordenadora do N\u00facleo de Apoio T\u00e9cnico do Poder Judici\u00e1rio do Estado do Esp\u00edrito Santo;<\/p>\n<p style=\"text-align: justify;\">\u00a0<\/p>\n<p style=\"text-align: justify;\">XXV \u2013 Advogados da Uni\u00e3o\u00a0<strong>Juliana L\u00eddia Machado Cunha Lunz\u00a0<\/strong>e\u00a0<strong>Victor Magalh\u00e3es Pena.<\/strong><\/p>\n<p style=\"text-align: justify;\">\u00a0<\/p>\n<p style=\"text-align: justify;\">\u00a0<\/p>\n<p style=\"text-align: justify;\">Art. 2\u00a0Este<strong>\u00a0<\/strong>Ato Normativo entra em vigor na data de sua publica\u00e7\u00e3o.<\/p>\n<p style=\"text-align: justify;\">\u00a0<\/p>\n<p style=\"text-align: justify;\">Publique-se.<\/p>\n<p style=\"text-align: justify;\">\u00a0<\/p>\n<p style=\"text-align: justify;\">Vit\u00f3ria\/ES, 31 de agosto de 2026.<\/p>\n<p style=\"text-align: justify;\">\u00a0<\/p>\n<p style=\"text-align: justify;\">\u00a0<\/p>\n<p style=\"text-align: center;\"><strong>Desembargadora JANETE VARGAS SIM\u00d5ES<\/strong><br \/><strong>Presidente<\/strong><\/p>\n","protected":false},"excerpt":{"rendered":"<p>PODER JUDICI\u00c1RIO DO ESTADO DO ESP\u00cdRITO SANTO &#8211; PJES RUA DESEMBARGADOR HOMERO MAFRA,60 &#8211; Bairro ENSEADA DO SU\u00c1 &#8211; CEP 29050906 &#8211; Vit\u00f3ria &#8211; ES &#8211; www.tjes.jus.br \u00a0 \u00a0 ATO NORMATIVO N\u00ba 154\/2026 \u00a0 \u00a0 Disp\u00f5e sobre a atualiza\u00e7\u00e3o da composi\u00e7\u00e3o do Comit\u00ea Executivo Estadual do F\u00f3rum Nacional da Sa\u00fade do Conselho Nacional de Justi\u00e7a [&hellip;]<\/p>\n","protected":false},"author":19,"featured_media":0,"comment_status":"closed","ping_status":"closed","sticky":false,"template":"","format":"standard","meta":{"footnotes":""},"categories":[4,14],"tags":[],"_links":{"self":[{"href":"https:\/\/www.tjes.jus.br\/corregedoria\/wp-json\/wp\/v2\/posts\/48327"}],"collection":[{"href":"https:\/\/www.tjes.jus.br\/corregedoria\/wp-json\/wp\/v2\/posts"}],"about":[{"href":"https:\/\/www.tjes.jus.br\/corregedoria\/wp-json\/wp\/v2\/types\/post"}],"author":[{"embeddable":true,"href":"https:\/\/www.tjes.jus.br\/corregedoria\/wp-json\/wp\/v2\/users\/19"}],"replies":[{"embeddable":true,"href":"https:\/\/www.tjes.jus.br\/corregedoria\/wp-json\/wp\/v2\/comments?post=48327"}],"version-history":[{"count":2,"href":"https:\/\/www.tjes.jus.br\/corregedoria\/wp-json\/wp\/v2\/posts\/48327\/revisions"}],"predecessor-version":[{"id":48329,"href":"https:\/\/www.tjes.jus.br\/corregedoria\/wp-json\/wp\/v2\/posts\/48327\/revisions\/48329"}],"wp:attachment":[{"href":"https:\/\/www.tjes.jus.br\/corregedoria\/wp-json\/wp\/v2\/media?parent=48327"}],"wp:term":[{"taxonomy":"category","embeddable":true,"href":"https:\/\/www.tjes.jus.br\/corregedoria\/wp-json\/wp\/v2\/categories?post=48327"},{"taxonomy":"post_tag","embeddable":true,"href":"https:\/\/www.tjes.jus.br\/corregedoria\/wp-json\/wp\/v2\/tags?post=48327"}],"curies":[{"name":"wp","href":"https:\/\/api.w.org\/{rel}","templated":true}]}}