{"id":48334,"date":"2026-09-02T14:22:57","date_gmt":"2026-09-02T17:22:57","guid":{"rendered":"https:\/\/www.tjes.jus.br\/corregedoria\/?p=48334"},"modified":"2026-09-02T14:25:46","modified_gmt":"2026-09-02T17:25:46","slug":"ato-normativo-no-156-2026-disp-02-09-2026","status":"publish","type":"post","link":"https:\/\/www.tjes.jus.br\/corregedoria\/2026\/09\/02\/ato-normativo-no-156-2026-disp-02-09-2026\/","title":{"rendered":"ATO NORMATIVO N\u00ba 156\/2026 \u2013 DISP. 02\/09\/2026"},"content":{"rendered":"\n<p style=\"text-align: center;\" align=\"center\">PODER JUDICI\u00c1RIO DO ESTADO DO ESP\u00cdRITO SANTO &#8211; PJES<\/p>\n<p style=\"text-align: center;\" align=\"center\">RUA DESEMBARGADOR HOMERO MAFRA,60 &#8211; Bairro ENSEADA DO SU\u00c1 &#8211; CEP 29050906 &#8211; Vit\u00f3ria &#8211; ES &#8211; www.tjes.jus.br<\/p>\n<p class=\"textocentralizadomaiusculas\" style=\"text-align: justify;\" align=\"center\">\u00a0<\/p>\n<p style=\"text-align: justify;\">\u00a0<\/p>\n<p class=\"textocentralizado\" style=\"text-align: center;\" align=\"center\"><strong>ATO NORMATIVO N\u00ba 156\/2026<\/strong><\/p>\n<p style=\"text-align: justify;\">\u00a0<\/p>\n<p style=\"text-align: justify;\">\u00a0<\/p>\n<p class=\"textocentralizado\" style=\"text-align: justify;\" align=\"center\"><em>Atualiza a composi\u00e7\u00e3o das Comiss\u00f5es de Preven\u00e7\u00e3o e Enfrentamento do Ass\u00e9dio Moral, do Ass\u00e9dio Sexual e da Discrimina\u00e7\u00e3o de 1\u00ba e 2\u00ba Graus, no \u00e2mbito do Poder Judici\u00e1rio do Estado do Esp\u00edrito Santo.<\/em><\/p>\n<p style=\"text-align: justify;\">\u00a0<\/p>\n<p style=\"text-align: justify;\">\u00a0<\/p>\n<p class=\"textojustificadorecuoprimeiralinha\" style=\"text-align: justify;\">A Excelent\u00edssima Senhora Desembargadora JANETE VARGAS SIM\u00d5ES, Presidente do Egr\u00e9gio Tribunal de Justi\u00e7a do Estado do Esp\u00edrito Santo, no uso de suas atribui\u00e7\u00f5es legais e regimentais,<\/p>\n<p style=\"text-align: justify;\">\u00a0<\/p>\n<p style=\"text-align: justify;\">\u00a0<\/p>\n<p class=\"textojustificadorecuoprimeiralinha\" style=\"text-align: justify;\">CONSIDERANDO que o Conselho Nacional de Justi\u00e7a instituiu a Pol\u00edtica Nacional de Preven\u00e7\u00e3o e Enfrentamento do Ass\u00e9dio Moral, do Ass\u00e9dio Sexual e da Discrimina\u00e7\u00e3o no \u00e2mbito do Poder Judici\u00e1rio, por meio da Resolu\u00e7\u00e3o n\u00ba 351\/2020, de 28 de outubro de 2020;<\/p>\n<p style=\"text-align: justify;\">\u00a0<\/p>\n<p style=\"text-align: justify;\">\u00a0<\/p>\n<p class=\"textojustificadorecuoprimeiralinha\" style=\"text-align: justify;\">CONSIDERANDO a edi\u00e7\u00e3o da <a href=\"https:\/\/www.tjes.jus.br\/corregedoria\/2023\/11\/06\/resolucao-no-037-2023-disp-06-11-2023\/\">Resolu\u00e7\u00e3o TJES n\u00ba 037, de 6 de novembro de 2023<\/a>, que instituiu a Pol\u00edtica de Preven\u00e7\u00e3o e Enfrentamento do Ass\u00e9dio Moral, do Ass\u00e9dio Sexual e da Discrimina\u00e7\u00e3o no \u00e2mbito do Poder Judici\u00e1rio do Estado do Esp\u00edrito Santo, regulamentando os meios para sua implementa\u00e7\u00e3o e coordena\u00e7\u00e3o;<\/p>\n<p style=\"text-align: justify;\">\u00a0<\/p>\n<p style=\"text-align: justify;\">\u00a0<\/p>\n<p class=\"textojustificadorecuoprimeiralinha\" style=\"text-align: justify;\">CONSIDERANDO o Of\u00edcio 6\/2026, encaminhado pela Exma. Desembargadora\u00a0Presidente da Comiss\u00e3o de Acessibilidade e Inclus\u00e3o do PJES, no processo SEI 7005582-86.2025.8.08.0000;<\/p>\n<p style=\"text-align: justify;\">\u00a0<\/p>\n<p style=\"text-align: justify;\">\u00a0<\/p>\n<p class=\"textojustificadorecuoprimeiralinha\" style=\"text-align: justify;\">RESOLVE:<\/p>\n<p style=\"text-align: justify;\">\u00a0<\/p>\n<p style=\"text-align: justify;\">\u00a0<\/p>\n<p class=\"textojustificadorecuoprimeiralinha\" style=\"text-align: justify;\">Art. 1\u00ba \u2013 Atualizar a composi\u00e7\u00e3o da Comiss\u00e3o de Preven\u00e7\u00e3o e Enfrentamento do Ass\u00e9dio Moral, do Ass\u00e9dio Sexual e da Discrimina\u00e7\u00e3o, de 2\u00ba Grau, que passa a ser integrada pelos seguintes membros:<\/p>\n<p style=\"text-align: justify;\">\u00a0<\/p>\n<p class=\"textojustificadorecuoprimeiralinha\" style=\"text-align: justify;\">I \u2013 Desembargadora Helo\u00edsa Cariello;<\/p>\n<p class=\"textojustificadorecuoprimeiralinha\" style=\"text-align: justify;\">II \u2013 servidor Leandro Silva Oliveira, indicado pelo Exmo. Desembargador Jorge Henrique Valle dos Santos, Presidente da Comiss\u00e3o de Acessibilidade e Inclus\u00e3o do PJES;<\/p>\n<p class=\"textojustificadorecuoprimeiralinha\" style=\"text-align: justify;\">III \u2013 servidora Lav\u00ednia Vieira de Andrade Waichert Lyrio, indicada pelo Sindicato dos Servidores do Poder Judici\u00e1rio do Estado do Esp\u00edrito Santo \u2013 SINDIJUDICI\u00c1RIO;<\/p>\n<p class=\"textojustificadorecuoprimeiralinha\" style=\"text-align: justify;\">IV \u2013 servidora Thelma Dionores Zbyszynski, indicada pelo Sindicato dos Oficiais de Justi\u00e7a do Estado do Esp\u00edrito Santo \u2013 SINDIOFICIAIS;<\/p>\n<p class=\"textojustificadorecuoprimeiralinha\" style=\"text-align: justify;\">V \u2013 colaborador terceirizado Jeferson Ferreira dos Santos, indicado pelo Presidente do Sindicato dos Empregados de Seguran\u00e7a e Vigil\u00e2ncia em Geral \u2013 SINDSEGGV\/ES.<\/p>\n<p style=\"text-align: justify;\">\u00a0<\/p>\n<p style=\"text-align: justify;\">\u00a0<\/p>\n<p class=\"textojustificadorecuoprimeiralinha\" style=\"text-align: justify;\">Art. 2\u00ba \u2013 Alterar a composi\u00e7\u00e3o da Comiss\u00e3o de Preven\u00e7\u00e3o e Enfrentamento do Ass\u00e9dio Moral, do Ass\u00e9dio Sexual e da Discrimina\u00e7\u00e3o, de 1\u00ba Grau, que passa a ser integrada pelos seguintes membros:\u00a0<\/p>\n<p style=\"text-align: justify;\">\u00a0<\/p>\n<p class=\"textojustificadorecuoprimeiralinha\" style=\"text-align: justify;\">I \u2013 Ju\u00edza de Direito Gisele Souza de Oliveira;<\/p>\n<p class=\"textojustificadorecuoprimeiralinha\" style=\"text-align: justify;\">II \u2013 servidor Leandro Silva Oliveira, indicado pelo Exmo. Desembargador Jorge Henrique Valle dos Santos, Presidente da Comiss\u00e3o de Acessibilidade e Inclus\u00e3o do PJES;<\/p>\n<p class=\"textojustificadorecuoprimeiralinha\" style=\"text-align: justify;\">III \u2013 servidora Lav\u00ednia Vieira de Andrade Waichert Lyrio, indicada pelo Sindicato dos Servidores do Poder Judici\u00e1rio do Estado do Esp\u00edrito Santo \u2013 SINDIJUDICI\u00c1RIO;<\/p>\n<p class=\"textojustificadorecuoprimeiralinha\" style=\"text-align: justify;\">IV \u2013 servidora Thelma Dionores Zbyszynski, indicada pelo Sindicato dos Oficiais de Justi\u00e7a do Estado do Esp\u00edrito Santo \u2013 SINDIOFICIAIS;<\/p>\n<p class=\"textojustificadorecuoprimeiralinha\" style=\"text-align: justify;\">V \u2013 colaborador terceirizado Jeferson Ferreira dos Santos, indicado pelo Presidente do Sindicato dos Empregados de Seguran\u00e7a e Vigil\u00e2ncia em Geral \u2013 SINDSEGGV\/ES.<\/p>\n<p style=\"text-align: justify;\">\u00a0<\/p>\n<p class=\"textojustificadorecuoprimeiralinha\" style=\"text-align: justify;\">Par\u00e1grafo \u00fanico \u2013 Ficam designadas a servidora Mar\u00edlia Sarmento Borges para exercer a fun\u00e7\u00e3o de Secret\u00e1ria de ambas as Comiss\u00f5es e a residente jur\u00eddica Ludimila Pereira para prestar apoio t\u00e9cnico aos trabalhos.<\/p>\n<p style=\"text-align: justify;\">\u00a0<\/p>\n<p style=\"text-align: justify;\">\u00a0<\/p>\n<p class=\"textojustificadorecuoprimeiralinha\" style=\"text-align: justify;\">Art. 3\u00ba \u2013\u00a0 Revogam-se as disposi\u00e7\u00f5es em contr\u00e1rio, em especial a Portaria 161\/2024, disponibilizada no Di\u00e1rio de Justi\u00e7a em 12 de abril de 2024.<\/p>\n<p style=\"text-align: justify;\">\u00a0<\/p>\n<p style=\"text-align: justify;\">\u00a0<\/p>\n<p class=\"textojustificadorecuoprimeiralinha\" style=\"text-align: justify;\">Art. 4\u00ba &#8211; Este Ato Normativo entra em vigor na data de sua publica\u00e7\u00e3o.<\/p>\n<p style=\"text-align: justify;\">\u00a0<\/p>\n<p style=\"text-align: justify;\">\u00a0<\/p>\n<p class=\"textojustificadorecuoprimeiralinha\" style=\"text-align: justify;\">Publique-se.<\/p>\n<p style=\"text-align: justify;\">\u00a0<\/p>\n<p class=\"textojustificadorecuoprimeiralinha\" style=\"text-align: justify;\">Vit\u00f3ria\/ES, 01 de setembro de 2026.<\/p>\n<p style=\"text-align: justify;\">\u00a0<\/p>\n<p style=\"text-align: justify;\">\u00a0<\/p>\n<p class=\"textocentralizado\" style=\"text-align: center;\" align=\"center\"><strong>Desembargadora JANETE VARGAS SIM\u00d5ES<\/strong><\/p>\n<p class=\"textocentralizado\" style=\"text-align: center;\" align=\"center\"><strong>Presidente<\/strong><\/p>\n","protected":false},"excerpt":{"rendered":"<p>PODER JUDICI\u00c1RIO DO ESTADO DO ESP\u00cdRITO SANTO &#8211; PJES RUA DESEMBARGADOR HOMERO MAFRA,60 &#8211; Bairro ENSEADA DO SU\u00c1 &#8211; CEP 29050906 &#8211; Vit\u00f3ria &#8211; ES &#8211; www.tjes.jus.br \u00a0 \u00a0 ATO NORMATIVO N\u00ba 156\/2026 \u00a0 \u00a0 Atualiza a composi\u00e7\u00e3o das Comiss\u00f5es de Preven\u00e7\u00e3o e Enfrentamento do Ass\u00e9dio Moral, do Ass\u00e9dio Sexual e da Discrimina\u00e7\u00e3o de 1\u00ba [&hellip;]<\/p>\n","protected":false},"author":19,"featured_media":0,"comment_status":"closed","ping_status":"closed","sticky":false,"template":"","format":"standard","meta":{"footnotes":""},"categories":[4,14],"tags":[],"_links":{"self":[{"href":"https:\/\/www.tjes.jus.br\/corregedoria\/wp-json\/wp\/v2\/posts\/48334"}],"collection":[{"href":"https:\/\/www.tjes.jus.br\/corregedoria\/wp-json\/wp\/v2\/posts"}],"about":[{"href":"https:\/\/www.tjes.jus.br\/corregedoria\/wp-json\/wp\/v2\/types\/post"}],"author":[{"embeddable":true,"href":"https:\/\/www.tjes.jus.br\/corregedoria\/wp-json\/wp\/v2\/users\/19"}],"replies":[{"embeddable":true,"href":"https:\/\/www.tjes.jus.br\/corregedoria\/wp-json\/wp\/v2\/comments?post=48334"}],"version-history":[{"count":2,"href":"https:\/\/www.tjes.jus.br\/corregedoria\/wp-json\/wp\/v2\/posts\/48334\/revisions"}],"predecessor-version":[{"id":48337,"href":"https:\/\/www.tjes.jus.br\/corregedoria\/wp-json\/wp\/v2\/posts\/48334\/revisions\/48337"}],"wp:attachment":[{"href":"https:\/\/www.tjes.jus.br\/corregedoria\/wp-json\/wp\/v2\/media?parent=48334"}],"wp:term":[{"taxonomy":"category","embeddable":true,"href":"https:\/\/www.tjes.jus.br\/corregedoria\/wp-json\/wp\/v2\/categories?post=48334"},{"taxonomy":"post_tag","embeddable":true,"href":"https:\/\/www.tjes.jus.br\/corregedoria\/wp-json\/wp\/v2\/tags?post=48334"}],"curies":[{"name":"wp","href":"https:\/\/api.w.org\/{rel}","templated":true}]}}