{"id":48338,"date":"2026-09-02T14:27:15","date_gmt":"2026-09-02T17:27:15","guid":{"rendered":"https:\/\/www.tjes.jus.br\/corregedoria\/?p=48338"},"modified":"2026-09-02T14:34:14","modified_gmt":"2026-09-02T17:34:14","slug":"ato-normativo-no-157-2026-disp-02-09-2026","status":"publish","type":"post","link":"https:\/\/www.tjes.jus.br\/corregedoria\/2026\/09\/02\/ato-normativo-no-157-2026-disp-02-09-2026\/","title":{"rendered":"ATO NORMATIVO N\u00ba 157\/2026 \u2013 DISP. 02\/09\/2026"},"content":{"rendered":"\n<p style=\"text-align: center;\" align=\"center\">PODER JUDICI\u00c1RIO DO ESTADO DO ESP\u00cdRITO SANTO &#8211; PJES<\/p>\n<p style=\"text-align: center;\" align=\"center\">RUA DESEMBARGADOR HOMERO MAFRA,60 &#8211; Bairro ENSEADA DO SU\u00c1 &#8211; CEP 29050906 &#8211; Vit\u00f3ria &#8211; ES &#8211; www.tjes.jus.br<\/p>\n<p class=\"textocentralizadomaiusculas\" style=\"text-align: justify;\" align=\"center\">\u00a0<\/p>\n<p class=\"textocentralizado\" style=\"text-align: center;\" align=\"center\"><br \/><strong>ATO NORMATIVO N\u00ba 157\/2026<\/strong><\/p>\n<p style=\"text-align: center;\">\u00a0<\/p>\n<p style=\"text-align: justify;\">\u00a0<\/p>\n<p class=\"textojustificado\" style=\"text-align: justify;\"><em>Altera a composi\u00e7\u00e3o do Comit\u00ea Gestor de Incentivo \u00e0 Participa\u00e7\u00e3o Institucional Feminina e Equidade de G\u00eanero no Poder Judici\u00e1rio do Estado do Esp\u00edrito Santo.<\/em><\/p>\n<p style=\"text-align: justify;\">\u00a0<\/p>\n<p style=\"text-align: justify;\">\u00a0<\/p>\n<p class=\"textojustificado\" style=\"text-align: justify;\">A Presidente do Tribunal de Justi\u00e7a do Estado do Esp\u00edrito Santo, no uso de suas atribui\u00e7\u00f5es legais e regimentais;<\/p>\n<p style=\"text-align: justify;\">\u00a0<\/p>\n<p style=\"text-align: justify;\">\u00a0<\/p>\n<p class=\"textojustificado\" style=\"text-align: justify;\">CONSIDERANDO o disposto no <a href=\"https:\/\/www.tjes.jus.br\/corregedoria\/2024\/12\/06\/ato-normativo-no-289-2024-disp-06-12-2024\/\">Ato Normativo TJES n\u00ba 289\/2024<\/a>, que nomeou as integrantes do Comit\u00ea Gestor de Incentivo \u00e0 Participa\u00e7\u00e3o Institucional Feminina e Equidade de G\u00eanero no Poder Judici\u00e1rio do Estado do Esp\u00edrito Santo;<\/p>\n<p style=\"text-align: justify;\">\u00a0<\/p>\n<p style=\"text-align: justify;\">\u00a0<\/p>\n<p class=\"textojustificado\" style=\"text-align: justify;\">CONSIDERANDO o teor dos <a href=\"https:\/\/www.tjes.jus.br\/corregedoria\/2025\/03\/14\/ato-normativo-no-077-2025-disp-14-03-2025\/\">Atos Normativos TJES n\u00ba 077\/2025<\/a> e <a href=\"https:\/\/www.tjes.jus.br\/corregedoria\/2026\/01\/20\/ato-normativo-no-005-2026-disp-20-01-2026\/\">005\/2026<\/a>, disponibilizados nos dias 14.03.2025 e 20.01.2026, respectivamente, que alteraram a composi\u00e7\u00e3o do Comit\u00ea Gestor de Incentivo \u00e0 Participa\u00e7\u00e3o Institucional Feminina e Equidade de G\u00eanero no Poder Judici\u00e1rio do Estado do Esp\u00edrito Santo;<\/p>\n<p style=\"text-align: justify;\">\u00a0<\/p>\n<p style=\"text-align: justify;\">\u00a0<\/p>\n<p class=\"textojustificado\" style=\"text-align: justify;\">CONSIDERANDO o disposto no Processo SEI n\u00ba 7007875-92.2026.8.08.0000;<\/p>\n<p style=\"text-align: justify;\">\u00a0<\/p>\n<p style=\"text-align: justify;\">\u00a0<\/p>\n<p class=\"textojustificado\" style=\"text-align: justify;\"><strong>RESOLVE:<\/strong><\/p>\n<p style=\"text-align: justify;\">\u00a0<\/p>\n<p style=\"text-align: justify;\">\u00a0<\/p>\n<p class=\"textojustificado\" style=\"text-align: justify;\"><strong>Art. 1\u00ba<\/strong>\u00a0\u2013 O\u00a0Comit\u00ea Gestor de Incentivo \u00e0 Participa\u00e7\u00e3o Institucional Feminina e Equidade de G\u00eanero no Poder Judici\u00e1rio do Estado do Esp\u00edrito Santo passa a ser composto pela:<\/p>\n<p class=\"textojustificado\" style=\"text-align: justify;\">I \u2013 Desembargadora HELO\u00cdSA CARIELLO, Presidente;<\/p>\n<p class=\"textojustificado\" style=\"text-align: justify;\">II \u2013 Ju\u00edza de Direito MAIZA SILVA SANTOS, Vice-Presidente;<\/p>\n<p class=\"textojustificado\" style=\"text-align: justify;\">III \u2013 Ju\u00edza de Direito GISELE SOUZA DE OLIVEIRA;<\/p>\n<p class=\"textojustificado\" style=\"text-align: justify;\">IV \u2013 Ju\u00edza de Direito SAYONARA COUTO BITTENCOURT;<\/p>\n<p class=\"textojustificado\" style=\"text-align: justify;\">V \u2013 Ju\u00edza de Direito MARIA JOVITA FERREIRA REISEN;<\/p>\n<p class=\"textojustificado\" style=\"text-align: justify;\">VI \u2013 Ju\u00edza de Direito ANA FL\u00c1VIA MELO VELLO;<\/p>\n<p class=\"textojustificado\" style=\"text-align: justify;\">VII \u2013 Servidora MARIANA SANTOS DE QUEIROZ ARA\u00daJO;<\/p>\n<p class=\"textojustificado\" style=\"text-align: justify;\">VIII \u2013 Servidora LARISSA TARDIN CARDOSO.<\/p>\n<p style=\"text-align: justify;\">\u00a0<\/p>\n<p class=\"textojustificado\" style=\"text-align: justify;\"><strong>Par\u00e1grafo \u00fanico<\/strong>\u00a0&#8211; Ficam designadas a servidora Mar\u00edlia Sarmento Borges e a residente jur\u00eddica Ludimila Pereira para prestar apoio t\u00e9cnico \u00e0s atividades administrativas do Comit\u00ea.<\/p>\n<p style=\"text-align: justify;\">\u00a0<\/p>\n<p style=\"text-align: justify;\">\u00a0<\/p>\n<p class=\"textojustificado\" style=\"text-align: justify;\"><strong>Art. 2\u00ba<\/strong>\u00a0\u2013 Ficam revogados o <a href=\"https:\/\/www.tjes.jus.br\/corregedoria\/2024\/12\/06\/ato-normativo-no-289-2024-disp-06-12-2024\/\">Ato Normativo TJES n\u00ba 289\/2024<\/a>, o <a href=\"https:\/\/www.tjes.jus.br\/corregedoria\/2025\/03\/14\/ato-normativo-no-077-2025-disp-14-03-2025\/\">Ato Normativo TJES n\u00ba 077\/2025<\/a> e o <a href=\"https:\/\/www.tjes.jus.br\/corregedoria\/2026\/01\/20\/ato-normativo-no-005-2026-disp-20-01-2026\/\">Ato Normativo TJES n\u00ba 005\/2026.<\/a><\/p>\n<p style=\"text-align: justify;\">\u00a0<\/p>\n<p style=\"text-align: justify;\">\u00a0<\/p>\n<p class=\"textojustificado\" style=\"text-align: justify;\"><strong>Art. 3\u00ba<\/strong>\u00a0\u2013 Este Ato Normativo entra em vigor na data de sua publica\u00e7\u00e3o.<\/p>\n<p style=\"text-align: justify;\">\u00a0<\/p>\n<p class=\"textojustificado\" style=\"text-align: justify;\">Publique-se.<\/p>\n<p style=\"text-align: justify;\">\u00a0<\/p>\n<p style=\"text-align: justify;\">Vit\u00f3ria\/ES, 31 de agosto de 2026.<\/p>\n<p style=\"text-align: justify;\">\u00a0<\/p>\n<p class=\"textocentralizado\" style=\"text-align: center;\" align=\"center\"><strong>Desembargadora JANETE VARGAS SIM\u00d5ES<\/strong><br \/>Presidente do Tribunal de Justi\u00e7a<\/p>\n","protected":false},"excerpt":{"rendered":"<p>PODER JUDICI\u00c1RIO DO ESTADO DO ESP\u00cdRITO SANTO &#8211; PJES RUA DESEMBARGADOR HOMERO MAFRA,60 &#8211; Bairro ENSEADA DO SU\u00c1 &#8211; CEP 29050906 &#8211; Vit\u00f3ria &#8211; ES &#8211; www.tjes.jus.br \u00a0 ATO NORMATIVO N\u00ba 157\/2026 \u00a0 \u00a0 Altera a composi\u00e7\u00e3o do Comit\u00ea Gestor de Incentivo \u00e0 Participa\u00e7\u00e3o Institucional Feminina e Equidade de G\u00eanero no Poder Judici\u00e1rio do Estado [&hellip;]<\/p>\n","protected":false},"author":19,"featured_media":0,"comment_status":"closed","ping_status":"closed","sticky":false,"template":"","format":"standard","meta":{"footnotes":""},"categories":[4,14],"tags":[],"_links":{"self":[{"href":"https:\/\/www.tjes.jus.br\/corregedoria\/wp-json\/wp\/v2\/posts\/48338"}],"collection":[{"href":"https:\/\/www.tjes.jus.br\/corregedoria\/wp-json\/wp\/v2\/posts"}],"about":[{"href":"https:\/\/www.tjes.jus.br\/corregedoria\/wp-json\/wp\/v2\/types\/post"}],"author":[{"embeddable":true,"href":"https:\/\/www.tjes.jus.br\/corregedoria\/wp-json\/wp\/v2\/users\/19"}],"replies":[{"embeddable":true,"href":"https:\/\/www.tjes.jus.br\/corregedoria\/wp-json\/wp\/v2\/comments?post=48338"}],"version-history":[{"count":3,"href":"https:\/\/www.tjes.jus.br\/corregedoria\/wp-json\/wp\/v2\/posts\/48338\/revisions"}],"predecessor-version":[{"id":48347,"href":"https:\/\/www.tjes.jus.br\/corregedoria\/wp-json\/wp\/v2\/posts\/48338\/revisions\/48347"}],"wp:attachment":[{"href":"https:\/\/www.tjes.jus.br\/corregedoria\/wp-json\/wp\/v2\/media?parent=48338"}],"wp:term":[{"taxonomy":"category","embeddable":true,"href":"https:\/\/www.tjes.jus.br\/corregedoria\/wp-json\/wp\/v2\/categories?post=48338"},{"taxonomy":"post_tag","embeddable":true,"href":"https:\/\/www.tjes.jus.br\/corregedoria\/wp-json\/wp\/v2\/tags?post=48338"}],"curies":[{"name":"wp","href":"https:\/\/api.w.org\/{rel}","templated":true}]}}