{"id":48356,"date":"2026-09-02T14:42:16","date_gmt":"2026-09-02T17:42:16","guid":{"rendered":"https:\/\/www.tjes.jus.br\/corregedoria\/?p=48356"},"modified":"2026-09-02T14:43:00","modified_gmt":"2026-09-02T17:43:00","slug":"ato-normativo-no-135-2026-disp-02-09-2026","status":"publish","type":"post","link":"https:\/\/www.tjes.jus.br\/corregedoria\/2026\/09\/02\/ato-normativo-no-135-2026-disp-02-09-2026\/","title":{"rendered":"ATO NORMATIVO N\u00ba 135\/2026 \u2013 DISP. 02\/09\/2026"},"content":{"rendered":"\n<div class=\"override-text\" align=\"center\">\n<p style=\"text-align: center;\">PODER JUDICI\u00c1RIO DO ESTADO DO ESP\u00cdRITO SANTO &#8211; PJES<\/p>\n<p style=\"text-align: center;\">RUA DESEMBARGADOR HOMERO MAFRA,60 &#8211; Bairro ENSEADA DO SU\u00c1 &#8211; CEP 29050906 &#8211; Vit\u00f3ria &#8211; ES &#8211; www.tjes.jus.br<\/p>\n<\/div>\n<p class=\"Texto_Centralizado_Maiusculas\" style=\"text-align: justify;\">\u00a0<\/p>\n<p class=\"Texto_Centralizado\" style=\"text-align: center;\"><strong>ATO NORMATIVO N\u00ba\u00a0 135\/2026<\/strong><\/p>\n<p style=\"text-align: justify;\">\u00a0<\/p>\n<p class=\"Texto_Centralizado\" style=\"text-align: justify;\"><em>Disp\u00f5e sobre a institui\u00e7\u00e3o, a estrutura e o funcionamento do N\u00facleo de Apoio T\u00e9cnico \u00e0s A\u00e7\u00f5es Ambientais (NAT-Ambiental) no \u00e2mbito do Poder Judici\u00e1rio do Estado do Esp\u00edrito Santo.<\/em><\/p>\n<p style=\"text-align: justify;\">\u00a0<\/p>\n<p class=\"Texto_Justificado_Recuo_Primeira_Linha\" style=\"text-align: justify;\">A Excelent\u00edssima Senhora Desembargadora JANETE VARGAS SIM\u00d5ES, Presidente do Egr\u00e9gio Tribunal de Justi\u00e7a do Estado do Esp\u00edrito Santo, no uso de suas atribui\u00e7\u00f5es legais e regimentais,<\/p>\n<p style=\"text-align: justify;\">\u00a0<\/p>\n<p class=\"Texto_Justificado_Recuo_Primeira_Linha\" style=\"text-align: justify;\">CONSIDERANDO a Resolu\u00e7\u00e3o CNJ n\u00ba 433\/2021, que instituiu a Pol\u00edtica Nacional do Poder Judici\u00e1rio para o Clima e o Meio Ambiente;<\/p>\n<p style=\"text-align: justify;\">\u00a0<\/p>\n<p class=\"Texto_Justificado_Recuo_Primeira_Linha\" style=\"text-align: justify;\">CONSIDERANDO o compromisso assumido no Pacto pela Transforma\u00e7\u00e3o Ecol\u00f3gica entre os Tr\u00eas Poderes para promover a sustentabilidade e a celeridade processual nas demandas ambientais;<\/p>\n<p style=\"text-align: justify;\">\u00a0<\/p>\n<p class=\"Texto_Justificado_Recuo_Primeira_Linha\" style=\"text-align: justify;\">CONSIDERANDO a necessidade de aprimorar a jurisdi\u00e7\u00e3o ambiental por meio de assessoramento t\u00e9cnico-multidisciplinar e da uniformiza\u00e7\u00e3o de fluxos procedimentais;<\/p>\n<p style=\"text-align: justify;\">\u00a0<\/p>\n<p class=\"Texto_Justificado_Recuo_Primeira_Linha\" style=\"text-align: justify;\">RESOLVE:<\/p>\n<p style=\"text-align: justify;\">\u00a0<\/p>\n<p class=\"Texto_Justificado_Recuo_Primeira_Linha\" style=\"text-align: justify;\">Art. 1\u00ba Fica institu\u00eddo o N\u00facleo de Apoio T\u00e9cnico \u00e0s A\u00e7\u00f5es Ambientais (NAT-Ambiental), vinculado \u00e0 Presid\u00eancia do Tribunal de Justi\u00e7a do Estado do Esp\u00edrito Santo, com o objetivo de apoiar o saneamento, o julgamento, a media\u00e7\u00e3o e a concilia\u00e7\u00e3o em processos ambientais, prioritariamente os de alta complexidade ou relev\u00e2ncia estrat\u00e9gica.<\/p>\n<p style=\"text-align: justify;\">\u00a0<\/p>\n<p class=\"Texto_Justificado_Recuo_Primeira_Linha\" style=\"text-align: justify;\">Art. 2\u00ba O NAT-Ambiental atuar\u00e1 de forma integrada, por meio das seguintes frentes de trabalho:<\/p>\n<p style=\"text-align: justify;\">\u00a0<\/p>\n<p class=\"Texto_Justificado_Recuo_Primeira_Linha\" style=\"text-align: justify;\">I &#8211; Monitoramento: diagn\u00f3stico e levantamento de dados sobre demandas judiciais ambientais, utilizando sistemas como o SireneJud\/CNJ e ferramentas correlatas;<\/p>\n<p class=\"Texto_Justificado_Recuo_Primeira_Linha\" style=\"text-align: justify;\">II &#8211; Acompanhamento e Assist\u00eancia: interlocu\u00e7\u00e3o e apoio t\u00e9cnico-processual a magistrados(as), Centros Judici\u00e1rios de Solu\u00e7\u00e3o de Conflitos e Cidadania (Cejucs) e \u00f3rg\u00e3os de m\u00e9todos consensuais nas demandas relacionadas com Meio Ambiente;<\/p>\n<p class=\"Texto_Justificado_Recuo_Primeira_Linha\" style=\"text-align: justify;\">III &#8211; Atua\u00e7\u00e3o Direta: aux\u00edlio, mediante designa\u00e7\u00e3o, no saneamento e julgamento de processos complexos, na media\u00e7\u00e3o de conflitos e na realiza\u00e7\u00e3o de dilig\u00eancias externas.<\/p>\n<p style=\"text-align: justify;\">\u00a0<\/p>\n<p class=\"Texto_Justificado_Recuo_Primeira_Linha\" style=\"text-align: justify;\">Art. 3\u00ba S\u00e3o compet\u00eancias espec\u00edficas do NAT-Ambiental:<\/p>\n<p style=\"text-align: justify;\">\u00a0<\/p>\n<p class=\"Texto_Justificado_Recuo_Primeira_Linha\" style=\"text-align: justify;\">I &#8211; Agendar e conduzir reuni\u00f5es com magistrados e institui\u00e7\u00f5es parceiras para propor fluxos padronizados de trabalho;<\/p>\n<p class=\"Texto_Justificado_Recuo_Primeira_Linha\" style=\"text-align: justify;\">II &#8211; Emitir notas t\u00e9cnicas com recomenda\u00e7\u00f5es voltadas \u00e0 uniformiza\u00e7\u00e3o de procedimentos e ao aperfei\u00e7oamento da jurisdi\u00e7\u00e3o;<\/p>\n<p class=\"Texto_Justificado_Recuo_Primeira_Linha\" style=\"text-align: justify;\">III &#8211; Identificar e compartilhar boas pr\u00e1ticas e solu\u00e7\u00f5es adequadas \u00e0s realidades locais dos conflitos ambientais;<\/p>\n<p class=\"Texto_Justificado_Recuo_Primeira_Linha\" style=\"text-align: justify;\">IV &#8211; Realizar visitas t\u00e9cnicas em \u00e1reas objeto de conflitos coletivos, elaborando relat\u00f3rios para subsidiar a atua\u00e7\u00e3o judicial;<\/p>\n<p class=\"Texto_Justificado_Recuo_Primeira_Linha\" style=\"text-align: justify;\">V &#8211; Propor \u00e0 Presid\u00eancia a celebra\u00e7\u00e3o de acordos de coopera\u00e7\u00e3o t\u00e9cnica com entidades p\u00fablicas ou privadas especializadas para suporte t\u00e9cnico em pareceres.<\/p>\n<p style=\"text-align: justify;\">\u00a0<\/p>\n<p class=\"Texto_Justificado_Recuo_Primeira_Linha\" style=\"text-align: justify;\">Art. 4\u00ba O NAT-Ambiental ser\u00e1 composto por:<\/p>\n<p style=\"text-align: justify;\">\u00a0<\/p>\n<p class=\"Texto_Justificado_Recuo_Primeira_Linha\" style=\"text-align: justify;\">I &#8211; Dois magistrados(as) com experi\u00eancia ou atua\u00e7\u00e3o na \u00e1rea ambiental;<\/p>\n<p class=\"Texto_Justificado_Recuo_Primeira_Linha\" style=\"text-align: justify;\">II &#8211; Dois servidores(as) com conhecimento t\u00e9cnico ou experi\u00eancia em mat\u00e9ria ambiental.<\/p>\n<p style=\"text-align: justify;\">\u00a0<\/p>\n<p class=\"Texto_Justificado_Recuo_Primeira_Linha\" style=\"text-align: justify;\">\u00a71\u00ba A composi\u00e7\u00e3o nominal ser\u00e1 definida por ato da Presid\u00eancia e publicada no s\u00edtio eletr\u00f4nico do Tribunal, com observ\u00e2ncia da Lei Geral de Prote\u00e7\u00e3o de Dados.<\/p>\n<p style=\"text-align: justify;\">\u00a0<\/p>\n<p class=\"Texto_Justificado_Recuo_Primeira_Linha\" style=\"text-align: justify;\">\u00a72\u00ba O NAT-Ambiental poder\u00e1 contar com o apoio de especialistas, pesquisadores e representantes de \u00f3rg\u00e3os e entidades ambientais, mediante instrumentos de coopera\u00e7\u00e3o ou parcerias institucionais formalizadas.<\/p>\n<p style=\"text-align: justify;\">\u00a0<\/p>\n<p class=\"Texto_Justificado_Recuo_Primeira_Linha\" style=\"text-align: justify;\">Art. 5\u00ba A coordena\u00e7\u00e3o do N\u00facleo ser\u00e1 exercida por magistrado(a) designado(a) pelo ato de composi\u00e7\u00e3o.<\/p>\n<p style=\"text-align: justify;\">\u00a0<\/p>\n<p class=\"Texto_Justificado_Recuo_Primeira_Linha\" style=\"text-align: justify;\">Art. 6\u00ba Os integrantes do N\u00facleo poder\u00e3o atuar com ou sem preju\u00edzo de suas fun\u00e7\u00f5es de origem, conforme definido no ato de designa\u00e7\u00e3o.<\/p>\n<p style=\"text-align: justify;\">\u00a0<\/p>\n<p class=\"Texto_Justificado_Recuo_Primeira_Linha\" style=\"text-align: justify;\">Art. 7\u00ba A Presid\u00eancia do Tribunal definir\u00e1, com base em crit\u00e9rios objetivos e metas nacionais do Conselho Nacional de Justi\u00e7a, os processos e demandas atribu\u00eddos ao N\u00facleo.<\/p>\n<p style=\"text-align: justify;\">\u00a0<\/p>\n<p class=\"Texto_Justificado_Recuo_Primeira_Linha\" style=\"text-align: justify;\">Art. 8\u00ba O NAT-Ambiental manter\u00e1 articula\u00e7\u00e3o permanente com o Grupo do Meio Ambiente do Tribunal e com o F\u00f3rum Nacional para o Meio Ambiente do Poder Judici\u00e1rio (Fonamb), assegurando alinhamento com as diretrizes nacionais.<\/p>\n<p style=\"text-align: justify;\">\u00a0<\/p>\n<p class=\"Texto_Justificado_Recuo_Primeira_Linha\" style=\"text-align: justify;\">Art. 9\u00ba. Os casos omissos ser\u00e3o resolvidos pela Presid\u00eancia do Tribunal de Justi\u00e7a do Estado do Esp\u00edrito Santo.<\/p>\n<p style=\"text-align: justify;\">\u00a0<\/p>\n<p class=\"Texto_Justificado_Recuo_Primeira_Linha\" style=\"text-align: justify;\">Art. 10. Este ato entra em vigor na data de sua publica\u00e7\u00e3o.<\/p>\n<p style=\"text-align: justify;\">\u00a0<\/p>\n<p style=\"text-align: justify;\">Vit\u00f3ria, 1\u00ba de setembro de 2026.<\/p>\n<p style=\"text-align: justify;\">\u00a0<\/p>\n<p style=\"text-align: justify;\">\u00a0<\/p>\n<p class=\"Texto_Centralizado\" style=\"text-align: center;\"><strong>Desembargadora JANETE VARGAS SIM\u00d5ES<\/strong><\/p>\n<p class=\"Texto_Centralizado\" style=\"text-align: center;\"><strong>Presidente do Tribunal de Justi\u00e7a do Estado do Esp\u00edrito Santo<\/strong><\/p>\n","protected":false},"excerpt":{"rendered":"<p>PODER JUDICI\u00c1RIO DO ESTADO DO ESP\u00cdRITO SANTO &#8211; PJES RUA DESEMBARGADOR HOMERO MAFRA,60 &#8211; Bairro ENSEADA DO SU\u00c1 &#8211; CEP 29050906 &#8211; Vit\u00f3ria &#8211; ES &#8211; www.tjes.jus.br \u00a0 ATO NORMATIVO N\u00ba\u00a0 135\/2026 \u00a0 Disp\u00f5e sobre a institui\u00e7\u00e3o, a estrutura e o funcionamento do N\u00facleo de Apoio T\u00e9cnico \u00e0s A\u00e7\u00f5es Ambientais (NAT-Ambiental) no \u00e2mbito do Poder [&hellip;]<\/p>\n","protected":false},"author":19,"featured_media":0,"comment_status":"closed","ping_status":"closed","sticky":false,"template":"","format":"standard","meta":{"footnotes":""},"categories":[4,14],"tags":[],"_links":{"self":[{"href":"https:\/\/www.tjes.jus.br\/corregedoria\/wp-json\/wp\/v2\/posts\/48356"}],"collection":[{"href":"https:\/\/www.tjes.jus.br\/corregedoria\/wp-json\/wp\/v2\/posts"}],"about":[{"href":"https:\/\/www.tjes.jus.br\/corregedoria\/wp-json\/wp\/v2\/types\/post"}],"author":[{"embeddable":true,"href":"https:\/\/www.tjes.jus.br\/corregedoria\/wp-json\/wp\/v2\/users\/19"}],"replies":[{"embeddable":true,"href":"https:\/\/www.tjes.jus.br\/corregedoria\/wp-json\/wp\/v2\/comments?post=48356"}],"version-history":[{"count":2,"href":"https:\/\/www.tjes.jus.br\/corregedoria\/wp-json\/wp\/v2\/posts\/48356\/revisions"}],"predecessor-version":[{"id":48358,"href":"https:\/\/www.tjes.jus.br\/corregedoria\/wp-json\/wp\/v2\/posts\/48356\/revisions\/48358"}],"wp:attachment":[{"href":"https:\/\/www.tjes.jus.br\/corregedoria\/wp-json\/wp\/v2\/media?parent=48356"}],"wp:term":[{"taxonomy":"category","embeddable":true,"href":"https:\/\/www.tjes.jus.br\/corregedoria\/wp-json\/wp\/v2\/categories?post=48356"},{"taxonomy":"post_tag","embeddable":true,"href":"https:\/\/www.tjes.jus.br\/corregedoria\/wp-json\/wp\/v2\/tags?post=48356"}],"curies":[{"name":"wp","href":"https:\/\/api.w.org\/{rel}","templated":true}]}}