{"id":48359,"date":"2026-09-02T14:44:06","date_gmt":"2026-09-02T17:44:06","guid":{"rendered":"https:\/\/www.tjes.jus.br\/corregedoria\/?p=48359"},"modified":"2026-09-02T14:45:27","modified_gmt":"2026-09-02T17:45:27","slug":"ato-normativo-no-159-2026-disp-02-09-2026","status":"publish","type":"post","link":"https:\/\/www.tjes.jus.br\/corregedoria\/2026\/09\/02\/ato-normativo-no-159-2026-disp-02-09-2026\/","title":{"rendered":"ATO NORMATIVO N\u00ba 159\/2026 \u2013 DISP. 02\/09\/2026"},"content":{"rendered":"\n<div class=\"override-text\" align=\"center\">\n<p style=\"text-align: center;\">PODER JUDICI\u00c1RIO DO ESTADO DO ESP\u00cdRITO SANTO &#8211; PJES<\/p>\n<p style=\"text-align: center;\">RUA DESEMBARGADOR HOMERO MAFRA,60 &#8211; Bairro ENSEADA DO SU\u00c1 &#8211; CEP 29050906 &#8211; Vit\u00f3ria &#8211; ES &#8211; www.tjes.jus.br<\/p>\n<\/div>\n<p class=\"Texto_Centralizado_Maiusculas\" style=\"text-align: justify;\">\u00a0<\/p>\n<p class=\"Texto_Centralizado\" style=\"text-align: center;\"><strong>ATO NORMATIVO N\u00ba 159\/2026<\/strong><\/p>\n<p style=\"text-align: justify;\">\u00a0<\/p>\n<p class=\"Texto_Centralizado\" style=\"text-align: justify;\"><em>Define a composi\u00e7\u00e3o do N\u00facleo de Apoio T\u00e9cnico \u00e0s A\u00e7\u00f5es Ambientais (NAT-Ambiental) e designa sua coordena\u00e7\u00e3o.<\/em><\/p>\n<p style=\"text-align: justify;\">\u00a0<\/p>\n<p class=\"Texto_Justificado_Recuo_Primeira_Linha\" style=\"text-align: justify;\">A Excelent\u00edssima senhora Desembargadora Janete Vargas Sim\u00f5es, Presidente do Egr\u00e9gio Tribunal de Justi\u00e7a do Estado do Esp\u00edrito Santo, no uso de suas atribui\u00e7\u00f5es legais e regimentais,<\/p>\n<p style=\"text-align: justify;\">\u00a0<\/p>\n<p class=\"Texto_Justificado_Recuo_Primeira_Linha\" style=\"text-align: justify;\">CONSIDERANDO o <a href=\"https:\/\/www.tjes.jus.br\/corregedoria\/2026\/09\/02\/ato-normativo-no-135-2026-disp-02-09-2026\/\">Ato Normativo n\u00ba 135\/2026<\/a>, que instituiu o N\u00facleo de Apoio T\u00e9cnico \u00e0s A\u00e7\u00f5es Ambientais (NAT-Ambiental), em especial os arts. 4\u00ba, \u00a7 1\u00ba, e 5\u00ba, que atribuem \u00e0 Presid\u00eancia a defini\u00e7\u00e3o da composi\u00e7\u00e3o nominal e da coordena\u00e7\u00e3o do N\u00facleo;<\/p>\n<p style=\"text-align: justify;\">\u00a0<\/p>\n<p class=\"Texto_Justificado_Recuo_Primeira_Linha\" style=\"text-align: justify;\">CONSIDERANDO a manifesta\u00e7\u00e3o do Excelent\u00edssimo Senhor Desembargador Presidente da Comiss\u00e3o Gestora do Plano de Log\u00edstica Sustent\u00e1vel, constante do processo SEI n\u00ba 7001005-31.2026.8.08.0000;<\/p>\n<p style=\"text-align: justify;\">\u00a0<\/p>\n<p class=\"Texto_Justificado_Recuo_Primeira_Linha\" style=\"text-align: justify;\">RESOLVE:<\/p>\n<p style=\"text-align: justify;\">\u00a0<\/p>\n<p class=\"Texto_Justificado_Recuo_Primeira_Linha\" dir=\"ltr\" style=\"text-align: justify;\">Art. 1\u00ba O N\u00facleo de Apoio T\u00e9cnico \u00e0s A\u00e7\u00f5es Ambientais (NAT-Ambiental) passa a ter a seguinte composi\u00e7\u00e3o:<\/p>\n<p style=\"text-align: justify;\">\u00a0<\/p>\n<p class=\"Texto_Justificado_Recuo_Primeira_Linha\" dir=\"ltr\" style=\"text-align: justify;\">I \u2013 Juiz de Direito Carlos Magno Moulin Lima;<\/p>\n<p class=\"Texto_Justificado_Recuo_Primeira_Linha\" dir=\"ltr\" style=\"text-align: justify;\">II \u2013 Ju\u00edza de Direito Kelly Kiefer;<\/p>\n<p class=\"Texto_Justificado_Recuo_Primeira_Linha\" dir=\"ltr\" style=\"text-align: justify;\">III \u2013 servidora Grace Kelly Breda Bazilio de Souza;<\/p>\n<p class=\"Texto_Justificado_Recuo_Primeira_Linha\" dir=\"ltr\" style=\"text-align: justify;\">IV \u2013 servidor Tiago Aguiar Vilarinho.<\/p>\n<p style=\"text-align: justify;\">\u00a0<\/p>\n<p class=\"Texto_Justificado_Recuo_Primeira_Linha\" dir=\"ltr\" style=\"text-align: justify;\">Art. 2\u00ba A coordena\u00e7\u00e3o do NAT-Ambiental ser\u00e1 exercida pelo Desembargador S\u00e9rgio Ricardo de Souza, nos termos do art. 5\u00ba do Ato Normativo n\u00ba 135\/2026.<\/p>\n<p style=\"text-align: justify;\">\u00a0<\/p>\n<p class=\"Texto_Justificado_Recuo_Primeira_Linha\" dir=\"ltr\" style=\"text-align: justify;\">Art. 3\u00ba Este Ato Normativo entra em vigor na data de sua publica\u00e7\u00e3o.<\/p>\n<p style=\"text-align: justify;\">\u00a0<\/p>\n<p class=\"Texto_Justificado_Recuo_Primeira_Linha\" dir=\"ltr\" style=\"text-align: justify;\">Publique-se.<\/p>\n<p style=\"text-align: justify;\">\u00a0<\/p>\n<p style=\"text-align: justify;\">Vit\u00f3ria, 1\u00ba de setembro de 2026.<\/p>\n<p style=\"text-align: justify;\">\u00a0<\/p>\n<p style=\"text-align: justify;\">\u00a0<\/p>\n<p class=\"Texto_Centralizado\" style=\"text-align: center;\"><strong>Desembargadora JANETE VARGAS SIM\u00d5ES<\/strong><\/p>\n<p class=\"Texto_Centralizado\" style=\"text-align: center;\"><strong>Presidente<\/strong><\/p>\n","protected":false},"excerpt":{"rendered":"<p>PODER JUDICI\u00c1RIO DO ESTADO DO ESP\u00cdRITO SANTO &#8211; PJES RUA DESEMBARGADOR HOMERO MAFRA,60 &#8211; Bairro ENSEADA DO SU\u00c1 &#8211; CEP 29050906 &#8211; Vit\u00f3ria &#8211; ES &#8211; www.tjes.jus.br \u00a0 ATO NORMATIVO N\u00ba 159\/2026 \u00a0 Define a composi\u00e7\u00e3o do N\u00facleo de Apoio T\u00e9cnico \u00e0s A\u00e7\u00f5es Ambientais (NAT-Ambiental) e designa sua coordena\u00e7\u00e3o. \u00a0 A Excelent\u00edssima senhora Desembargadora Janete [&hellip;]<\/p>\n","protected":false},"author":19,"featured_media":0,"comment_status":"closed","ping_status":"closed","sticky":false,"template":"","format":"standard","meta":{"footnotes":""},"categories":[4,14],"tags":[],"_links":{"self":[{"href":"https:\/\/www.tjes.jus.br\/corregedoria\/wp-json\/wp\/v2\/posts\/48359"}],"collection":[{"href":"https:\/\/www.tjes.jus.br\/corregedoria\/wp-json\/wp\/v2\/posts"}],"about":[{"href":"https:\/\/www.tjes.jus.br\/corregedoria\/wp-json\/wp\/v2\/types\/post"}],"author":[{"embeddable":true,"href":"https:\/\/www.tjes.jus.br\/corregedoria\/wp-json\/wp\/v2\/users\/19"}],"replies":[{"embeddable":true,"href":"https:\/\/www.tjes.jus.br\/corregedoria\/wp-json\/wp\/v2\/comments?post=48359"}],"version-history":[{"count":2,"href":"https:\/\/www.tjes.jus.br\/corregedoria\/wp-json\/wp\/v2\/posts\/48359\/revisions"}],"predecessor-version":[{"id":48362,"href":"https:\/\/www.tjes.jus.br\/corregedoria\/wp-json\/wp\/v2\/posts\/48359\/revisions\/48362"}],"wp:attachment":[{"href":"https:\/\/www.tjes.jus.br\/corregedoria\/wp-json\/wp\/v2\/media?parent=48359"}],"wp:term":[{"taxonomy":"category","embeddable":true,"href":"https:\/\/www.tjes.jus.br\/corregedoria\/wp-json\/wp\/v2\/categories?post=48359"},{"taxonomy":"post_tag","embeddable":true,"href":"https:\/\/www.tjes.jus.br\/corregedoria\/wp-json\/wp\/v2\/tags?post=48359"}],"curies":[{"name":"wp","href":"https:\/\/api.w.org\/{rel}","templated":true}]}}