{"id":48368,"date":"2026-09-03T13:30:05","date_gmt":"2026-09-03T16:30:05","guid":{"rendered":"https:\/\/www.tjes.jus.br\/corregedoria\/?p=48368"},"modified":"2026-09-03T13:31:51","modified_gmt":"2026-09-03T16:31:51","slug":"portaria-no-021-2026-disp-03-09-2026","status":"publish","type":"post","link":"https:\/\/www.tjes.jus.br\/corregedoria\/2026\/09\/03\/portaria-no-021-2026-disp-03-09-2026\/","title":{"rendered":"PORTARIA N\u00ba 021\/2026 \u2013 DISP. 03\/09\/2026"},"content":{"rendered":"\n<p style=\"text-align: center;\"><strong>PODER JUDICI\u00c1RIO DO ESTADO DO ESP\u00cdRITO SANTO &#8211; PJES<\/strong><\/p>\n<p class=\"Tabela_Texto_Centralizado\" style=\"text-align: center;\"><strong>CORREGEDORIA GERAL DA\u00a0JUSTI\u00c7A<\/strong><\/p>\n<p style=\"text-align: justify;\">\u00a0<\/p>\n<p class=\"Texto_Centralizado\" style=\"text-align: center;\"><strong>PORTARIA N\u00ba 21\/2026<\/strong><\/p>\n<p style=\"text-align: justify;\">\u00a0<\/p>\n<p class=\"Texto_Justificado\" style=\"text-align: justify;\">Constitui as Comiss\u00f5es Disciplinares Permanentes (CDP) para o bi\u00eanio 2026\/2027.<\/p>\n<p style=\"text-align: justify;\">\u00a0<\/p>\n<p class=\"Texto_Justificado\" style=\"text-align: justify;\">O Desembargador\u00a0<strong>Ewerton Schwab Pinto J\u00fanior<\/strong>, Corregedor-Geral da Justi\u00e7a, no uso de suas atribui\u00e7\u00f5es legais e<\/p>\n<p style=\"text-align: justify;\">\u00a0<\/p>\n<p class=\"Texto_Justificado\" style=\"text-align: justify;\"><strong>CONSIDERANDO<\/strong>\u00a0a Resolu\u00e7\u00e3o n\u00ba 350\/2020 do Conselho Nacional de Justi\u00e7a, que estabelece diretrizes e procedimentos sobre a coopera\u00e7\u00e3o judici\u00e1ria nacional entre os \u00f3rg\u00e3os do Poder Judici\u00e1rio para a realiza\u00e7\u00e3o das atividades administrativas e o exerc\u00edcio das fun\u00e7\u00f5es jurisdicionais;<\/p>\n<p style=\"text-align: justify;\">\u00a0<\/p>\n<p class=\"Texto_Justificado\" style=\"text-align: justify;\"><strong>CONSIDERANDO<\/strong>\u00a0que a Resolu\u00e7\u00e3o n\u00ba 350\/2020 do Conselho Nacional de Justi\u00e7a prev\u00ea que a coopera\u00e7\u00e3o pode ser utilizada como instrumento de gest\u00e3o processual, permitindo a coordena\u00e7\u00e3o de fun\u00e7\u00f5es e o compartilhamento de compet\u00eancias;<\/p>\n<p style=\"text-align: justify;\">\u00a0<\/p>\n<p class=\"Texto_Justificado\" style=\"text-align: justify;\"><strong>CONSIDERANDO<\/strong>\u00a0que o Provimento Conjunto n\u00ba 1\/2021 estabelece que \u201co prazo de 2 (dois) anos de atua\u00e7\u00e3o dos membros das Comiss\u00f5es Disciplinares Permanentes \u2013 CDP coincidir\u00e1 com o bi\u00eanio de cada Corregedor-Geral da Justi\u00e7a, devendo a lista ser publicada at\u00e9 o 5\u00ba (quinto) dia \u00fatil de fevereiro do primeiro ano do bi\u00eanio administrativo\u201d;<\/p>\n<p style=\"text-align: justify;\">\u00a0<\/p>\n<p class=\"Texto_Justificado\" style=\"text-align: justify;\"><strong>CONSIDERANDO<\/strong>\u00a0a necessidade de assegurar maior celeridade e efic\u00e1cia, com controle mais r\u00edgido dos prazos, nas sindic\u00e2ncias e nos procedimentos administrativos disciplinares instaurados contra servidores p\u00fablicos e delegat\u00e1rios no \u00e2mbito do Poder Judici\u00e1rio;<\/p>\n<p style=\"text-align: justify;\">\u00a0<\/p>\n<p class=\"Texto_Justificado\" style=\"text-align: justify;\"><strong>CONSIDERANDO<\/strong>\u00a0o disposto no art. 247 da Lei Complementar Estadual n\u00ba 46\/1994, que prev\u00ea que \u201ca autoridade que tiver ci\u00eancia de irregularidade no servi\u00e7o p\u00fablico \u00e9 obrigada a promover a sua apura\u00e7\u00e3o imediata, mediante sindic\u00e2ncia ou processo administrativo-disciplinar, assegurada ao denunciado ampla defesa\u201d;<\/p>\n<p style=\"text-align: justify;\">\u00a0<\/p>\n<p class=\"Texto_Justificado\" style=\"text-align: justify;\"><strong>CONSIDERANDO<\/strong>\u00a0que, nos termos do art. 3\u00ba do Provimento Conjunto n\u00ba 001\/2021, compete ao Corregedor-Geral da Justi\u00e7a elaborar e fazer publicar a portaria contendo a composi\u00e7\u00e3o das Comiss\u00f5es Disciplinares Permanentes, indicando o seu presidente e a lista com os nomes dos servidores designados como suplentes, podendo dispensar, a qualquer tempo e motivadamente, os membros ou suplentes das respectivas comiss\u00f5es;<\/p>\n<p style=\"text-align: justify;\">\u00a0<\/p>\n<p class=\"Texto_Justificado\" style=\"text-align: justify;\"><strong>RESOLVE:<\/strong><\/p>\n<p style=\"text-align: justify;\">\u00a0<\/p>\n<p class=\"Texto_Justificado\" style=\"text-align: justify;\"><strong>Art. 1\u00ba.<\/strong>\u00a0Designar os servidores que ir\u00e3o compor as Comiss\u00f5es Disciplinares Permanentes (CDP), bem como seus suplentes, para o bi\u00eanio 2026\/2027 e que atuar\u00e3o nas Comarcas que comp\u00f5em a\u00a0<strong>6\u00aa Regi\u00e3o<\/strong>\u00a0(Colatina \u2013 sede, Baixo Guandu, Maril\u00e2ndia, S\u00e3o Domingos do Norte, Pancas e Alto Rio Novo), conforme nomes informados nos autos do Processo SEI n\u00ba\u00a0<strong>7000095-04.2026.8.08.0000<\/strong>:<\/p>\n<p style=\"text-align: justify;\">\u00a0<\/p>\n<p style=\"text-align: justify;\">\u00a0<\/p>\n<p class=\"Texto_Justificado\" style=\"text-align: justify;\"><strong>Comiss\u00e3o Disciplinar Permanente n\u00ba 01:<\/strong><\/p>\n<p class=\"Texto_Justificado\" style=\"text-align: justify;\">Edileia Maria Pereira, matr\u00edcula 4120248, Analista Judici\u00e1rio \u2013 AJ \u2013 Direito (<strong>PRESIDENTE<\/strong>);<\/p>\n<p class=\"Texto_Justificado\" style=\"text-align: justify;\">Anna Karla Campanharo Bernabe, matr\u00edcula 4099850, Analista Judici\u00e1rio \u2013 AJ \u2013 Direito;<\/p>\n<p class=\"Texto_Justificado\" style=\"text-align: justify;\">Marcelo Ferreira da Silva, matr\u00edcula 4051386, Analista Judici\u00e1rio \u2013 AJ \u2013 Comiss\u00e1rio da Inf\u00e2ncia e Juventude.<\/p>\n<p style=\"text-align: justify;\">\u00a0<\/p>\n<p style=\"text-align: justify;\">\u00a0<\/p>\n<p class=\"Texto_Justificado\" style=\"text-align: justify;\"><strong>Comiss\u00e3o Disciplinar Permanente n\u00ba 02:<\/strong><\/p>\n<p class=\"Texto_Justificado\" style=\"text-align: justify;\">Fabr\u00edcio Jacob, matr\u00edcula 4115074, Analista Judici\u00e1rio \u2013 AJ \u2013 Direito (<strong>PRESIDENTE<\/strong>);<\/p>\n<p class=\"Texto_Justificado\" style=\"text-align: justify;\">Moises Campos de S\u00e1, matr\u00edcula 410473, Analista Judici\u00e1rio Especial \u2013 AJ \u2013 Contador;<\/p>\n<p class=\"Texto_Justificado\" style=\"text-align: justify;\">Giovanna Canal de Seta, matr\u00edcula 4115830, Analista Judici\u00e1rio \u2013 AE \u2013 Servi\u00e7o Social.<\/p>\n<p style=\"text-align: justify;\">\u00a0<\/p>\n<p style=\"text-align: justify;\">\u00a0<\/p>\n<p class=\"Texto_Justificado\" style=\"text-align: justify;\"><strong>Comiss\u00e3o Disciplinar Permanente n\u00ba 03:<\/strong><\/p>\n<p class=\"Texto_Justificado\" style=\"text-align: justify;\">Elias Richa Neto, matr\u00edcula 4101758, Analista Judici\u00e1rio 01 \u2013 QS \u2013 Escrevente Juramentado (<strong>PRESIDENTE<\/strong>);<\/p>\n<p class=\"Texto_Justificado\" style=\"text-align: justify;\">Jo\u00e3o Ricardo Serafini Ribeiro, matr\u00edcula 4113918, Analista Judici\u00e1rio \u2013 AJ \u2013 Comiss\u00e1rio da Inf\u00e2ncia e Juventude;<\/p>\n<p class=\"Texto_Justificado\" style=\"text-align: justify;\">Fernanda Sabaini Dalmasio, matr\u00edcula 4115660, Analista Judici\u00e1rio \u2013 AJ \u2013 Direito.<\/p>\n<p class=\"Texto_Justificado\" style=\"text-align: justify;\"><strong>Suplentes:<\/strong><\/p>\n<p class=\"Texto_Justificado\" style=\"text-align: justify;\">Fabiano Antonio Babilon, matr\u00edcula 4119371, Analista Judici\u00e1rio \u2013 AJ \u2013 Direito;<\/p>\n<p class=\"Texto_Justificado\" style=\"text-align: justify;\">Flavio Roberto Bomfim Roldi, matr\u00edcula 4113314, Analista Judici\u00e1rio \u2013 AJ \u2013 Direito;<\/p>\n<p class=\"Texto_Justificado\" style=\"text-align: justify;\">Florinda Pancieri, matr\u00edcula 4113454, Analista Judici\u00e1rio \u2013 AJ \u2013 Direito;<\/p>\n<p class=\"Texto_Justificado\" style=\"text-align: justify;\">Joldimar Batista Alexandre, matr\u00edcula 20617146, Analista Judici\u00e1rio \u2013 AJ \u2013 Direito.<\/p>\n<p class=\"Texto_Justificado\" style=\"text-align: justify;\"><br \/>\u00a0<\/p>\n<p style=\"text-align: justify;\">\u00a0<\/p>\n<p class=\"Texto_Justificado\" style=\"text-align: justify;\"><strong>Art. 2\u00ba.<\/strong>\u00a0As comiss\u00f5es funcionar\u00e3o sempre sob a presid\u00eancia do primeiro nomeado em cada uma das Comiss\u00f5es Disciplinares Permanentes (CDP) ou por outro membro desta, respeitadas as determina\u00e7\u00f5es contidas no \u00a7 1\u00ba do art. 90 do C\u00f3digo de Normas dessa Corregedoria.<\/p>\n<p style=\"text-align: justify;\">\u00a0<\/p>\n<p class=\"Texto_Justificado\" style=\"text-align: justify;\"><strong>Art. 3\u00ba.<\/strong>\u00a0Em caso de eventual impedimento ou afastamento de qualquer membro das Comiss\u00f5es Disciplinares Permanentes (CDP), este ser\u00e1 imediatamente substitu\u00eddo por um suplente, cabendo ao magistrado de primeiro grau proceder ao sorteio e \u00e0 altera\u00e7\u00e3o, em consulta \u00e0 lista de suplentes existente.<\/p>\n<p style=\"text-align: justify;\">\u00a0<\/p>\n<p class=\"Texto_Justificado\" style=\"text-align: justify;\"><strong>Par\u00e1grafo \u00fanico.<\/strong>\u00a0A altera\u00e7\u00e3o prevista no caput ser\u00e1 realizada por meio de portaria, que dever\u00e1 ser encaminhada \u00e0 Corregedoria-Geral da Justi\u00e7a para ci\u00eancia.<\/p>\n<p style=\"text-align: justify;\">\u00a0<\/p>\n<p class=\"Texto_Justificado\" style=\"text-align: justify;\"><strong>Art. 4\u00ba.<\/strong>\u00a0Esta Portaria entra em vigor na data de sua publica\u00e7\u00e3o.<\/p>\n<p style=\"text-align: justify;\">\u00a0<\/p>\n<p class=\"Texto_Justificado\" style=\"text-align: justify;\">Publique-se. Cumpra-se.<\/p>\n<p class=\"Texto_Justificado\" style=\"text-align: justify;\"><br \/>\u00a0<\/p>\n<p class=\"Texto_Centralizado\" style=\"text-align: justify;\">Vit\u00f3ria\/ES, 28 de agosto de 2026.<\/p>\n<p class=\"Texto_Centralizado\" style=\"text-align: justify;\"><br \/>\u00a0<\/p>\n<p style=\"text-align: justify;\">\u00a0<\/p>\n<p class=\"Texto_Centralizado\" style=\"text-align: center;\"><strong>Desembargador Ewerton Schwab Pinto J\u00fanior<\/strong><br \/><strong>Corregedor-Geral da Justi\u00e7a<\/strong><\/p>\n","protected":false},"excerpt":{"rendered":"<p>PODER JUDICI\u00c1RIO DO ESTADO DO ESP\u00cdRITO SANTO &#8211; PJES CORREGEDORIA GERAL DA\u00a0JUSTI\u00c7A \u00a0 PORTARIA N\u00ba 21\/2026 \u00a0 Constitui as Comiss\u00f5es Disciplinares Permanentes (CDP) para o bi\u00eanio 2026\/2027. \u00a0 O Desembargador\u00a0Ewerton Schwab Pinto J\u00fanior, Corregedor-Geral da Justi\u00e7a, no uso de suas atribui\u00e7\u00f5es legais e \u00a0 CONSIDERANDO\u00a0a Resolu\u00e7\u00e3o n\u00ba 350\/2020 do Conselho Nacional de Justi\u00e7a, que estabelece [&hellip;]<\/p>\n","protected":false},"author":19,"featured_media":0,"comment_status":"closed","ping_status":"closed","sticky":false,"template":"","format":"standard","meta":{"footnotes":""},"categories":[14,6],"tags":[],"_links":{"self":[{"href":"https:\/\/www.tjes.jus.br\/corregedoria\/wp-json\/wp\/v2\/posts\/48368"}],"collection":[{"href":"https:\/\/www.tjes.jus.br\/corregedoria\/wp-json\/wp\/v2\/posts"}],"about":[{"href":"https:\/\/www.tjes.jus.br\/corregedoria\/wp-json\/wp\/v2\/types\/post"}],"author":[{"embeddable":true,"href":"https:\/\/www.tjes.jus.br\/corregedoria\/wp-json\/wp\/v2\/users\/19"}],"replies":[{"embeddable":true,"href":"https:\/\/www.tjes.jus.br\/corregedoria\/wp-json\/wp\/v2\/comments?post=48368"}],"version-history":[{"count":2,"href":"https:\/\/www.tjes.jus.br\/corregedoria\/wp-json\/wp\/v2\/posts\/48368\/revisions"}],"predecessor-version":[{"id":48372,"href":"https:\/\/www.tjes.jus.br\/corregedoria\/wp-json\/wp\/v2\/posts\/48368\/revisions\/48372"}],"wp:attachment":[{"href":"https:\/\/www.tjes.jus.br\/corregedoria\/wp-json\/wp\/v2\/media?parent=48368"}],"wp:term":[{"taxonomy":"category","embeddable":true,"href":"https:\/\/www.tjes.jus.br\/corregedoria\/wp-json\/wp\/v2\/categories?post=48368"},{"taxonomy":"post_tag","embeddable":true,"href":"https:\/\/www.tjes.jus.br\/corregedoria\/wp-json\/wp\/v2\/tags?post=48368"}],"curies":[{"name":"wp","href":"https:\/\/api.w.org\/{rel}","templated":true}]}}