{"id":48374,"date":"2026-09-04T18:02:11","date_gmt":"2026-09-04T21:02:11","guid":{"rendered":"https:\/\/www.tjes.jus.br\/corregedoria\/?p=48374"},"modified":"2026-09-04T18:09:47","modified_gmt":"2026-09-04T21:09:47","slug":"ato-normativo-conjunto-no-027-2026-disp-04-09-2026","status":"publish","type":"post","link":"https:\/\/www.tjes.jus.br\/corregedoria\/2026\/09\/04\/ato-normativo-conjunto-no-027-2026-disp-04-09-2026\/","title":{"rendered":"ATO NORMATIVO CONJUNTO N\u00ba 027\/2026 \u2013 DISP. 04\/09\/2026"},"content":{"rendered":"\n<div class=\"override-text\" align=\"center\">\n<p style=\"text-align: center;\">PODER JUDICI\u00c1RIO DO ESTADO DO ESP\u00cdRITO SANTO &#8211; PJES<\/p>\n<p style=\"text-align: center;\">AV. CARAPEBUS,226 &#8211; Bairro S\u00c3O GERALDO &#8211; CEP 29163269 &#8211; Serra &#8211; ES &#8211; www.tjes.jus.br<\/p>\n<\/div>\n<p class=\"Texto_Centralizado_Maiusculas\" style=\"text-align: center;\">\u00a0<\/p>\n<p class=\"Texto_Centralizado_Maiusculas\" style=\"text-align: center;\"><strong>ATO NORMATIVO CONJUNTO N\u00ba 027\/2026<\/strong><\/p>\n<p>\u00a0<\/p>\n<p class=\"Texto_Justificado\" style=\"text-align: justify;\"><em>Disp\u00f5e sobre a realiza\u00e7\u00e3o de\u00a0<strong>Audi\u00eancias Concentradas<\/strong>, relativas ao\u00a0<strong>2\u00ba Semestre\/2026<\/strong>, com o objeto de reavaliar as medidas protetivas excepcionais de acolhimento institucional determinadas nos processos de crian\u00e7as e adolescentes que se encontram em tr\u00e2mite na 1\u00aa Vara da Inf\u00e2ncia e Juventude da Serra\/ES.<\/em><\/p>\n<p style=\"text-align: justify;\">\u00a0<\/p>\n<p class=\"Texto_Justificado\" style=\"text-align: justify;\">A Excelent\u00edssima Senhora Desembargadora\u00a0<strong>JANETE VARGAS SIM\u00d5ES<\/strong>, Presidente do Tribunal de Justi\u00e7a do Estado do Esp\u00edrito Santo, e o Excelent\u00edssimo Senhor Desembargador\u00a0<strong>RAPHAEL AMERICANO C\u00c2MARA,\u00a0<\/strong>Supervisor das Varas da Inf\u00e2ncia e Juventude, no uso de suas atribui\u00e7\u00f5es legais e regimentais e,<\/p>\n<p style=\"text-align: justify;\">\u00a0<\/p>\n<p class=\"Texto_Justificado\" style=\"text-align: justify;\"><strong>CONSIDERANDO\u00a0<\/strong>o que estabelece a Lei 8.069, de 13 de julho de 1990, que trata da Prote\u00e7\u00e3o Integral \u00e0 Crian\u00e7a e ao Adolescente, sobretudo o art.19, \u00a71\u00ba, que elenca os deveres da autoridade judici\u00e1ria competente em reavaliar trimestralmente a situa\u00e7\u00e3o dos menores acolhidos em institui\u00e7\u00e3o de acolhimento.<\/p>\n<p style=\"text-align: justify;\">\u00a0<\/p>\n<p class=\"Texto_Justificado\" style=\"text-align: justify;\"><strong>CONSIDERANDO\u00a0<\/strong>o Provimento n\u00ba 118 de 29\/06\/2021, do Conselho Nacional de Justi\u00e7a &#8211; CNJ, que disp\u00f5e sobre as Audi\u00eancias Concentradas Protetivas nas Varas da Inf\u00e2ncia e Juventude visando o aprimoramento da presta\u00e7\u00e3o do servi\u00e7o judici\u00e1rio, sobretudo dos menores acolhidos.<\/p>\n<p style=\"text-align: justify;\">\u00a0<\/p>\n<p class=\"Texto_Justificado\" style=\"text-align: justify;\"><strong>CONSIDERANDO\u00a0<\/strong>a necessidade de gerenciamento e atualiza\u00e7\u00e3o do Sistema Nacional de Ado\u00e7\u00e3o e Acolhimento \u2013 SNA de forma a garantir informa\u00e7\u00f5es precisas e atualizadas, conforme estabelecido no Provimento n\u00ba 39, de 09\/12\/2019 da Corregedoria Geral de Justi\u00e7a do Estado do Esp\u00edrito Santo.<\/p>\n<p style=\"text-align: justify;\">\u00a0<\/p>\n<p class=\"Texto_Justificado\" style=\"text-align: justify;\"><strong>CONSIDERANDO\u00a0<\/strong>que o Munic\u00edpio de Serra possui o maior n\u00famero de Institui\u00e7\u00f5es Acolhedoras do Estado do Esp\u00edrito Santo, o que leva a necessidade de envolvimento de todos os servidores da 1\u00aa Vara da Inf\u00e2ncia e Juventude no aux\u00edlio ao Magistrado para a realiza\u00e7\u00e3o das Audi\u00eancias Concentradas, isso conforme preceituam os cadernos aqui elencados, sem preju\u00edzo de suas atividades rotineiras.<\/p>\n<p style=\"text-align: justify;\">\u00a0<\/p>\n<p class=\"Texto_Justificado\" style=\"text-align: justify;\"><strong>CONSIDERANDO<\/strong>\u00a0ainda a participa\u00e7\u00e3o de diferentes t\u00e9cnicos dos servi\u00e7os da rede intersetorial do Munic\u00edpio para fins de envolvimento na tomada de medidas efetivas nos processos de crian\u00e7as e adolescentes acolhidos e que se encontram em tr\u00e2mite na Vara.<\/p>\n<p style=\"text-align: justify;\">\u00a0<\/p>\n<p class=\"Texto_Justificado\" style=\"text-align: justify;\"><strong>RESOLVEM:<\/strong><\/p>\n<p style=\"text-align: justify;\">\u00a0<\/p>\n<p class=\"Texto_Justificado\" style=\"text-align: justify;\">Art. 1\u00ba &#8211; Instituir e convocar Equipe de Trabalho para atuar na\u00a0<strong>Pauta de Audi\u00eancias Concentradas, referente ao 2\u00ba Semestre\/2026<\/strong>, nos autos dos processos das crian\u00e7as e adolescentes acolhidas nas Institui\u00e7\u00f5es Acolhedoras do munic\u00edpio da Serra,\u00a0<strong>no per\u00edodo de 01\u00a0de outubro\u00a0a 16\u00a0de novembro de 2026, no hor\u00e1rio das 12h \u00e0s 18 horas<\/strong>, com a finalidade de assistir o Magistrado da Vara e a Ilustre Representante do Minist\u00e9rio P\u00fablico nas reavalia\u00e7\u00f5es das Medidas Protetivas Excepcional de Acolhimento determinadas nos autos em tr\u00e2mite no Ju\u00edzo, conforme listagem abaixo:<\/p>\n<p>\u00a0<\/p>\n<table border=\"1\" cellpadding=\"4\">\n<tbody>\n<tr>\n<td>\n<p class=\"Tabela_Texto_Centralizado\">Nome:<\/p>\n<\/td>\n<td>\n<p class=\"Tabela_Texto_Centralizado\">Cargo<\/p>\n<\/td>\n<td>\n<p class=\"Tabela_Texto_Centralizado\">Matr\u00edcula<\/p>\n<\/td>\n<\/tr>\n<tr>\n<td>\n<p class=\"Tabela_Texto_Alinhado_Esquerda\"><strong>BERNARDO ALCURI DE SOUZA<\/strong><\/p>\n<\/td>\n<td>\n<p class=\"Tabela_Texto_Centralizado\"><strong>Magistrado<\/strong><\/p>\n<\/td>\n<td>\u00a0<\/td>\n<\/tr>\n<tr>\n<td>\n<p class=\"Tabela_Texto_Alinhado_Esquerda\"><strong>DANIELA MOYSES GUEIROS<\/strong><\/p>\n<\/td>\n<td>\n<p class=\"Tabela_Texto_Centralizado\"><strong>Promotora de Justi\u00e7a<\/strong><\/p>\n<\/td>\n<td>\u00a0<\/td>\n<\/tr>\n<tr>\n<td>\n<p class=\"Tabela_Texto_Alinhado_Esquerda\">MARIA DOMINGAS MARTINS HADDAD<\/p>\n<\/td>\n<td>\n<p class=\"Tabela_Texto_Centralizado\">Analista Judici\u00e1rio Especial<\/p>\n<\/td>\n<td>\n<p class=\"Tabela_Texto_Centralizado\">20616641<\/p>\n<\/td>\n<\/tr>\n<tr>\n<td>\n<p class=\"Tabela_Texto_Alinhado_Esquerda\">ALEXANDRA MARIA ROMAN<\/p>\n<\/td>\n<td>\n<p class=\"Tabela_Texto_Centralizado\">Analista Judici\u00e1rio &#8211; Psic\u00f3loga<\/p>\n<\/td>\n<td>\n<p class=\"Tabela_Texto_Centralizado\">21007166<\/p>\n<\/td>\n<\/tr>\n<tr>\n<td>\n<p class=\"Tabela_Texto_Alinhado_Esquerda\">ANA CANDIDA FERREIRA FIGUEIREDO<\/p>\n<\/td>\n<td>\n<p class=\"Tabela_Texto_Centralizado\">Analista Judici\u00e1rio \u2013 A. Social<\/p>\n<\/td>\n<td>\n<p class=\"Tabela_Texto_Centralizado\">21006459<\/p>\n<\/td>\n<\/tr>\n<tr>\n<td>\n<p class=\"Tabela_Texto_Alinhado_Esquerda\">ANG\u00c9LICA DE SOUZA CORTES<\/p>\n<\/td>\n<td>\n<p class=\"Tabela_Texto_Centralizado\">Residente Jur\u00eddico<\/p>\n<\/td>\n<td>\n<p class=\"Tabela_Texto_Centralizado\">5236415<\/p>\n<\/td>\n<\/tr>\n<tr>\n<td>\n<p class=\"Tabela_Texto_Alinhado_Esquerda\">D\u00c9BORA MODENESI MACHADO<\/p>\n<\/td>\n<td>\n<p class=\"Tabela_Texto_Centralizado\">Assessora de Juiz<\/p>\n<\/td>\n<td>\n<p class=\"Tabela_Texto_Centralizado\">209326-00<\/p>\n<\/td>\n<\/tr>\n<tr>\n<td>\n<p class=\"Tabela_Texto_Alinhado_Esquerda\">JAQUELINE TEIXEIRA<\/p>\n<\/td>\n<td>\n<p class=\"Tabela_Texto_Centralizado\">Analista Judici\u00e1rio &#8211; Direito<\/p>\n<\/td>\n<td>\n<p class=\"Tabela_Texto_Centralizado\">20924011<\/p>\n<\/td>\n<\/tr>\n<tr>\n<td>\n<p class=\"Tabela_Texto_Alinhado_Esquerda\">JOSE PAULO MATTOS<\/p>\n<\/td>\n<td>\n<p class=\"Tabela_Texto_Centralizado\">Analista Judici\u00e1rio \u2013 Comiss\u00e1rio da Inf\u00e2ncia e Juventude<\/p>\n<\/td>\n<td>\n<p class=\"Tabela_Texto_Centralizado\">20553791<\/p>\n<\/td>\n<\/tr>\n<tr>\n<td>\n<p class=\"Tabela_Texto_Alinhado_Esquerda\">JUSSIARA DOS SANTOS MARTINS DE SOUZA<\/p>\n<\/td>\n<td>\n<p class=\"Tabela_Texto_Centralizado\">Analista Judici\u00e1rio &#8211; Direito<\/p>\n<\/td>\n<td>\n<p class=\"Tabela_Texto_Centralizado\">20816604<\/p>\n<\/td>\n<\/tr>\n<tr>\n<td>\n<p class=\"Tabela_Texto_Alinhado_Esquerda\">LUCIENE BOLZAM MACENTE<\/p>\n<\/td>\n<td>\n<p class=\"Tabela_Texto_Centralizado\">Analista Judici\u00e1rio \u2013 A. Social<\/p>\n<\/td>\n<td>\n<p class=\"Tabela_Texto_Centralizado\">21007671<\/p>\n<\/td>\n<\/tr>\n<tr>\n<td>\n<p class=\"Tabela_Texto_Alinhado_Esquerda\">PATRICIA DANTAS SILVA MAGALH\u00c3ES<\/p>\n<\/td>\n<td>\n<p class=\"Tabela_Texto_Centralizado\">Analista Judici\u00e1rio \u2013 Comiss\u00e1rio da Inf\u00e2ncia e Juventude<\/p>\n<\/td>\n<td>\n<p class=\"Tabela_Texto_Centralizado\">20858434<\/p>\n<\/td>\n<\/tr>\n<tr>\n<td>\n<p class=\"Tabela_Texto_Alinhado_Esquerda\">PATRICIA EBANI PEIXOTO<\/p>\n<\/td>\n<td>\n<p class=\"Tabela_Texto_Centralizado\">Analista Judici\u00e1rio \u2013 A. Social<\/p>\n<\/td>\n<td>\n<p class=\"Tabela_Texto_Centralizado\">20994840<\/p>\n<\/td>\n<\/tr>\n<tr>\n<td>\n<p class=\"Tabela_Texto_Alinhado_Esquerda\">PEDRO HENRIQUE BASTOS XAVIER DE SOUZA<\/p>\n<\/td>\n<td>\n<p class=\"Tabela_Texto_Centralizado\">Assessora de Juiz<\/p>\n<\/td>\n<td>\n<p class=\"Tabela_Texto_Centralizado\">5074851<\/p>\n<\/td>\n<\/tr>\n<tr>\n<td>\n<p class=\"Tabela_Texto_Alinhado_Esquerda\">SIMONE MOREIRA PIRES<\/p>\n<\/td>\n<td>\n<p class=\"Tabela_Texto_Centralizado\">Analista Judici\u00e1rio \u2013 Comiss\u00e1rio da Inf\u00e2ncia e Juventude<\/p>\n<\/td>\n<td>\n<p class=\"Tabela_Texto_Centralizado\">20582891<\/p>\n<\/td>\n<\/tr>\n<tr>\n<td>\n<p class=\"Tabela_Texto_Alinhado_Esquerda\">THAMIRES DOS SANTOS RATIS<\/p>\n<\/td>\n<td>\n<p class=\"Tabela_Texto_Centralizado\">Analista Judici\u00e1rio \u2013 A. Social<\/p>\n<\/td>\n<td>\n<p class=\"Tabela_Texto_Centralizado\">21005853<\/p>\n<\/td>\n<\/tr>\n<tr>\n<td>\n<p class=\"Tabela_Texto_Alinhado_Esquerda\">WALKIRIA DA SILVA PIRES BERMUDES<\/p>\n<\/td>\n<td>\n<p class=\"Tabela_Texto_Centralizado\">Analista Judici\u00e1rio &#8211; Psic\u00f3loga<\/p>\n<\/td>\n<td>\n<p class=\"Tabela_Texto_Centralizado\">21008277<\/p>\n<\/td>\n<\/tr>\n<\/tbody>\n<\/table>\n<p>\u00a0<\/p>\n<p class=\"Texto_Justificado\" style=\"text-align: justify;\"><br \/>Art. 2\u00ba \u2013 O Magistrado da Vara presidir\u00e1 a Equipe de Trabalho de acordo com o que preceitua o <a href=\"https:\/\/www.tjes.jus.br\/corregedoria\/2023\/03\/01\/ato-normativo-no-091-2023-disp-01-03-2023\/\">Ato Normativo n\u00ba 091\/2023.<\/a><\/p>\n<p style=\"text-align: justify;\">\u00a0<\/p>\n<p class=\"Texto_Justificado\" style=\"text-align: justify;\">Par\u00e1grafo \u00fanico: A Analista Judici\u00e1rio Especial substituir\u00e1 o Presidente da Equipe nos eventuais impedimentos quanto a interlocu\u00e7\u00e3o com os servidores e os \u00f3rg\u00e3os atuantes da rede de assist\u00eancia.<\/p>\n<p style=\"text-align: justify;\">\u00a0<\/p>\n<p class=\"Texto_Justificado\" style=\"text-align: justify;\">Art. 3\u00ba- O Grupo de Trabalho promover\u00e1 os atos executivos necess\u00e1rios \u00e0 realiza\u00e7\u00e3o das Audi\u00eancias Concentradas de acordo com o perfil de cada \u00e1rea de atua\u00e7\u00e3o, fazendo as anota\u00e7\u00f5es, atas e contatos necess\u00e1rios com as Secretarias Municipais, Conselhos Tutelares, Institui\u00e7\u00f5es de Acolhimento do Munic\u00edpio da Serra e demais \u00f3rg\u00e3os envolvidos, a ser estabelecido pelo Presidente da Equipe de Trabalho.<\/p>\n<p style=\"text-align: justify;\">\u00a0<\/p>\n<p class=\"Texto_Justificado\" style=\"text-align: justify;\">Art. 4\u00ba \u2013 O Cart\u00f3rio da Vara registrar\u00e1, em formul\u00e1rio pr\u00f3prio, o nome do servidor e o hor\u00e1rio de realiza\u00e7\u00e3o\u00a0 das horas extraordin\u00e1rias.<\/p>\n<p style=\"text-align: justify;\">\u00a0<\/p>\n<p class=\"Texto_Justificado\" style=\"text-align: justify;\">\u00a7 1\u00ba &#8211; As horas trabalhadas, al\u00e9m do expediente normal, ser\u00e3o acrescidas de 50% (cinquenta por cento), nos termos do art. 101 da Lei Complementar 46\/94.<\/p>\n<p style=\"text-align: justify;\">\u00a0<\/p>\n<p class=\"Texto_Justificado\" style=\"text-align: justify;\">\u00a7 2\u00ba &#8211; As informa\u00e7\u00f5es dever\u00e3o ser encaminhadas\u00a0\u00e0 Secretaria de Gest\u00e3o de Pessoas, no prazo de 10 (dez) dias, para as devidas anota\u00e7\u00f5es na\u00a0ficha funcional do servidor.<\/p>\n<p style=\"text-align: justify;\">\u00a0<\/p>\n<p class=\"Texto_Justificado\" style=\"text-align: justify;\">\u00a7 3\u00ba &#8211; O registro das horas servir\u00e1 para fins de\u00a0compensa\u00e7\u00e3o e gozo oportuno, condicionado \u00e0 autoriza\u00e7\u00e3o da chefia imediata e desde que n\u00e3o haja preju\u00edzo ao servi\u00e7o.<\/p>\n<p style=\"text-align: justify;\">\u00a0<\/p>\n<p class=\"Texto_Justificado\" style=\"text-align: justify;\">Art. 5\u00ba &#8211; Os servidores efetivos constantes desta Equipe de Trabalho ter\u00e3o reconhecido, para fins de promo\u00e7\u00e3o na carreira, a pontua\u00e7\u00e3o equivalente \u00e0 participa\u00e7\u00e3o em Equipe Especial de Trabalho, conforme disposto no <a href=\"https:\/\/www.tjes.jus.br\/corregedoria\/2023\/10\/05\/ato-normativo-no-504-2023-disp-05-10-2023-republicacao\/\">Ato Normativo 504\/2023<\/a>.<\/p>\n<p>\u00a0<\/p>\n<p class=\"Texto_Justificado\">Art. 6\u00ba &#8211; Este Ato Normativo entra em vigor na data de sua publica\u00e7\u00e3o. Publique-se.<\/p>\n<p>\u00a0<\/p>\n<p>Vit\u00f3ria, 03 de setembro de 2026.<\/p>\n<p>\u00a0<\/p>\n<p>\u00a0<\/p>\n<p class=\"Tabela_Texto_Centralizado\" style=\"text-align: center;\"><strong>DESEMBARGADORA JANETE VARGAS SIM\u00d5ES<\/strong><\/p>\n<p class=\"Tabela_Texto_Centralizado\" style=\"text-align: center;\"><strong>Presidente do Tribunal de Justi\u00e7a<\/strong><\/p>\n<p style=\"text-align: center;\">\u00a0<\/p>\n<p style=\"text-align: center;\">\u00a0<\/p>\n<p class=\"Tabela_Texto_Centralizado\" style=\"text-align: center;\"><strong>DESEMBARGADOR<\/strong>\u00a0<strong>RAPHAEL AMERICANO C\u00c2MARA<\/strong><\/p>\n<p class=\"Tabela_Texto_Centralizado\" style=\"text-align: center;\"><strong>Supervisor das Varas da Inf\u00e2ncia e da Juventude<\/strong><\/p>\n","protected":false},"excerpt":{"rendered":"<p>PODER JUDICI\u00c1RIO DO ESTADO DO ESP\u00cdRITO SANTO &#8211; PJES AV. CARAPEBUS,226 &#8211; Bairro S\u00c3O GERALDO &#8211; CEP 29163269 &#8211; Serra &#8211; ES &#8211; www.tjes.jus.br \u00a0 ATO NORMATIVO CONJUNTO N\u00ba 027\/2026 \u00a0 Disp\u00f5e sobre a realiza\u00e7\u00e3o de\u00a0Audi\u00eancias Concentradas, relativas ao\u00a02\u00ba Semestre\/2026, com o objeto de reavaliar as medidas protetivas excepcionais de acolhimento institucional determinadas nos processos [&hellip;]<\/p>\n","protected":false},"author":8,"featured_media":0,"comment_status":"closed","ping_status":"closed","sticky":false,"template":"","format":"standard","meta":{"footnotes":""},"categories":[4,14],"tags":[],"_links":{"self":[{"href":"https:\/\/www.tjes.jus.br\/corregedoria\/wp-json\/wp\/v2\/posts\/48374"}],"collection":[{"href":"https:\/\/www.tjes.jus.br\/corregedoria\/wp-json\/wp\/v2\/posts"}],"about":[{"href":"https:\/\/www.tjes.jus.br\/corregedoria\/wp-json\/wp\/v2\/types\/post"}],"author":[{"embeddable":true,"href":"https:\/\/www.tjes.jus.br\/corregedoria\/wp-json\/wp\/v2\/users\/8"}],"replies":[{"embeddable":true,"href":"https:\/\/www.tjes.jus.br\/corregedoria\/wp-json\/wp\/v2\/comments?post=48374"}],"version-history":[{"count":4,"href":"https:\/\/www.tjes.jus.br\/corregedoria\/wp-json\/wp\/v2\/posts\/48374\/revisions"}],"predecessor-version":[{"id":48386,"href":"https:\/\/www.tjes.jus.br\/corregedoria\/wp-json\/wp\/v2\/posts\/48374\/revisions\/48386"}],"wp:attachment":[{"href":"https:\/\/www.tjes.jus.br\/corregedoria\/wp-json\/wp\/v2\/media?parent=48374"}],"wp:term":[{"taxonomy":"category","embeddable":true,"href":"https:\/\/www.tjes.jus.br\/corregedoria\/wp-json\/wp\/v2\/categories?post=48374"},{"taxonomy":"post_tag","embeddable":true,"href":"https:\/\/www.tjes.jus.br\/corregedoria\/wp-json\/wp\/v2\/tags?post=48374"}],"curies":[{"name":"wp","href":"https:\/\/api.w.org\/{rel}","templated":true}]}}