{"id":48381,"date":"2026-09-04T18:05:22","date_gmt":"2026-09-04T21:05:22","guid":{"rendered":"https:\/\/www.tjes.jus.br\/corregedoria\/?p=48381"},"modified":"2026-09-04T18:06:14","modified_gmt":"2026-09-04T21:06:14","slug":"ato-normativo-no-161-2026-disp-04-09-2026","status":"publish","type":"post","link":"https:\/\/www.tjes.jus.br\/corregedoria\/2026\/09\/04\/ato-normativo-no-161-2026-disp-04-09-2026\/","title":{"rendered":"ATO NORMATIVO N\u00ba 161\/2026 \u2013 DISP. 04\/09\/2026"},"content":{"rendered":"\n<p align=\"center\"><strong>PODER JUDICI\u00c1RIO DO ESTADO DO ESP\u00cdRITO SANTO &#8211; PJES<\/strong><\/p>\n<p align=\"center\">RUA DESEMBARGADOR HOMERO MAFRA,60 &#8211; Bairro ENSEADA DO SU\u00c1 &#8211; CEP 29050906 &#8211; Vit\u00f3ria &#8211; ES &#8211;\u00a0<a href=\"https:\/\/www.tjes.jus.br\/\">www.tjes.jus.br<\/a><\/p>\n<p>\u00a0<\/p>\n<p>\u00a0<\/p>\n<p>\u00a0<\/p>\n<p align=\"center\"><strong>ATO NORMATIVO N\u00ba\u00a0<\/strong><strong>161<\/strong><strong>\/2026<\/strong><\/p>\n<p>\u00a0<\/p>\n<p>\u00a0<\/p>\n<p align=\"justify\">\u00a0<\/p>\n<p align=\"justify\"><strong>A PRESIDENTE DO TRIBUNAL DE JUSTI\u00c7A DO ESTADO DO ESP\u00cdRITO SANTO<\/strong>, no uso de suas atribui\u00e7\u00f5es legais e regimentais, e<\/p>\n<p>\u00a0<\/p>\n<p>\u00a0<\/p>\n<p align=\"justify\"><strong>CONSIDERANDO<\/strong>\u00a0a solicita\u00e7\u00e3o formulada pelo Juiz de Direito Diretor do Foro da Comarca Regional de Itapemirim e Marata\u00edzes, por meio do Of\u00edcio n\u00ba 56\/2026, no Processo\u00a0<strong>SEI n\u00ba 7000056-91.2026.8.08.0069<\/strong>;<\/p>\n<p>\u00a0<\/p>\n<p>\u00a0<\/p>\n<p align=\"justify\"><strong>CONSIDERANDO<\/strong>\u00a0a necessidade de continuidade das obras de manuten\u00e7\u00e3o da fachada e de substitui\u00e7\u00e3o das caixas de ar-condicionado do F\u00f3rum Juiz Jos\u00e9 Pinheiro Monteiro, em Marata\u00edzes, previstas no Contrato CF014\/2023 e na Ordem de Servi\u00e7o OM S482314;<\/p>\n<p>\u00a0<\/p>\n<p>\u00a0<\/p>\n<p align=\"justify\"><strong>CONSIDERANDO<\/strong>\u00a0que a execu\u00e7\u00e3o dos servi\u00e7os gera poeira, ru\u00eddo e retirada dos equipamentos de climatiza\u00e7\u00e3o, inviabilizando a perman\u00eancia f\u00edsica e o atendimento presencial no local;<\/p>\n<p>\u00a0<\/p>\n<p>\u00a0<\/p>\n<p align=\"justify\"><strong>CONSIDERANDO<\/strong>\u00a0a necessidade de assegurar a continuidade da presta\u00e7\u00e3o jurisdicional, especialmente o processamento dos feitos e a aprecia\u00e7\u00e3o das medidas urgentes por meio do sistema PJe e dos canais virtuais de atendimento;<\/p>\n<p>\u00a0<\/p>\n<p>\u00a0<\/p>\n<p align=\"justify\"><strong>CONSIDERANDO<\/strong>\u00a0o disposto no art. 14, inciso I, do Ato Normativo n\u00ba 275\/2025,<\/p>\n<p>\u00a0<\/p>\n<p>\u00a0<\/p>\n<p align=\"justify\"><strong>RESOLVE:<\/strong><\/p>\n<p>\u00a0<\/p>\n<p>\u00a0<\/p>\n<p align=\"justify\"><strong>Art. 1\u00ba.<\/strong>Fica prorrogada a suspens\u00e3o do expediente forense presencial no F\u00f3rum Juiz Jos\u00e9 Pinheiro Monteiro, na Comarca de Marata\u00edzes,\u00a0<strong>no per\u00edodo de\u00a031 de agosto a 4 de setembro de 2026.<\/strong><\/p>\n<p>\u00a0<\/p>\n<p>\u00a0<\/p>\n<p align=\"justify\"><strong>Art.\u00a02\u00ba.\u00a0<\/strong>Fica mantido o regime de trabalho remoto integral para magistrados, servidores e estagi\u00e1rios lotados na Comarca de Marata\u00edzes durante o per\u00edodo previsto no art. 1\u00ba.<\/p>\n<p>\u00a0<\/p>\n<p>\u00a0<\/p>\n<p align=\"justify\"><strong>Par\u00e1grafo \u00fanico.<\/strong>\u00a0O regime de trabalho remoto n\u00e3o obsta o regular processamento dos feitos, a pr\u00e1tica dos atos processuais por meio do sistema Processo Judicial Eletr\u00f4nico \u2014 PJe e a aprecia\u00e7\u00e3o c\u00e9lere das medidas urgentes.<\/p>\n<p>\u00a0<\/p>\n<p>\u00a0<\/p>\n<p align=\"justify\"><strong>Art. 3\u00ba.<\/strong>\u00a0As audi\u00eancias eventualmente designadas para o per\u00edodo referido no art. 1\u00ba dever\u00e3o ser realizadas, preferencialmente, em formato telepresencial ou virtual.<\/p>\n<p>\u00a0<\/p>\n<p>\u00a0<\/p>\n<p align=\"justify\"><strong>Art. 4\u00ba.<\/strong>\u00a0O atendimento ao p\u00fablico, aos advogados, aos defensores p\u00fablicos e aos membros do Minist\u00e9rio P\u00fablico ser\u00e1 assegurado pelos canais eletr\u00f4nicos institucionais, especialmente o Balc\u00e3o Virtual, os e-mails e os telefones oficiais da unidade.<\/p>\n<p>\u00a0<\/p>\n<p>\u00a0<\/p>\n<p style=\"text-align: justify;\" align=\"justify\"><strong>Art.\u00a05\u00ba.\u00a0<\/strong>Ficam mantidos os servidores e estagi\u00e1rios da Comarca de Marata\u00edzes dispensados da marca\u00e7\u00e3o do ponto eletr\u00f4nico durante o per\u00edodo de 31 de agosto a 4 de setembro de 2026, nos termos do art. 14, inciso I, do <a href=\"https:\/\/www.tjes.jus.br\/corregedoria\/2025\/09\/30\/ato-normativo-no-275-2025-disp-30-09-2025\/\">Ato Normativo n\u00ba 275\/2025.<\/a><\/p>\n<p>\u00a0<\/p>\n<p>\u00a0<\/p>\n<p align=\"justify\"><strong>Art. 6\u00ba<\/strong>\u00a0Este Ato Normativo entra em vigor na data de sua publica\u00e7\u00e3o.<\/p>\n<p>\u00a0<\/p>\n<p>\u00a0<\/p>\n<p align=\"justify\">Publique-se.<\/p>\n<p>\u00a0<\/p>\n<p>\u00a0<\/p>\n<p align=\"justify\">Vit\u00f3ria\/ES, 02 de setembro de 2026.<\/p>\n<p align=\"justify\">\u00a0<\/p>\n<p>\u00a0<\/p>\n<p>\u00a0<\/p>\n<p align=\"center\"><strong>Desembargadora\u00a0Janete Vargas Sim\u00f5es<\/strong><\/p>\n<p align=\"center\"><strong>Presidente\u00a0do Tribunal de Justi\u00e7a do Estado do Esp\u00edrito Santo<\/strong><\/p>\n","protected":false},"excerpt":{"rendered":"<p>PODER JUDICI\u00c1RIO DO ESTADO DO ESP\u00cdRITO SANTO &#8211; PJES RUA DESEMBARGADOR HOMERO MAFRA,60 &#8211; Bairro ENSEADA DO SU\u00c1 &#8211; CEP 29050906 &#8211; Vit\u00f3ria &#8211; ES &#8211;\u00a0www.tjes.jus.br \u00a0 \u00a0 \u00a0 ATO NORMATIVO N\u00ba\u00a0161\/2026 \u00a0 \u00a0 \u00a0 A PRESIDENTE DO TRIBUNAL DE JUSTI\u00c7A DO ESTADO DO ESP\u00cdRITO SANTO, no uso de suas atribui\u00e7\u00f5es legais e regimentais, e [&hellip;]<\/p>\n","protected":false},"author":8,"featured_media":0,"comment_status":"closed","ping_status":"closed","sticky":false,"template":"","format":"standard","meta":{"footnotes":""},"categories":[4,14],"tags":[],"_links":{"self":[{"href":"https:\/\/www.tjes.jus.br\/corregedoria\/wp-json\/wp\/v2\/posts\/48381"}],"collection":[{"href":"https:\/\/www.tjes.jus.br\/corregedoria\/wp-json\/wp\/v2\/posts"}],"about":[{"href":"https:\/\/www.tjes.jus.br\/corregedoria\/wp-json\/wp\/v2\/types\/post"}],"author":[{"embeddable":true,"href":"https:\/\/www.tjes.jus.br\/corregedoria\/wp-json\/wp\/v2\/users\/8"}],"replies":[{"embeddable":true,"href":"https:\/\/www.tjes.jus.br\/corregedoria\/wp-json\/wp\/v2\/comments?post=48381"}],"version-history":[{"count":3,"href":"https:\/\/www.tjes.jus.br\/corregedoria\/wp-json\/wp\/v2\/posts\/48381\/revisions"}],"predecessor-version":[{"id":48384,"href":"https:\/\/www.tjes.jus.br\/corregedoria\/wp-json\/wp\/v2\/posts\/48381\/revisions\/48384"}],"wp:attachment":[{"href":"https:\/\/www.tjes.jus.br\/corregedoria\/wp-json\/wp\/v2\/media?parent=48381"}],"wp:term":[{"taxonomy":"category","embeddable":true,"href":"https:\/\/www.tjes.jus.br\/corregedoria\/wp-json\/wp\/v2\/categories?post=48381"},{"taxonomy":"post_tag","embeddable":true,"href":"https:\/\/www.tjes.jus.br\/corregedoria\/wp-json\/wp\/v2\/tags?post=48381"}],"curies":[{"name":"wp","href":"https:\/\/api.w.org\/{rel}","templated":true}]}}