{"id":4876,"date":"2016-08-16T15:40:18","date_gmt":"2016-08-16T18:40:18","guid":{"rendered":"https:\/\/www.tjes.jus.br\/corregedoria\/?p=4876"},"modified":"2017-11-14T14:16:58","modified_gmt":"2017-11-14T16:16:58","slug":"provimento-no-022014-disp-28012014","status":"publish","type":"post","link":"https:\/\/www.tjes.jus.br\/corregedoria\/2016\/08\/16\/provimento-no-022014-disp-28012014\/","title":{"rendered":"PROVIMENTO CGJES N\u00ba 02\/2014 &#8211; DISP. 28\/01\/2014"},"content":{"rendered":"<p style=\"text-align: center;\"><strong>ESTADO DO ESP\u00cdRITO SANTO<\/strong><\/p>\n<p style=\"text-align: center;\"><strong>PODER JUDICI\u00c1RIO<\/strong><\/p>\n<p style=\"text-align: center;\"><strong>CORREGEDORIA-GERAL DA JUSTI\u00c7A<\/strong><\/p>\n<p style=\"text-align: center;\"><strong>PROVIMENTO N\u00ba 002\/2014\u00a0<a href=\"https:\/\/www.tjes.jus.br\/corregedoria\/wp-content\/uploads\/2016\/08\/Provimento_02-2014.pdf\">(CLIQUE AQUI)<\/a><\/strong><\/p>\n<p style=\"text-align: center;\">Altera o arquivo de remessa XML do SELO DIGITAL incluindo a informa\u00e7\u00e3o da data do apontamento para atos de protesto de t\u00edtulos.<\/p>\n<h2 style=\"text-align: center;\"><span style=\"color: #ff0000;\">REPUBLICADO EM 27\/02\/2014 \/\u00a0<\/span><span style=\"color: #ff0000;\">REPUBLICADO EM 27\/03\/2014 \/\u00a0<\/span><span style=\"color: #ff0000;\">REPUBLICADO EM 29\/04\/2014 \/\u00a0<\/span><span style=\"color: #ff0000;\">REPUBLICADO EM 27\/05\/2014 \/\u00a0<\/span><span style=\"color: #ff0000;\">REPUBLICADO EM 27\/06\/2014 \/\u00a0<\/span><span style=\"color: #ff0000;\">REPUBLICADO EM 28\/07\/2014 \/\u00a0<\/span><span style=\"color: #ff0000;\">REPUBLICADO EM 27\/08\/2014 \/\u00a0<\/span><span style=\"color: #ff0000;\">REPUBLICADO EM 29\/09\/2014\u00a0<\/span><\/h2>\n","protected":false},"excerpt":{"rendered":"<p>ESTADO DO ESP\u00cdRITO SANTO PODER JUDICI\u00c1RIO CORREGEDORIA-GERAL DA JUSTI\u00c7A PROVIMENTO N\u00ba 002\/2014\u00a0(CLIQUE AQUI) Altera o arquivo de remessa XML do SELO DIGITAL incluindo a informa\u00e7\u00e3o da data do apontamento para atos de protesto de t\u00edtulos. REPUBLICADO EM 27\/02\/2014 \/\u00a0REPUBLICADO EM 27\/03\/2014 \/\u00a0REPUBLICADO EM 29\/04\/2014 \/\u00a0REPUBLICADO EM 27\/05\/2014 \/\u00a0REPUBLICADO EM 27\/06\/2014 \/\u00a0REPUBLICADO EM 28\/07\/2014 \/\u00a0REPUBLICADO EM [&hellip;]<\/p>\n","protected":false},"author":1,"featured_media":0,"comment_status":"open","ping_status":"open","sticky":false,"template":"","format":"standard","meta":{"footnotes":""},"categories":[14,16],"tags":[],"_links":{"self":[{"href":"https:\/\/www.tjes.jus.br\/corregedoria\/wp-json\/wp\/v2\/posts\/4876"}],"collection":[{"href":"https:\/\/www.tjes.jus.br\/corregedoria\/wp-json\/wp\/v2\/posts"}],"about":[{"href":"https:\/\/www.tjes.jus.br\/corregedoria\/wp-json\/wp\/v2\/types\/post"}],"author":[{"embeddable":true,"href":"https:\/\/www.tjes.jus.br\/corregedoria\/wp-json\/wp\/v2\/users\/1"}],"replies":[{"embeddable":true,"href":"https:\/\/www.tjes.jus.br\/corregedoria\/wp-json\/wp\/v2\/comments?post=4876"}],"version-history":[{"count":9,"href":"https:\/\/www.tjes.jus.br\/corregedoria\/wp-json\/wp\/v2\/posts\/4876\/revisions"}],"predecessor-version":[{"id":20986,"href":"https:\/\/www.tjes.jus.br\/corregedoria\/wp-json\/wp\/v2\/posts\/4876\/revisions\/20986"}],"wp:attachment":[{"href":"https:\/\/www.tjes.jus.br\/corregedoria\/wp-json\/wp\/v2\/media?parent=4876"}],"wp:term":[{"taxonomy":"category","embeddable":true,"href":"https:\/\/www.tjes.jus.br\/corregedoria\/wp-json\/wp\/v2\/categories?post=4876"},{"taxonomy":"post_tag","embeddable":true,"href":"https:\/\/www.tjes.jus.br\/corregedoria\/wp-json\/wp\/v2\/tags?post=4876"}],"curies":[{"name":"wp","href":"https:\/\/api.w.org\/{rel}","templated":true}]}}