{"id":4931,"date":"2016-08-16T16:45:27","date_gmt":"2016-08-16T19:45:27","guid":{"rendered":"https:\/\/www.tjes.jus.br\/corregedoria\/?p=4931"},"modified":"2017-10-26T13:17:50","modified_gmt":"2017-10-26T15:17:50","slug":"provimento-no-132014-disp-30092014","status":"publish","type":"post","link":"https:\/\/www.tjes.jus.br\/corregedoria\/2016\/08\/16\/provimento-no-132014-disp-30092014\/","title":{"rendered":"PROVIMENTO CGJES N\u00ba 13\/2014 &#8211; DISP. 30\/09\/2014"},"content":{"rendered":"<p align=\"center\"><strong>Poder Judici\u00e1rio<\/strong><\/p>\n<p align=\"center\"><strong>TRIBUNAL DE JUSTI\u00c7A DO Estado do Esp\u00edrito Santo<\/strong><\/p>\n<p align=\"center\"><strong>Corregedoria Geral da Justi\u00e7a<\/strong><\/p>\n<p align=\"center\"><strong>\u00a0<\/strong><strong>PROVIMENTO n\u00ba 13\/2014-CGJ<\/strong><\/p>\n<p style=\"text-align: justify;\"><em>Altera a reda\u00e7\u00e3o do artigo 4\u00ba do Provimento CGJES n.\u00ba 41\/2013.<\/em><\/p>\n<p style=\"text-align: justify;\">O <strong>Excelent\u00edssimo Senhor Desembargador CARLOS ROBERTO MIGNONE,\u00a0<\/strong><strong>Corregedor-Geral da Justi\u00e7a do Estado do Esp\u00edrito Santo,<\/strong> no uso de suas atribui\u00e7\u00f5es legais e,<\/p>\n<p style=\"text-align: justify;\"><strong>CONSIDERANDO<\/strong> ser a Corregedoria Geral da Justi\u00e7a \u00f3rg\u00e3o de fiscaliza\u00e7\u00e3o, disciplina e orienta\u00e7\u00e3o administrativa com jurisdi\u00e7\u00e3o em todo o Estado, conforme artigo 35 da Lei Complementar Estadual n\u00ba 234\/02.<\/p>\n<p style=\"text-align: justify;\"><strong>CONSIDERANDO<\/strong> os requerimentos formulados nos expedientes administrativos n.\u00ba 201400761649 e n.\u00ba 201400440775, respectivamente, pelo Sindicato dos Not\u00e1rios e Registradores do Esp\u00edrito Santo &#8211; SINOREG-ES &#8211; e por Lucy de Oliveira Ruy &#8211; Tabeli\u00e3 e Registradora Civil da Sede de Vila Velha.<\/p>\n<p style=\"text-align: justify;\"><strong>CONSIDERANDO<\/strong> as informa\u00e7\u00f5es prestadas por 146 (cento e quarenta e seis) respons\u00e1veis pelos Cart\u00f3rios de Registro Civil de Pessoas Naturais do Estado do Esp\u00edrito Santo, dentre os quais a maioria necessita de prorroga\u00e7\u00e3o de prazo para o envio \u00e0\u00a0 Central de Informa\u00e7\u00e3o de Registro Civil dos dados registrais a partir de 1\u00ba de janeiro de 1976 (alguns em raz\u00e3o do grande volume de dados a ser carregado, outros em virtude da situa\u00e7\u00e3o deficit\u00e1ria da serventia para contrata\u00e7\u00e3o de outros profissionais para cumprimento das disposi\u00e7\u00f5es do <a href=\"https:\/\/www.tjes.jus.br\/corregedoria\/2016\/10\/07\/provimento-no-412013-disp-28052013\/\" target=\"_blank\" rel=\"noopener\">Provimento CGJES n.\u00ba 41\/2013<\/a>).<\/p>\n<p style=\"text-align: justify;\"><strong>CONSIDERANDO<\/strong> que a atual reda\u00e7\u00e3o do \u00a7 3\u00ba do artigo 4\u00ba do <a href=\"https:\/\/www.tjes.jus.br\/corregedoria\/2016\/10\/07\/provimento-no-412013-disp-28052013\/\" target=\"_blank\" rel=\"noopener\">Provimento CGJES n.\u00ba 41\/2013<\/a> disp\u00f5e que: <i>\u201cna hip\u00f3tese de descumprimento do termo final estabelecido no caput, em virtude do volume descomunal de registros existentes no acervo ou outro motivo imperioso e incontorn\u00e1vel, mediante prova id\u00f4nea da causa impeditiva, ser\u00e1 poss\u00edvel a concess\u00e3o \u00e0 serventia extrajudicial de uma \u00fanica prorroga\u00e7\u00e3o de prazo, a qual n\u00e3o ultrapassar\u00e1 a data-limite de 31 de dezembro de 2014\u201d.<\/i><\/p>\n<p style=\"text-align: justify;\"><strong>CONSIDERANDO<\/strong> que at\u00e9 a presente data o Cart\u00f3rio de Registro Civil e Tabelionato de Notas do Distrito de Crubix\u00e1 &#8211; Comarca de Alfredo Chaves (CNS n.\u00ba 02.196-4), o Cart\u00f3rio de Registro Civil e Tabelionato de Notas do Distrito de Ur\u00e2nia &#8211; Comarca de Alfredo Chaves (CNS n.\u00ba 02.264-0), o Cart\u00f3rio de Registro Civil e Tabelionato de Notas do Distrito de Pacotuba &#8211; Comarca de Cachoeiro de Itapemirim (CNS n.\u00ba 02.424-0) e o Cart\u00f3rio de Registro Civil e Tabelionato de Notas do Distrito de Princesa &#8211; Comarca de Rio Novo do Sul (CNS n.\u00ba 02.429-9) n\u00e3o foram cadastrados na Central de Informa\u00e7\u00f5es de Registro Civil &#8211; CRC.<\/p>\n<p style=\"text-align: justify;\"><strong>CONSIDERANDO<\/strong> a publica\u00e7\u00e3o do <a href=\"https:\/\/www.tjes.jus.br\/corregedoria\/index.php\/2016\/08\/16\/provimento-cnj-no-382014-30092014\/\" target=\"_blank\" rel=\"noopener\">Provimento n.\u00ba 38\/2014, pela Corregedoria Nacional de Justi\u00e7a<\/a>, que instituiu a implanta\u00e7\u00e3o, em todo Brasil, da CRC.<\/p>\n<p style=\"text-align: justify;\"><strong>RESOLVE<\/strong>:<\/p>\n<p style=\"text-align: justify;\"><strong>Art. 1\u00ba<\/strong> O artigo 4\u00ba, <i>caput<\/i>, do<a href=\"https:\/\/www.tjes.jus.br\/corregedoria\/index.php\/2016\/10\/07\/provimento-no-412013-disp-28052013\/\" target=\"_blank\" rel=\"noopener\"> Provimento CGJES n.\u00ba 41\/2013<\/a> passa a vigorar com as seguintes altera\u00e7\u00f5es:<\/p>\n<p style=\"text-align: justify; padding-left: 30px;\">\u201cArt. 4\u00ba Todos os Registradores Civis de Pessoas Naturais do Esp\u00edrito Santo dever\u00e3o inserir no banco de dados da CRC as informa\u00e7\u00f5es referentes aos registros lavrados desde 1\u00ba de janeiro de 1976, devendo a carga de todo o acervo estar integralmente conclu\u00edda:<br \/>\nI) At\u00e9 31 (trinta e um) de dezembro de 2014, para todas as unidades que, em 17\/09\/2014, j\u00e1 se encontram em opera\u00e7\u00e3o no sistema (listagem em anexo).<br \/>\nII) At\u00e9 31 (trinta e um) de janeiro de 2015, para as unidades classificadas no M\u00f3dulo de Correi\u00e7\u00e3o <i>online<\/i>, em 17\/09\/2014, como \u201cFora do Sistema\u201d e \u201cSem Carga\u201d (listagens em anexo).<br \/>\nIII) At\u00e9 28 (vinte e oito) de fevereiro de 2015, para os Cart\u00f3rios de Registro Civil e Tabelionato de Notas dos Distritos de: Crubix\u00e1 e Uri\u00e2nia (ambos da Comarca de Alfredo Chaves), Pacotuba (Comarca de Cachoeiro de Itapemirim) e Princesa (Comarca de Rio Novo do Sul), que ser\u00e3o cadastrados na CRC.<\/p>\n<p style=\"text-align: justify;\"><strong>Art. 2\u00ba<\/strong> Ficam revogados os par\u00e1grafos 1\u00ba, 2\u00ba e 3\u00ba, do artigo 4\u00ba, renumerando-se o \u00a74\u00ba, do mesmo artigo, que passar\u00e1 a ser \u00a7 1\u00ba.<\/p>\n<p style=\"text-align: justify;\"><strong>Art. 3\u00ba <\/strong>Este provimento entra em vigor na data da sua publica\u00e7\u00e3o.<\/p>\n<p style=\"text-align: justify;\"><strong>Publique-se, com os anexos. Registre-se. Cumpra-se.<\/strong><\/p>\n<p style=\"text-align: justify;\">Vit\u00f3ria\/ES, 17 de setembro de 2014.<\/p>\n<p style=\"text-align: center;\"><strong>CARLOS ROBERTO MIGNONE<br \/>\n<\/strong><strong>Corregedor-Geral da Justi\u00e7a<\/strong><\/p>\n","protected":false},"excerpt":{"rendered":"<p>Poder Judici\u00e1rio TRIBUNAL DE JUSTI\u00c7A DO Estado do Esp\u00edrito Santo Corregedoria Geral da Justi\u00e7a \u00a0PROVIMENTO n\u00ba 13\/2014-CGJ Altera a reda\u00e7\u00e3o do artigo 4\u00ba do Provimento CGJES n.\u00ba 41\/2013. O Excelent\u00edssimo Senhor Desembargador CARLOS ROBERTO MIGNONE,\u00a0Corregedor-Geral da Justi\u00e7a do Estado do Esp\u00edrito Santo, no uso de suas atribui\u00e7\u00f5es legais e, CONSIDERANDO ser a Corregedoria Geral da [&hellip;]<\/p>\n","protected":false},"author":1,"featured_media":0,"comment_status":"open","ping_status":"open","sticky":false,"template":"","format":"standard","meta":{"footnotes":""},"categories":[14,16],"tags":[],"_links":{"self":[{"href":"https:\/\/www.tjes.jus.br\/corregedoria\/wp-json\/wp\/v2\/posts\/4931"}],"collection":[{"href":"https:\/\/www.tjes.jus.br\/corregedoria\/wp-json\/wp\/v2\/posts"}],"about":[{"href":"https:\/\/www.tjes.jus.br\/corregedoria\/wp-json\/wp\/v2\/types\/post"}],"author":[{"embeddable":true,"href":"https:\/\/www.tjes.jus.br\/corregedoria\/wp-json\/wp\/v2\/users\/1"}],"replies":[{"embeddable":true,"href":"https:\/\/www.tjes.jus.br\/corregedoria\/wp-json\/wp\/v2\/comments?post=4931"}],"version-history":[{"count":7,"href":"https:\/\/www.tjes.jus.br\/corregedoria\/wp-json\/wp\/v2\/posts\/4931\/revisions"}],"predecessor-version":[{"id":20517,"href":"https:\/\/www.tjes.jus.br\/corregedoria\/wp-json\/wp\/v2\/posts\/4931\/revisions\/20517"}],"wp:attachment":[{"href":"https:\/\/www.tjes.jus.br\/corregedoria\/wp-json\/wp\/v2\/media?parent=4931"}],"wp:term":[{"taxonomy":"category","embeddable":true,"href":"https:\/\/www.tjes.jus.br\/corregedoria\/wp-json\/wp\/v2\/categories?post=4931"},{"taxonomy":"post_tag","embeddable":true,"href":"https:\/\/www.tjes.jus.br\/corregedoria\/wp-json\/wp\/v2\/tags?post=4931"}],"curies":[{"name":"wp","href":"https:\/\/api.w.org\/{rel}","templated":true}]}}