{"id":4957,"date":"2016-08-16T17:15:29","date_gmt":"2016-08-16T20:15:29","guid":{"rendered":"https:\/\/www.tjes.jus.br\/corregedoria\/?p=4957"},"modified":"2017-09-14T16:02:11","modified_gmt":"2017-09-14T19:02:11","slug":"provimento-no-182014-04122014","status":"publish","type":"post","link":"https:\/\/www.tjes.jus.br\/corregedoria\/2016\/08\/16\/provimento-no-182014-04122014\/","title":{"rendered":"PROVIMENTO CGJES N\u00ba 18\/2014 &#8211; DISP. 04\/12\/2014"},"content":{"rendered":"<p align=\"CENTER\"><strong>PODER JUDICI\u00c1RIO<\/strong><\/p>\n<p align=\"CENTER\"><strong>TRIBUNAL DE JUSTI\u00c7A DO E. DO ESP\u00cdRITO SANTO<\/strong><\/p>\n<p align=\"CENTER\"><strong>CORREGEDORIA GERAL DA JUSTI\u00c7A<\/strong><\/p>\n<p align=\"CENTER\"><strong>PROVIMENTO CGJ\/ES n\u00ba 18\/2014<\/strong><\/p>\n<p align=\"JUSTIFY\"><em>Altera a reda\u00e7\u00e3o do art. 716, do C\u00f3digo de Normas da Corregedoria Geral da Justi\u00e7a do Estado do Esp\u00edrito Santo.<\/em><\/p>\n<p align=\"JUSTIFY\">O <strong>Corregedor-Geral da Justi\u00e7a do Estado do Esp\u00edrito Santo,<\/strong> no uso de suas atribui\u00e7\u00f5es legais e<\/p>\n<p align=\"JUSTIFY\"><strong>Considerando<\/strong> que a Corregedoria Geral da Justi\u00e7a \u00e9 \u00f3rg\u00e3o de fiscaliza\u00e7\u00e3o e orienta\u00e7\u00e3o administrativa, judicial e disciplinar, com jurisdi\u00e7\u00e3o em todo o Estado do Esp\u00edrito Santo, nos termos do artigo 35, <i>caput<\/i>, da Lei Complementar Estadual n.\u00ba 234\/2002 (C\u00f3digo de Organiza\u00e7\u00e3o Judici\u00e1ria);<\/p>\n<p align=\"JUSTIFY\"><span lang=\"pt-BR\"><strong>Considerado<\/strong><\/span><span lang=\"pt-BR\"> ser o C\u00f3digo de Normas a principal ferramenta de que disp\u00f5e a Corregedoria Geral a Justi\u00e7a para uniformizar a orienta\u00e7\u00e3o administrativa do foro judicial e extrajudicial em todo o Estado, sendo imperioso e necess\u00e1rio o constante aprimoramento das diversas disposi\u00e7\u00f5es nele contidas;<\/span><\/p>\n<p align=\"JUSTIFY\"><strong>CONSIDERANDO<\/strong> a necessidade de melhor interpreta\u00e7\u00e3o das regras insertas na Lei Federal n\u00ba 11.441\/2007, no que tange \u00e0 proposta de desjudicializa\u00e7\u00e3o por interm\u00e9dio da lavratura de escrituras de separa\u00e7\u00e3o, div\u00f3rcio, e convers\u00e3o de separa\u00e7\u00e3o em div\u00f3rcio consensuais, o que, inclusive, possibilita dar maior celeridade ao procedimento de dissolu\u00e7\u00e3o dos v\u00ednculos conjugais;<\/p>\n<p align=\"JUSTIFY\"><strong>CONSIDERANDO<\/strong> a proposta apresentada, em conjunto, pela Associa\u00e7\u00e3o dos Not\u00e1rios e Registradores do Estado do Esp\u00edrito Santo &#8211; ANOREG-ES, pelo Sindicato dos Not\u00e1rios e Registradores do Estado do Esp\u00edrito Santo &#8211; SINOREG-ES e pelo Col\u00e9gio Notarial do Brasil &#8211; Se\u00e7\u00e3o do Esp\u00edrito Santo<\/p>\n<p align=\"JUSTIFY\"><strong>CONSIDERANDO<\/strong> a orienta\u00e7\u00e3o normativa que j\u00e1 vem sendo adotada pelas Corregedorias Gerais da Justi\u00e7a de outros Estados da Federa\u00e7\u00e3o;<\/p>\n<p align=\"JUSTIFY\"><strong>CONSIDERANDO<\/strong> a decis\u00e3o proferida no expediente administrativo n.\u00ba 201400782175;<\/p>\n<p align=\"JUSTIFY\"><strong>RESOLVE<\/strong>:<\/p>\n<p align=\"JUSTIFY\"><strong>Art. 1\u00ba.<\/strong> <strong>ALTERAR<\/strong> o <i>caput<\/i> art. 716, do C\u00f3digo de Normas desta Corregedoria Geral da Justi\u00e7a do Estado do Esp\u00edrito Santo, bem como acrescentar par\u00e1grafo \u00fanico ao dispositivo, que passa a ter a seguinte reda\u00e7\u00e3o:<\/p>\n<p style=\"padding-left: 30px;\" align=\"JUSTIFY\"><strong>Art. 716.<\/strong> Havendo filhos comuns do casal, menores ou incapazes, ser\u00e1 permitida a lavratura da escritura de separa\u00e7\u00e3o, div\u00f3rcio ou a convers\u00e3o da separa\u00e7\u00e3o em div\u00f3rcio consensuais, desde que devidamente comprovada a pr\u00e9via resolu\u00e7\u00e3o judicial de todas as quest\u00f5es referentes a guarda, visita\u00e7\u00e3o e alimentos dos mesmos, o que dever\u00e1 ficar consignado no corpo da escritura.<br \/>\n<strong>Par\u00e1grafo \u00fanico:<\/strong> Em havendo d\u00favida a respeito do cabimento da escritura de separa\u00e7\u00e3o ou div\u00f3rcio consensuais, diante da exist\u00eancia de filhos menores ou incapazes, o Tabeli\u00e3o de Notas dever\u00e1 suscit\u00e1-la diretamente ao Ju\u00edzo competente em mat\u00e9ria de registros p\u00fablicos.<\/p>\n<p align=\"JUSTIFY\"><strong>Art. 2\u00ba.<\/strong> Este provimento entra em vigor na data da sua publica\u00e7\u00e3o.<\/p>\n<p align=\"JUSTIFY\">Publique-se. Registre-se. Cumpra-se.<\/p>\n<p style=\"text-align: center;\" align=\"JUSTIFY\">Vit\u00f3ria\/ES, 17 de novembro de 2014.<\/p>\n<p style=\"text-align: center;\" align=\"CENTER\"><strong>CARLOS ROBERTO MIGNONE<br \/>\nCorregedor-Geral da Justi\u00e7a<\/strong><\/p>\n","protected":false},"excerpt":{"rendered":"<p>PODER JUDICI\u00c1RIO TRIBUNAL DE JUSTI\u00c7A DO E. DO ESP\u00cdRITO SANTO CORREGEDORIA GERAL DA JUSTI\u00c7A PROVIMENTO CGJ\/ES n\u00ba 18\/2014 Altera a reda\u00e7\u00e3o do art. 716, do C\u00f3digo de Normas da Corregedoria Geral da Justi\u00e7a do Estado do Esp\u00edrito Santo. O Corregedor-Geral da Justi\u00e7a do Estado do Esp\u00edrito Santo, no uso de suas atribui\u00e7\u00f5es legais e Considerando [&hellip;]<\/p>\n","protected":false},"author":1,"featured_media":0,"comment_status":"open","ping_status":"open","sticky":false,"template":"","format":"standard","meta":{"footnotes":""},"categories":[14,16],"tags":[],"_links":{"self":[{"href":"https:\/\/www.tjes.jus.br\/corregedoria\/wp-json\/wp\/v2\/posts\/4957"}],"collection":[{"href":"https:\/\/www.tjes.jus.br\/corregedoria\/wp-json\/wp\/v2\/posts"}],"about":[{"href":"https:\/\/www.tjes.jus.br\/corregedoria\/wp-json\/wp\/v2\/types\/post"}],"author":[{"embeddable":true,"href":"https:\/\/www.tjes.jus.br\/corregedoria\/wp-json\/wp\/v2\/users\/1"}],"replies":[{"embeddable":true,"href":"https:\/\/www.tjes.jus.br\/corregedoria\/wp-json\/wp\/v2\/comments?post=4957"}],"version-history":[{"count":6,"href":"https:\/\/www.tjes.jus.br\/corregedoria\/wp-json\/wp\/v2\/posts\/4957\/revisions"}],"predecessor-version":[{"id":18588,"href":"https:\/\/www.tjes.jus.br\/corregedoria\/wp-json\/wp\/v2\/posts\/4957\/revisions\/18588"}],"wp:attachment":[{"href":"https:\/\/www.tjes.jus.br\/corregedoria\/wp-json\/wp\/v2\/media?parent=4957"}],"wp:term":[{"taxonomy":"category","embeddable":true,"href":"https:\/\/www.tjes.jus.br\/corregedoria\/wp-json\/wp\/v2\/categories?post=4957"},{"taxonomy":"post_tag","embeddable":true,"href":"https:\/\/www.tjes.jus.br\/corregedoria\/wp-json\/wp\/v2\/tags?post=4957"}],"curies":[{"name":"wp","href":"https:\/\/api.w.org\/{rel}","templated":true}]}}