{"id":4972,"date":"2016-08-16T17:25:45","date_gmt":"2016-08-16T20:25:45","guid":{"rendered":"https:\/\/www.tjes.jus.br\/corregedoria\/?p=4972"},"modified":"2021-04-28T16:07:56","modified_gmt":"2021-04-28T19:07:56","slug":"provimento-no-212014-disp-16122014","status":"publish","type":"post","link":"https:\/\/www.tjes.jus.br\/corregedoria\/2016\/08\/16\/provimento-no-212014-disp-16122014\/","title":{"rendered":"PROVIMENTO CGJES N\u00ba 21\/2014 &#8211; DISP. 16\/12\/2014 &#8211; REVOGADO"},"content":{"rendered":"<h2 style=\"text-align: center;\"><strong><span style=\"color: #ff0000;\">REVOGADO PELO\u00a0<a href=\"https:\/\/www.tjes.jus.br\/corregedoria\/2020\/02\/20\/provimento-no-03-2019-disp-19-02-2020-republicacao\/\">PROVIMENTO CGJES N\u00ba 03\/2020<\/a> \u2013 DISP. 19\/02\/2020<\/span><\/strong><\/h2>\n<p lang=\"pt-BR\" align=\"CENTER\">\n<p lang=\"pt-BR\" align=\"CENTER\"><del><strong>ESTADO DO ESP\u00cdRITO SANTO<\/strong><\/del><\/p>\n<p lang=\"pt-BR\" align=\"CENTER\"><del><strong>PODER JUDICI\u00c1RIO<\/strong><\/del><\/p>\n<p lang=\"pt-BR\" align=\"CENTER\"><del><strong>CORREGEDORIA GERAL DA JUSTI\u00c7A<\/strong><\/del><\/p>\n<p lang=\"pt-BR\" align=\"CENTER\"><del><strong>PROVIMENTO CGJES N\u00ba 21\/2014<\/strong><\/del><\/p>\n<p lang=\"pt-BR\" align=\"JUSTIFY\"><del><em>Altera a reda\u00e7\u00e3o do caput e par\u00e1grafos do art. 531, do C\u00f3digo de Normas da Corregedoria Geral da Justi\u00e7a, bem como lhe acrescenta o \u00a74\u00ba.<\/em><\/del><\/p>\n<p lang=\"pt-BR\" align=\"JUSTIFY\"><del>O Desembargador <strong>CARLOS ROBERTO MIGNONE<\/strong>, Corregedor-Geral da Justi\u00e7a, no uso de suas atribui\u00e7\u00f5es e,<\/del><\/p>\n<p lang=\"pt-BR\" align=\"JUSTIFY\"><del><strong>CONSIDERANDO<\/strong> ser a Corregedoria Geral da Justi\u00e7a \u00f3rg\u00e3o de fiscaliza\u00e7\u00e3o e orienta\u00e7\u00e3o administrativa do foro extrajudicial com jurisdi\u00e7\u00e3o em todo o Estado do Esp\u00edrito Santo, conforme art. 35 da Lei Complementar Estadual n.\u00ba 234\/02 c\/c art. 37 da Lei n.\u00ba 8.935\/94;<\/del><\/p>\n<p lang=\"pt-BR\" align=\"JUSTIFY\"><del><strong>CONSIDERANDO<\/strong> ser o C\u00f3digo de Normas a principal ferramenta de que disp\u00f5e a Corregedoria Geral a Justi\u00e7a para uniformizar a orienta\u00e7\u00e3o administrativa do foro judicial e extrajudicial em todo o Estado, sendo imperioso e necess\u00e1rio o constante aprimoramento das diversas disposi\u00e7\u00f5es nele contidas;<\/del><\/p>\n<p lang=\"pt-BR\" align=\"JUSTIFY\"><del><strong>CONSIDERANDO<\/strong>, finalmente, o quanto deliberado nos autos dos expedientes administrativos n.\u00bas\u00a0<i>201401497511<\/i> e <i>201401627896<\/i>, instaurados pelas entidades representativas da classe dos Srs. Tabeli\u00e3es e Oficiais de Registro deste Estado.<\/del><\/p>\n<p lang=\"pt-BR\" align=\"JUSTIFY\"><del><strong>RESOLVE:<\/strong><\/del><\/p>\n<p lang=\"pt-BR\" align=\"JUSTIFY\"><del><strong>Art. 1\u00ba. ALTERAR<\/strong> a reda\u00e7\u00e3o do <i>caput <\/i>e par\u00e1grafos 1\u00ba, 2\u00ba e 3\u00ba do art. 531, do C\u00f3digo de Normas desta Corregedoria Geral da Justi\u00e7a, bem como acrescentar-lhe o \u00a74\u00ba,que passar\u00e1 a dispor o que segue:<\/del><\/p>\n<p lang=\"pt-BR\" style=\"padding-left: 30px;\" align=\"JUSTIFY\"><del>\u201c<i><strong>Art. 531.<\/strong> O expediente de servi\u00e7o da atividade de Notas e Registro no Estado do Esp\u00edrito Santo observar\u00e1 a carga m\u00ednima de 40 (quarenta) horas semanais, com in\u00edcio \u00e0s 09h00 (nove horas) e t\u00e9rmino \u00e0s 18h00 (dezoito horas), em todos os dias \u00fateis, de segunda a sexta feira, sem exce\u00e7\u00e3o, facultado aos titulares das Serventias, sob sua total responsabilidade, estender a carga di\u00e1ria de funcionamento.<br \/>\n<\/i><i><strong>\u00a7 1\u00ba <\/strong>Consideram-se n\u00e3o \u00fateis apenas os dias de s\u00e1bado, domingo e os feriados civis e religiosos, assim reconhecidos como tais pela Lei n.\u00ba 9.093\/95, a saber: aqueles declarados em lei federal; a data magna do Estado fixada em lei estadual; os dias do in\u00edcio e do t\u00e9rmino do ano do centen\u00e1rio de funda\u00e7\u00e3o do Munic\u00edpio, fixados em lei municipal; e os dias de guarda, declarados em lei municipal, de acordo com a tradi\u00e7\u00e3o local e em n\u00famero n\u00e3o superior a quatro, neste inclu\u00edda a Sexta-Feira da Paix\u00e3o;<br \/>\n<\/i><i><strong>\u00a7 2\u00ba <\/strong>O Servi\u00e7o de Registro Civil de Pessoas Naturais ser\u00e1 prestado, tamb\u00e9m, aos s\u00e1bados, domingos e feriados civis e religiosos pelo sistema de plant\u00e3o, com carga hor\u00e1ria m\u00ednima de 06h (seis horas), devendo ser afixado, com a ci\u00eancia pr\u00e9via do Juiz Diretor do F\u00f3rum da respectiva Comarca, aviso vis\u00edvel ao p\u00fablico, mesmo com a serventia fechada, indicando o hor\u00e1rio de atendimento e o meio para localiza\u00e7\u00e3o do oficial respons\u00e1vel.<br \/>\n<\/i><i><span lang=\"pt-BR\"><strong>\u00a7 <\/strong><\/span><strong>3\u00ba <\/strong>A declara\u00e7\u00e3o de feriado forense, a decreta\u00e7\u00e3o de ponto facultativo ou a suspens\u00e3o do expediente forense nas reparti\u00e7\u00f5es p\u00fablicas subordinadas ao Poder Judici\u00e1rio Estadual n\u00e3o alterar\u00e1 o expediente regular de servi\u00e7o da atividade de Notas e Registro para os dias \u00fateis, ressalvada a hip\u00f3tese do ato administrativo que, implementando as provid\u00eancias administrativas referidas, consignar expressamente que a medida tamb\u00e9m engloba o funcionamento das serventias do foro extrajudicial.<br \/>\n<\/i><i><strong>\u00a7 4\u00ba<\/strong> Ao Servi\u00e7o do Tabelionato de Protesto de T\u00edtulos \u00e9 facultado observar o expediente regular de funcionamento quando n\u00e3o houver expediente banc\u00e1rio para o p\u00fablico ou quando este (o expediente banc\u00e1rio) n\u00e3o obedecer ao hor\u00e1rio normal, e desde que a unidade n\u00e3o acumule a qualquer t\u00edtulo outro(s) servi\u00e7o(s) de Notas e (ou) Registro.\u201d<\/i><\/del><\/p>\n<p lang=\"pt-BR\" align=\"JUSTIFY\"><del><strong>Art. 2\u00ba.<\/strong> Este provimento entrar\u00e1 em vigor na data de sua publica\u00e7\u00e3o.<\/del><\/p>\n<p lang=\"pt-BR\" align=\"JUSTIFY\"><del><strong>Publique-se. Anote-se. Cumpra-se.<\/strong><\/del><\/p>\n<p lang=\"pt-BR\" align=\"JUSTIFY\"><del>Vit\u00f3ria\/ES, 15 de dezembro de 2014.<\/del><\/p>\n<p lang=\"pt-BR\" align=\"CENTER\"><del><strong>CARLOS ROBERTO MIGNONE<br \/>\nCorregedor-Geral da Justi\u00e7a<\/strong><\/del><\/p>\n","protected":false},"excerpt":{"rendered":"<p>REVOGADO PELO\u00a0PROVIMENTO CGJES N\u00ba 03\/2020 \u2013 DISP. 19\/02\/2020 ESTADO DO ESP\u00cdRITO SANTO PODER JUDICI\u00c1RIO CORREGEDORIA GERAL DA JUSTI\u00c7A PROVIMENTO CGJES N\u00ba 21\/2014 Altera a reda\u00e7\u00e3o do caput e par\u00e1grafos do art. 531, do C\u00f3digo de Normas da Corregedoria Geral da Justi\u00e7a, bem como lhe acrescenta o \u00a74\u00ba. O Desembargador CARLOS ROBERTO MIGNONE, Corregedor-Geral da Justi\u00e7a, [&hellip;]<\/p>\n","protected":false},"author":1,"featured_media":0,"comment_status":"open","ping_status":"open","sticky":false,"template":"","format":"standard","meta":{"footnotes":""},"categories":[14,16],"tags":[],"_links":{"self":[{"href":"https:\/\/www.tjes.jus.br\/corregedoria\/wp-json\/wp\/v2\/posts\/4972"}],"collection":[{"href":"https:\/\/www.tjes.jus.br\/corregedoria\/wp-json\/wp\/v2\/posts"}],"about":[{"href":"https:\/\/www.tjes.jus.br\/corregedoria\/wp-json\/wp\/v2\/types\/post"}],"author":[{"embeddable":true,"href":"https:\/\/www.tjes.jus.br\/corregedoria\/wp-json\/wp\/v2\/users\/1"}],"replies":[{"embeddable":true,"href":"https:\/\/www.tjes.jus.br\/corregedoria\/wp-json\/wp\/v2\/comments?post=4972"}],"version-history":[{"count":7,"href":"https:\/\/www.tjes.jus.br\/corregedoria\/wp-json\/wp\/v2\/posts\/4972\/revisions"}],"predecessor-version":[{"id":31673,"href":"https:\/\/www.tjes.jus.br\/corregedoria\/wp-json\/wp\/v2\/posts\/4972\/revisions\/31673"}],"wp:attachment":[{"href":"https:\/\/www.tjes.jus.br\/corregedoria\/wp-json\/wp\/v2\/media?parent=4972"}],"wp:term":[{"taxonomy":"category","embeddable":true,"href":"https:\/\/www.tjes.jus.br\/corregedoria\/wp-json\/wp\/v2\/categories?post=4972"},{"taxonomy":"post_tag","embeddable":true,"href":"https:\/\/www.tjes.jus.br\/corregedoria\/wp-json\/wp\/v2\/tags?post=4972"}],"curies":[{"name":"wp","href":"https:\/\/api.w.org\/{rel}","templated":true}]}}