{"id":5072,"date":"2016-07-27T13:25:39","date_gmt":"2016-07-27T16:25:39","guid":{"rendered":"https:\/\/www.tjes.jus.br\/corregedoria\/?p=5072"},"modified":"2018-03-02T15:51:10","modified_gmt":"2018-03-02T18:51:10","slug":"oficio-circular-no-0442016-disp-27072016","status":"publish","type":"post","link":"https:\/\/www.tjes.jus.br\/corregedoria\/2016\/07\/27\/oficio-circular-no-0442016-disp-27072016\/","title":{"rendered":"OF\u00cdCIO-CIRCULAR N\u00ba 44\/2016 &#8211; DISP. 27\/07\/2016"},"content":{"rendered":"<p lang=\"en-US\" align=\"center\"><strong>ESTADO DO ESP\u00cdRITO SANTO<\/strong><\/p>\n<p lang=\"en-US\" align=\"center\"><strong>PODER JUDICI\u00c1RIO<\/strong><\/p>\n<p lang=\"en-US\" align=\"center\"><strong>CORREGEDORIA GERAL DA JUSTI\u00c7A<\/strong><\/p>\n<p lang=\"en-US\" style=\"text-align: center;\" align=\"justify\"><strong>OF\u00cdCIO-CIRCULAR N\u00ba <\/strong><strong>044<\/strong><strong>\/201<\/strong><strong>6<\/strong><\/p>\n<p lang=\"en-US\" style=\"text-align: center;\" align=\"justify\"><strong>REF. PROC. CGJES N\u00ba 201500921425<\/strong><\/p>\n<p align=\"justify\">Aos Tabeli\u00e3es de Notas e Oficiais de Registro que detenham atribui\u00e7\u00e3o notarial do Estado do Esp\u00edrito Santo.<\/p>\n<p align=\"justify\">O Exmo. Sr. Desembargador Corregedor-Geral da Justi\u00e7a do Estado do Esp\u00edrito Santo, no uso de suas atribui\u00e7\u00f5es legais, e<\/p>\n<p align=\"justify\"><strong>CONSIDERANDO <\/strong>ser a Corregedoria Geral da Justi\u00e7a \u00f3rg\u00e3o de fiscaliza\u00e7\u00e3o, disciplina e orienta\u00e7\u00e3o administrativa, com jurisdi\u00e7\u00e3o em todo o Estado, conforme artigo 35 da Lei Complementar Estadual n\u00ba 234\/02;<\/p>\n<p align=\"justify\"><strong>CONSIDERANDO<\/strong> a publica\u00e7\u00e3o do <a href=\"http:\/\/www.cnj.jus.br\/busca-atos-adm?documento=2436\" target=\"_blank\" rel=\"noopener\">Provimento n.\u00ba 18\/2012, pela Corregedoria Nacional da Justi\u00e7a<\/a>, que implantou a Central Notarial de Servi\u00e7os Eletr\u00f4nicos Compartilhados \u2013 CENSEC;<\/p>\n<p align=\"justify\"><strong>CONSIDERANDO<\/strong> a exist\u00eancia de prazos diferenciados, por\u00e9m de observ\u00e2ncia simult\u00e2nea pelos Tabeli\u00e3es de Notas e Oficiais de Registro que detenham atribui\u00e7\u00e3o notarial deste Estado, previstos no <a href=\"http:\/\/www.cnj.jus.br\/busca-atos-adm?documento=2436\" target=\"_blank\" rel=\"noopener\">Provimento 18\/2012<\/a>;<\/p>\n<p align=\"justify\"><strong>CONSIDERANDO<\/strong> que embora o Col\u00e9gio Notarial do Brasil \u2013 Conselho Federal tenha realizado campanhas de cobran\u00e7as para que todas as serventias inadimplentes remetam as informa\u00e7\u00f5es em atraso voluntariamente, a inadimpl\u00eancia continua elevada, impossibilitando a pesquisa sobre a exist\u00eancia ou n\u00e3o de testamentos, escrituras, procura\u00e7\u00f5es e escrituras de separa\u00e7\u00e3o, div\u00f3rcio e invent\u00e1rio, pela central.<\/p>\n<p align=\"justify\"><strong>CONSIDERANDO<\/strong> que os atos lavrados desde o dia 1\u00ba de Janeiro de 2007 j\u00e1 deveriam ter sido informados \u00e0 CENSEC at\u00e9 o prazo estabelecido para o dia 31 de dezembro de 2015, conforme o cronograma disposto nos artigos 15 e 16 do <a href=\"http:\/\/www.cnj.jus.br\/busca-atos-adm?documento=2436\" target=\"_blank\" rel=\"noopener\">Provimento 18\/2012 do CNJ<\/a>, estando os tabeli\u00e3es inadimplentes sujeitos a eventuais san\u00e7\u00f5es disciplinares;<\/p>\n<p align=\"justify\"><strong>CONSIDERANDO<\/strong>,ainda, que conforme o artigo 4\u00ba do referido Provimento, a informa\u00e7\u00e3o deve ser prestada, obrigatoriamente, mesmo quando negativa;<\/p>\n<p align=\"justify\"><strong>CONSIDERANDO, <\/strong>por fim, que os delegat\u00e1rios que tiveram acervos de serventias inativas incorporados \u00e0 sua serventia, por eventual decis\u00e3o do Corregedor Permanente ou desta Egr\u00e9gia Corregedoria, dever\u00e3o prestar informa\u00e7\u00f5es referentes aos atos concernentes ao tabelionato desativado, uma vez que os referidos acervos passam a ser de responsabilidade daqueles que o receberam e as informa\u00e7\u00f5es a eles relativas tamb\u00e9m devem constar na CENSEC;<\/p>\n<p lang=\"en-US\" align=\"justify\"><strong>RESOLVE:<\/strong><\/p>\n<p lang=\"en-US\" align=\"justify\"><span lang=\"pt-BR\"><strong>DETERMINAR <\/strong><\/span><span lang=\"pt-BR\">a\u00a0<\/span><span lang=\"pt-BR\">todos os <\/span><span lang=\"pt-BR\">Tabeli\u00e3es de Notas e Oficiais de Registro que detenham atribui\u00e7\u00e3o notarial\u00a0<\/span><span lang=\"pt-BR\">do Estado do Esp\u00edrito Santo\u00a0<\/span><span lang=\"pt-BR\">inadimplentes <\/span><span lang=\"pt-BR\">na presta\u00e7\u00e3o de informa\u00e7\u00f5es \u00e0 CENSEC, <\/span><span lang=\"pt-BR\">que prestem as devidas informa\u00e7\u00f5es por meio do portal <\/span><a href=\"http:\/\/www.censec.org.br\/\">www.censec.org.br<\/a><span lang=\"pt-BR\">, <\/span><span lang=\"pt-BR\">em cumprimento ao <a href=\"http:\/\/www.cnj.jus.br\/busca-atos-adm?documento=2436\" target=\"_blank\" rel=\"noopener\">Provimento n\u00ba 18\/2012 do Conselho Nacional de Justi\u00e7a<\/a>, ale<\/span><span lang=\"pt-BR\">rtando-os <\/span><span lang=\"pt-BR\">que eventuais d\u00favidas podem ser sanadas por meio <\/span><span lang=\"pt-BR\">do<\/span><span lang=\"pt-BR\"> suporte t\u00e9cnico (11) 3122-6287 <\/span><span lang=\"pt-BR\"><i>I <\/i><\/span><span lang=\"pt-BR\"><a href=\"mailto:censec@notariado.org.br\">censec@notariado.org.br<\/a>,\u00a0<\/span><span lang=\"pt-BR\">onde os usu<\/span><span lang=\"pt-BR\">\u00e1<\/span><span lang=\"pt-BR\">rios podem requisitar os relat\u00f3rios de pend\u00eancias atualizados das unidades inadimplentes.<\/span><\/p>\n<p lang=\"en-US\" align=\"justify\"><span lang=\"pt-BR\"><strong>ALERTAR\u00a0<\/strong><\/span><span lang=\"pt-BR\">todos os <\/span><span lang=\"pt-BR\">Tabeli\u00e3es de Notas e Oficiais de Registro que detenham atribui\u00e7\u00e3o notarial <\/span><span lang=\"pt-BR\">do Estado do Esp\u00edrito Santo <\/span><span lang=\"pt-BR\">que, nos termos do art. 14 do <a href=\"http:\/\/www.cnj.jus.br\/busca-atos-adm?documento=2436\" target=\"_blank\" rel=\"noopener\">Provimento CNJ n\u00ba 18\/2012<\/a>, <\/span><span lang=\"pt-BR\">a\u00a0<\/span><span lang=\"pt-BR\">Corregedoria Nacional de Justi\u00e7a poder\u00e1 verificar, diretamente pela CENSEC, o cumprimento dos prazos de carga das informa\u00e7\u00f5es previstas <\/span><span lang=\"pt-BR\">no<\/span><span lang=\"pt-BR\"> provimento, <\/span><span lang=\"pt-BR\">bem como que o<\/span><span lang=\"pt-BR\"> Col\u00e9gio Notarial do Brasil &#8211; Conselho Federal <\/span><span lang=\"pt-BR\">informar\u00e1 \u00e0<\/span><span lang=\"pt-BR\"> Corregedoria Nacional de Justi\u00e7a os casos de descumprimento dos prazos de carga das informa\u00e7\u00f5es previstas <\/span><span lang=\"pt-BR\">no<\/span><span lang=\"pt-BR\"> provimento<\/span><span lang=\"pt-BR\">, sendo que a <\/span><span lang=\"pt-BR\">n\u00e3o regulariza\u00e7\u00e3o das pend\u00eancias <\/span><span lang=\"pt-BR\">poder\u00e1 acarretar<\/span><span lang=\"pt-BR\"> na ado\u00e7\u00e3o das medidas disciplinares pertinentes.<\/span><\/p>\n<p align=\"justify\"><strong>Publique-se. Cumpra-se.<\/strong><\/p>\n<p lang=\"en-US\" style=\"text-align: center;\" align=\"justify\"><span lang=\"pt-BR\">Vit\u00f3ria\/ES, <\/span><span lang=\"pt-BR\">24 de junho<\/span><span lang=\"pt-BR\"> de 2016<\/span>.<\/p>\n<p style=\"text-align: center;\" align=\"center\"><strong>Desembargador RONALDO GON\u00c7ALVES DE SOUSA<br \/>\n<\/strong><strong>Corregedor Geral da Justi\u00e7a<\/strong><\/p>\n","protected":false},"excerpt":{"rendered":"<p>ESTADO DO ESP\u00cdRITO SANTO PODER JUDICI\u00c1RIO CORREGEDORIA GERAL DA JUSTI\u00c7A OF\u00cdCIO-CIRCULAR N\u00ba 044\/2016 REF. PROC. CGJES N\u00ba 201500921425 Aos Tabeli\u00e3es de Notas e Oficiais de Registro que detenham atribui\u00e7\u00e3o notarial do Estado do Esp\u00edrito Santo. O Exmo. Sr. Desembargador Corregedor-Geral da Justi\u00e7a do Estado do Esp\u00edrito Santo, no uso de suas atribui\u00e7\u00f5es legais, e CONSIDERANDO [&hellip;]<\/p>\n","protected":false},"author":1,"featured_media":0,"comment_status":"open","ping_status":"open","sticky":false,"template":"","format":"standard","meta":{"footnotes":""},"categories":[14,5],"tags":[],"_links":{"self":[{"href":"https:\/\/www.tjes.jus.br\/corregedoria\/wp-json\/wp\/v2\/posts\/5072"}],"collection":[{"href":"https:\/\/www.tjes.jus.br\/corregedoria\/wp-json\/wp\/v2\/posts"}],"about":[{"href":"https:\/\/www.tjes.jus.br\/corregedoria\/wp-json\/wp\/v2\/types\/post"}],"author":[{"embeddable":true,"href":"https:\/\/www.tjes.jus.br\/corregedoria\/wp-json\/wp\/v2\/users\/1"}],"replies":[{"embeddable":true,"href":"https:\/\/www.tjes.jus.br\/corregedoria\/wp-json\/wp\/v2\/comments?post=5072"}],"version-history":[{"count":7,"href":"https:\/\/www.tjes.jus.br\/corregedoria\/wp-json\/wp\/v2\/posts\/5072\/revisions"}],"predecessor-version":[{"id":23095,"href":"https:\/\/www.tjes.jus.br\/corregedoria\/wp-json\/wp\/v2\/posts\/5072\/revisions\/23095"}],"wp:attachment":[{"href":"https:\/\/www.tjes.jus.br\/corregedoria\/wp-json\/wp\/v2\/media?parent=5072"}],"wp:term":[{"taxonomy":"category","embeddable":true,"href":"https:\/\/www.tjes.jus.br\/corregedoria\/wp-json\/wp\/v2\/categories?post=5072"},{"taxonomy":"post_tag","embeddable":true,"href":"https:\/\/www.tjes.jus.br\/corregedoria\/wp-json\/wp\/v2\/tags?post=5072"}],"curies":[{"name":"wp","href":"https:\/\/api.w.org\/{rel}","templated":true}]}}