{"id":5080,"date":"2016-07-29T13:34:35","date_gmt":"2016-07-29T16:34:35","guid":{"rendered":"https:\/\/www.tjes.jus.br\/corregedoria\/?p=5080"},"modified":"2018-02-09T16:11:48","modified_gmt":"2018-02-09T18:11:48","slug":"oficio-circular-no-0452016-disp-27072016","status":"publish","type":"post","link":"https:\/\/www.tjes.jus.br\/corregedoria\/2016\/07\/29\/oficio-circular-no-0452016-disp-27072016\/","title":{"rendered":"OF\u00cdCIO-CIRCULAR N\u00ba 45\/2016 &#8211; DISP. 27\/07\/2016"},"content":{"rendered":"<p align=\"center\"><strong>ESTADO DO ESPIRITO SANTO<\/strong><\/p>\n<p align=\"center\"><strong>PODER JUDICI\u00c1RIO<\/strong><\/p>\n<p align=\"center\"><strong>CORREGEDORIA-GERAL DA JUSTI\u00c7A<\/strong><\/p>\n<p style=\"text-align: center;\"><strong>Of\u00edcio-Circular n\u00ba 45\/2016<\/strong><\/p>\n<p align=\"justify\">O Desembargador RONALDO GON\u00c7ALVES DE SOUSA Corregedor-Geral da Justi\u00e7a do Estado do Esp\u00edrito Santo, no uso de suas atribui\u00e7\u00f5es legais e,<\/p>\n<p lang=\"en-US\" align=\"justify\"><span lang=\"pt-BR\"><strong>CONSIDERANDO <\/strong><\/span><span lang=\"pt-BR\">ser a Corregedoria Geral da Justi\u00e7a \u00f3rg\u00e3o de fiscaliza\u00e7\u00e3o, disciplina e orienta\u00e7\u00e3o administrativa, com jurisdi\u00e7\u00e3o em todo o Estado, conforme art. 35 da Lei Complementar Estadual n\u00ba 234\/02;<\/span><\/p>\n<p lang=\"en-US\" align=\"justify\"><span lang=\"pt-BR\"><strong>CONSIDERANDO <\/strong><\/span><span lang=\"pt-BR\">a necessidade de criar mecanismos para torna<\/span><span lang=\"pt-BR\">r<\/span><span lang=\"pt-BR\"> mais \u00e1gil e segura a fiscaliza\u00e7\u00e3o do recolhimento de valores devidos pelas serventias do foro extrajudicial ao Poder P\u00fablico;<\/span><\/p>\n<p lang=\"en-US\" align=\"justify\"><span lang=\"pt-BR\"><strong>CONSIDERANDO <\/strong><\/span><span lang=\"pt-BR\">que o acesso ao sistema de controle de recolhimentos dos fundos FUNEPJ, FARPEN, FADESPES, FUNEMP e FUNCAD deve ser garantido aos ju\u00edzes de direito com compet\u00eancia em mat\u00e9ria de registros p\u00fablicos e aos ju\u00edzes auxiliares da Corregedoria Geral de Justi\u00e7a, permitindo sua autentica\u00e7\u00e3o por meio do sistema informatizado;<\/span><\/p>\n<p lang=\"en-US\"><strong><span lang=\"pt-BR\">RESOLVE:<\/span><\/strong><\/p>\n<p lang=\"en-US\" align=\"justify\"><strong><span lang=\"pt-BR\">A<\/span><\/strong><span lang=\"pt-BR\"><strong>rt. 1\u00ba.<\/strong> <\/span><strong><span lang=\"pt-BR\">DISPONIBILIZAR<\/span><\/strong><span lang=\"pt-BR\"> para as serventias do foro extrajudicial, dentro do sistema do Console do Selo Digital, a fun\u00e7\u00e3o para emiss\u00e3o de certid\u00f5es negativas e positiva<\/span><span lang=\"pt-BR\">s refe<\/span><span lang=\"pt-BR\">rentes aos recolhimentos dos fundos FUNEPJ, FARPEN, FADESPES, FUNEMP e FUNCAD.<\/span><\/p>\n<p align=\"justify\"><strong>Art. 2\u00ba <\/strong>A consulta e certifica\u00e7\u00e3o de validade das certid\u00f5es mencionadas no artigo anterior est\u00e3o dispon\u00edveis, para os procedimentos fiscalizat\u00f3rios de inspe\u00e7\u00f5es e correi\u00e7\u00f5es judiciais, atrav\u00e9s rede mundial de computadores, no s\u00edtio eletr\u00f4nico\u00a0<a href=\"https:\/\/selo.tjes.jus.br\/consulta\/CertidaoNegativa.aspx\">https:\/\/selo.tjes.jus.br\/consulta\/CertidaoNegativa.aspx<\/a>, devendo ser utilizada a numera\u00e7\u00e3o impressa nas mesmas.<\/p>\n<p lang=\"en-US\" align=\"justify\"><strong><span lang=\"pt-BR\">Publique-se<\/span><span lang=\"pt-BR\">.<\/span><\/strong><\/p>\n<p align=\"justify\"><strong>Cumpra-se.<\/strong><\/p>\n<p lang=\"en-US\" style=\"text-align: center;\" align=\"justify\">Vit\u00f3ria, 26 de julho de 2016.<\/p>\n<p style=\"text-align: center;\" align=\"center\"><strong>DES. RONALDO GON\u00c7ALVES DE SOUSA<br \/>\n<\/strong><strong>Corregedor-Geral da Justi\u00e7a<\/strong><\/p>\n","protected":false},"excerpt":{"rendered":"<p>ESTADO DO ESPIRITO SANTO PODER JUDICI\u00c1RIO CORREGEDORIA-GERAL DA JUSTI\u00c7A Of\u00edcio-Circular n\u00ba 45\/2016 O Desembargador RONALDO GON\u00c7ALVES DE SOUSA Corregedor-Geral da Justi\u00e7a do Estado do Esp\u00edrito Santo, no uso de suas atribui\u00e7\u00f5es legais e, CONSIDERANDO ser a Corregedoria Geral da Justi\u00e7a \u00f3rg\u00e3o de fiscaliza\u00e7\u00e3o, disciplina e orienta\u00e7\u00e3o administrativa, com jurisdi\u00e7\u00e3o em todo o Estado, conforme art. [&hellip;]<\/p>\n","protected":false},"author":1,"featured_media":0,"comment_status":"open","ping_status":"open","sticky":false,"template":"","format":"standard","meta":{"footnotes":""},"categories":[14,5],"tags":[],"_links":{"self":[{"href":"https:\/\/www.tjes.jus.br\/corregedoria\/wp-json\/wp\/v2\/posts\/5080"}],"collection":[{"href":"https:\/\/www.tjes.jus.br\/corregedoria\/wp-json\/wp\/v2\/posts"}],"about":[{"href":"https:\/\/www.tjes.jus.br\/corregedoria\/wp-json\/wp\/v2\/types\/post"}],"author":[{"embeddable":true,"href":"https:\/\/www.tjes.jus.br\/corregedoria\/wp-json\/wp\/v2\/users\/1"}],"replies":[{"embeddable":true,"href":"https:\/\/www.tjes.jus.br\/corregedoria\/wp-json\/wp\/v2\/comments?post=5080"}],"version-history":[{"count":4,"href":"https:\/\/www.tjes.jus.br\/corregedoria\/wp-json\/wp\/v2\/posts\/5080\/revisions"}],"predecessor-version":[{"id":22423,"href":"https:\/\/www.tjes.jus.br\/corregedoria\/wp-json\/wp\/v2\/posts\/5080\/revisions\/22423"}],"wp:attachment":[{"href":"https:\/\/www.tjes.jus.br\/corregedoria\/wp-json\/wp\/v2\/media?parent=5080"}],"wp:term":[{"taxonomy":"category","embeddable":true,"href":"https:\/\/www.tjes.jus.br\/corregedoria\/wp-json\/wp\/v2\/categories?post=5080"},{"taxonomy":"post_tag","embeddable":true,"href":"https:\/\/www.tjes.jus.br\/corregedoria\/wp-json\/wp\/v2\/tags?post=5080"}],"curies":[{"name":"wp","href":"https:\/\/api.w.org\/{rel}","templated":true}]}}