{"id":5134,"date":"2016-08-17T15:36:45","date_gmt":"2016-08-17T18:36:45","guid":{"rendered":"https:\/\/www.tjes.jus.br\/corregedoria\/?p=5134"},"modified":"2017-10-31T15:10:31","modified_gmt":"2017-10-31T17:10:31","slug":"provimento-no-102008-publ-26082008","status":"publish","type":"post","link":"https:\/\/www.tjes.jus.br\/corregedoria\/2016\/08\/17\/provimento-no-102008-publ-26082008\/","title":{"rendered":"PROVIMENTO N\u00ba 10\/2008 &#8211; PUBL. EM 26\/08\/2008"},"content":{"rendered":"<p style=\"text-align: center;\"><strong>PODER JUDICI\u00c1RIO DO ESTADO DO ESP\u00cdRITO SANTO<\/strong><\/p>\n<p style=\"text-align: center;\"><strong>CORREGEDORIA GERAL DA JUSTI\u00c7A<\/strong><\/p>\n<p style=\"text-align: center;\"><strong>PROVIMENTO N\u00ba 010\/2008<\/strong><\/p>\n<p style=\"text-align: justify;\"><em>Acrescenta dispositivos ao C\u00f3digo de Normas da Corregedoria Geral da Justi\u00e7a.<\/em><\/p>\n<p style=\"text-align: justify;\">O Desembargador ROMULO TADDEI, Corregedor-Geral da Justi\u00e7a, no uso de suas atribui\u00e7\u00f5es;<\/p>\n<p style=\"text-align: justify;\"><strong>CONSIDERANDO<\/strong> que a Corregedoria Geral da Justi\u00e7a \u00e9 \u00f3rg\u00e3o de disciplina, fiscaliza\u00e7\u00e3o e orienta\u00e7\u00e3o administrativa\u00a0com jurisdi\u00e7\u00e3o em todo o Estado do Esp\u00edrito Santo;<\/p>\n<p style=\"text-align: justify;\"><strong>CONSIDERANDO<\/strong> a necessidade de sistematiza\u00e7\u00e3o, unifica\u00e7\u00e3o e atualiza\u00e7\u00e3o das normas, para simplificar a consulta\u00a0de quantos necessitem conhec\u00ea-las;<\/p>\n<p style=\"text-align: justify;\"><strong>CONSIDERANDO<\/strong> que a Lei Estadual n\u00ba 8.875\/08 disp\u00f5e sobre o pagamento de emolumentos por entidades que\u00a0prestam assist\u00eancia social e que atuam na \u00e1rea ambiental.<\/p>\n<p style=\"text-align: justify;\"><strong>R E S O L V E :<\/strong><\/p>\n<p style=\"text-align: justify;\"><strong>Art. 1\u00ba.<\/strong> O artigo 484 do C\u00f3digo de Normas da Corregedoria Geral da Justi\u00e7a passa a vigorar acrescido\u00a0dos par\u00e1grafos primeiro e segundo, assim redigidos:<\/p>\n<p style=\"text-align: justify; padding-left: 30px;\"><strong>Cap\u00edtulo XVI<\/strong><br \/>\n<strong>DO SELO DE FISCALIZA\u00c7\u00c3O<\/strong><br \/>\n<strong>Art. 484.<\/strong> &#8230;&#8230;&#8230;&#8230;&#8230;&#8230;&#8230;&#8230;&#8230;&#8230;.<br \/>\na) &#8230;&#8230;&#8230;&#8230;&#8230;&#8230;&#8230;&#8230;&#8230;&#8230;&#8230;&#8230;..<br \/>\nb) &#8230;&#8230;&#8230;&#8230;&#8230;&#8230;&#8230;&#8230;&#8230;&#8230;&#8230;&#8230;..<br \/>\nc) &#8230;&#8230;&#8230;&#8230;&#8230;&#8230;&#8230;&#8230;&#8230;&#8230;&#8230;&#8230;..<br \/>\n<strong>&#8220;\u00a7 1\u00ba.<\/strong> Quanto aos atos de que tratam as al\u00edneas &#8220;b&#8221; e &#8220;c&#8221; do inciso I, ficam excepcionados os servi\u00e7os notariais de\u00a0reconhecimentos de firmas e de autentica\u00e7\u00f5es de documentos requeridos por entidades que prestam assist\u00eancia social e que\u00a0atuam na \u00e1rea ambiental reconhecidas pelo Estado como de utilidade p\u00fablica, em que ser\u00e3o utilizados selos tipo ATO\u00a0GRATUITO.<br \/>\n<strong>\u00a7 2\u00ba.<\/strong> A dispensa do pagamento de emolumentos por parte das entidades referidas no par\u00e1grafo anterior ser\u00e1 concedida\u00a0mediante requerimento do interessado solicitando a gratuidade e declarando, sob as penas da lei, tratar-se de entidade\u00a0beneficente de assist\u00eancia social e sem fins lucrativos, al\u00e9m da apresenta\u00e7\u00e3o de c\u00f3pia reprogr\u00e1fica da publica\u00e7\u00e3o no \u00f3rg\u00e3o\u00a0oficial dos Poderes do Estado de lei declarat\u00f3ria de utilidade p\u00fablica estadual, nos termos do art. 2\u00ba, I e II, da Lei n\u00ba\u00a08.875\/2008.&#8221;<\/p>\n<p style=\"text-align: justify;\"><strong>Art. 2\u00ba.<\/strong> Este Provimento entra em vigor a partir de sua publica\u00e7\u00e3o.<\/p>\n<p style=\"text-align: justify;\"><strong>PUBLIQUE-SE.<\/strong><\/p>\n<p style=\"text-align: justify;\"><strong>CUMPRA-SE.<\/strong><\/p>\n<p style=\"text-align: justify;\">Vit\u00f3ria, 25 de agosto de 2008.<\/p>\n<p style=\"text-align: center;\"><strong>DESEMBARGADOR ROMULO TADDEI<\/strong><br \/>\n<strong>Corregedor-Geral da Justi\u00e7a<\/strong><\/p>\n","protected":false},"excerpt":{"rendered":"<p>PODER JUDICI\u00c1RIO DO ESTADO DO ESP\u00cdRITO SANTO CORREGEDORIA GERAL DA JUSTI\u00c7A PROVIMENTO N\u00ba 010\/2008 Acrescenta dispositivos ao C\u00f3digo de Normas da Corregedoria Geral da Justi\u00e7a. O Desembargador ROMULO TADDEI, Corregedor-Geral da Justi\u00e7a, no uso de suas atribui\u00e7\u00f5es; CONSIDERANDO que a Corregedoria Geral da Justi\u00e7a \u00e9 \u00f3rg\u00e3o de disciplina, fiscaliza\u00e7\u00e3o e orienta\u00e7\u00e3o administrativa\u00a0com jurisdi\u00e7\u00e3o em todo [&hellip;]<\/p>\n","protected":false},"author":1,"featured_media":0,"comment_status":"open","ping_status":"open","sticky":false,"template":"","format":"standard","meta":{"footnotes":""},"categories":[14,16],"tags":[],"_links":{"self":[{"href":"https:\/\/www.tjes.jus.br\/corregedoria\/wp-json\/wp\/v2\/posts\/5134"}],"collection":[{"href":"https:\/\/www.tjes.jus.br\/corregedoria\/wp-json\/wp\/v2\/posts"}],"about":[{"href":"https:\/\/www.tjes.jus.br\/corregedoria\/wp-json\/wp\/v2\/types\/post"}],"author":[{"embeddable":true,"href":"https:\/\/www.tjes.jus.br\/corregedoria\/wp-json\/wp\/v2\/users\/1"}],"replies":[{"embeddable":true,"href":"https:\/\/www.tjes.jus.br\/corregedoria\/wp-json\/wp\/v2\/comments?post=5134"}],"version-history":[{"count":6,"href":"https:\/\/www.tjes.jus.br\/corregedoria\/wp-json\/wp\/v2\/posts\/5134\/revisions"}],"predecessor-version":[{"id":20688,"href":"https:\/\/www.tjes.jus.br\/corregedoria\/wp-json\/wp\/v2\/posts\/5134\/revisions\/20688"}],"wp:attachment":[{"href":"https:\/\/www.tjes.jus.br\/corregedoria\/wp-json\/wp\/v2\/media?parent=5134"}],"wp:term":[{"taxonomy":"category","embeddable":true,"href":"https:\/\/www.tjes.jus.br\/corregedoria\/wp-json\/wp\/v2\/categories?post=5134"},{"taxonomy":"post_tag","embeddable":true,"href":"https:\/\/www.tjes.jus.br\/corregedoria\/wp-json\/wp\/v2\/tags?post=5134"}],"curies":[{"name":"wp","href":"https:\/\/api.w.org\/{rel}","templated":true}]}}