{"id":5161,"date":"2016-08-17T16:59:09","date_gmt":"2016-08-17T19:59:09","guid":{"rendered":"https:\/\/www.tjes.jus.br\/corregedoria\/?p=5161"},"modified":"2017-10-30T14:16:18","modified_gmt":"2017-10-30T16:16:18","slug":"provimento-no-442011-publ-em-14122011","status":"publish","type":"post","link":"https:\/\/www.tjes.jus.br\/corregedoria\/2016\/08\/17\/provimento-no-442011-publ-em-14122011\/","title":{"rendered":"PROVIMENTO N\u00ba 44\/2011 &#8211; PUBL. EM 14\/12\/2011"},"content":{"rendered":"<p style=\"text-align: center;\"><strong>ESTADO DO ESP\u00cdRITO SANTO<\/strong><\/p>\n<p style=\"text-align: center;\"><strong>PODER JUDICI\u00c1RIO<\/strong><\/p>\n<p style=\"text-align: center;\"><strong>TRIBUNAL DE JUSTI\u00c7A<\/strong><\/p>\n<p style=\"text-align: center;\"><strong>CORREGEDORIA GERAL DA JUSTI\u00c7A<\/strong><\/p>\n<p style=\"text-align: center;\"><strong>PROVIMENTO N\u00ba 044\/2011<\/strong><\/p>\n<p style=\"text-align: justify;\"><em>Altera a reda\u00e7\u00e3o do par\u00e1grafo 2\u00ba do artigo 725 do C\u00f3digo de Normas da Eg. Corregedoria Geral da Justi\u00e7a.<\/em><\/p>\n<p style=\"text-align: justify;\">O Desembargador S\u00c9RGIO LUIZ TEIXEIRA GAMA, Corregedor-Geral da Justi\u00e7a, no uso de suas atribui\u00e7\u00f5es e,<\/p>\n<p style=\"text-align: justify;\"><strong>CONSIDERANDO<\/strong> que a Egr\u00e9gia Corregedoria-Geral da Justi\u00e7a \u00e9 \u00f3rg\u00e3o de fiscaliza\u00e7\u00e3o, disciplina e orienta\u00e7\u00e3o administrativa dos Juizados de Direito, com jurisdi\u00e7\u00e3o em todo o Estado, conforme artigo 35 da Lei Complementar Estadual n\u00ba 234\/02;<\/p>\n<p style=\"text-align: justify;\"><strong>CONSIDERANDO<\/strong> que o C\u00f3digo de Normas da Eg. Corregedoria Geral da Justi\u00e7a (Provimento n.\u00ba 029\/2009, publicado no DJES do dia 16\/12\/2009) \u00e9 a principal ferramenta de que disp\u00f5e este \u00f3rg\u00e3o censor para o desempenho de sua miss\u00e3o institucional orientadora;<\/p>\n<p style=\"text-align: justify;\"><strong>CONSIDERANDO<\/strong> a decis\u00e3o proferida no Conselho Nacional de Justi\u00e7a no \u00e2mbito do Pedido de Provid\u00eancias n\u00ba 0001477-05.2011.2.00.0000, por meio de que foi determinada a proibi\u00e7\u00e3o dos Cart\u00f3rios de Protesto de T\u00edtulos protestar letras de c\u00e2mbio sem aceite;<\/p>\n<p style=\"text-align: justify;\"><strong>CONSIDERANDO,<\/strong> por fim, o decidido no expediente CGJ n.\u00ba 1124066.<\/p>\n<p style=\"text-align: justify;\"><strong>RESOLVE:<\/strong><\/p>\n<p style=\"text-align: justify;\"><strong>Art. 1\u00ba. ALTERAR<\/strong> o par\u00e1grafo 2\u00ba do artigo 725 do C\u00f3digo de Normas desta Eg. Corregedoria Geral da Justi\u00e7a, que passa a ter a seguinte reda\u00e7\u00e3o:<\/p>\n<p style=\"text-align: justify; padding-left: 30px;\">\u201c<strong>Art. 725.<\/strong> omissis.<br \/>\n<strong>\u00a7 2\u00ba<\/strong> As letras de c\u00e2mbio sem aceite n\u00e3o poder\u00e3o ser apontadas ou protestadas por falta de pagamento.&#8221;<\/p>\n<p style=\"text-align: justify;\"><strong>Art. 2\u00ba.<\/strong> Este provimento entrar\u00e1 em vigor na data de sua publica\u00e7\u00e3o.<\/p>\n<p style=\"text-align: justify;\"><strong>Publique-se. Registre-se. Cumpra-se.<\/strong><\/p>\n<p style=\"text-align: justify;\">Vit\u00f3ria\/ES, 13 de dezembro de 2011.<\/p>\n<p style=\"text-align: center;\"><strong>DES. S\u00c9RGIO LUIZ TEIXEIRA GAMA<\/strong><br \/>\n<strong>Corregedor-Geral da Justi\u00e7a<\/strong><\/p>\n","protected":false},"excerpt":{"rendered":"<p>ESTADO DO ESP\u00cdRITO SANTO PODER JUDICI\u00c1RIO TRIBUNAL DE JUSTI\u00c7A CORREGEDORIA GERAL DA JUSTI\u00c7A PROVIMENTO N\u00ba 044\/2011 Altera a reda\u00e7\u00e3o do par\u00e1grafo 2\u00ba do artigo 725 do C\u00f3digo de Normas da Eg. Corregedoria Geral da Justi\u00e7a. O Desembargador S\u00c9RGIO LUIZ TEIXEIRA GAMA, Corregedor-Geral da Justi\u00e7a, no uso de suas atribui\u00e7\u00f5es e, CONSIDERANDO que a Egr\u00e9gia Corregedoria-Geral [&hellip;]<\/p>\n","protected":false},"author":1,"featured_media":0,"comment_status":"open","ping_status":"open","sticky":false,"template":"","format":"standard","meta":{"footnotes":""},"categories":[14,16],"tags":[],"_links":{"self":[{"href":"https:\/\/www.tjes.jus.br\/corregedoria\/wp-json\/wp\/v2\/posts\/5161"}],"collection":[{"href":"https:\/\/www.tjes.jus.br\/corregedoria\/wp-json\/wp\/v2\/posts"}],"about":[{"href":"https:\/\/www.tjes.jus.br\/corregedoria\/wp-json\/wp\/v2\/types\/post"}],"author":[{"embeddable":true,"href":"https:\/\/www.tjes.jus.br\/corregedoria\/wp-json\/wp\/v2\/users\/1"}],"replies":[{"embeddable":true,"href":"https:\/\/www.tjes.jus.br\/corregedoria\/wp-json\/wp\/v2\/comments?post=5161"}],"version-history":[{"count":6,"href":"https:\/\/www.tjes.jus.br\/corregedoria\/wp-json\/wp\/v2\/posts\/5161\/revisions"}],"predecessor-version":[{"id":20658,"href":"https:\/\/www.tjes.jus.br\/corregedoria\/wp-json\/wp\/v2\/posts\/5161\/revisions\/20658"}],"wp:attachment":[{"href":"https:\/\/www.tjes.jus.br\/corregedoria\/wp-json\/wp\/v2\/media?parent=5161"}],"wp:term":[{"taxonomy":"category","embeddable":true,"href":"https:\/\/www.tjes.jus.br\/corregedoria\/wp-json\/wp\/v2\/categories?post=5161"},{"taxonomy":"post_tag","embeddable":true,"href":"https:\/\/www.tjes.jus.br\/corregedoria\/wp-json\/wp\/v2\/tags?post=5161"}],"curies":[{"name":"wp","href":"https:\/\/api.w.org\/{rel}","templated":true}]}}