{"id":5169,"date":"2016-08-17T17:22:16","date_gmt":"2016-08-17T20:22:16","guid":{"rendered":"https:\/\/www.tjes.jus.br\/corregedoria\/?p=5169"},"modified":"2016-10-14T15:50:20","modified_gmt":"2016-10-14T18:50:20","slug":"provimento-no-032008-publ-em-20022008","status":"publish","type":"post","link":"https:\/\/www.tjes.jus.br\/corregedoria\/2016\/08\/17\/provimento-no-032008-publ-em-20022008\/","title":{"rendered":"PROVIMENTO N\u00ba 03\/2008 &#8211; PUBL. EM 20\/02\/2008"},"content":{"rendered":"<p style=\"text-align: center;\"><strong>ESTADO DO ESP\u00cdRITO SANTO<\/strong><\/p>\n<p style=\"text-align: center;\"><strong>PODER JUDICI\u00c1RIO<\/strong><\/p>\n<p style=\"text-align: center;\"><strong>CORREGEDORIA GERAL DA JUSTI\u00c7A<\/strong><\/p>\n<p style=\"text-align: center;\"><strong>PROVIMENTO N\u00ba 003\/2008<\/strong><\/p>\n<p style=\"text-align: center;\"><strong><em>Acrescenta dispositivos ao C\u00f3digo de Normas da Corregedoria Geral da Justi\u00e7a.<\/em><\/strong><\/p>\n<p style=\"text-align: justify;\">O Desembargador <strong>ROMULO TADDEI<\/strong>, Corregedor-Geral da Justi\u00e7a, no uso de suas atribui\u00e7\u00f5es;<\/p>\n<p style=\"text-align: justify;\"><strong>CONSIDERANDO<\/strong> que a Corregedoria Geral da Justi\u00e7a \u00e9 \u00f3rg\u00e3o de disciplina, fiscaliza\u00e7\u00e3o e orienta\u00e7\u00e3o administrativa com jurisdi\u00e7\u00e3o em todo o Estado do Esp\u00edrito Santo;<\/p>\n<p style=\"text-align: justify;\"><strong>CONSIDERANDO<\/strong> a necessidade de sistematiza\u00e7\u00e3o, unifica\u00e7\u00e3o e atualiza\u00e7\u00e3o das normas, para simplificar a consulta de quantos necessitem conhec\u00ea-las;<\/p>\n<p style=\"text-align: justify;\"><strong>CONSIDERANDO <\/strong>a aus\u00eancia de normas que estabele\u00e7am as provid\u00eancias a serem observadas pelos oficiais de registro na hip\u00f3tese de abertura de nova matr\u00edcula em outra circunscri\u00e7\u00e3o;<\/p>\n<p style=\"text-align: justify;\"><strong>R E S O L V E :<\/strong><\/p>\n<p style=\"text-align: justify;\"><strong>Art. 1\u00ba<\/strong>. A Se\u00e7\u00e3o II do Cap\u00edtulo XII do C\u00f3digo de Normas da Corregedoria Geral da Justi\u00e7a, passa a vigorar acrescida dos arts. 469-A, 469-B e 469-C:<\/p>\n<p style=\"text-align: center;\"><strong>Cap\u00edtulo XII<br \/>\n<\/strong><strong>DO OF\u00cdCIO DE REGISTRO DE IM\u00d3VEIS<\/strong><\/p>\n<p style=\"text-align: center;\">&#8230;&#8230;&#8230;&#8230;&#8230;&#8230;&#8230;&#8230;&#8230;&#8230;&#8230;&#8230;&#8230;&#8230;&#8230;.<\/p>\n<p style=\"text-align: center;\"><strong>Se\u00e7\u00e3o II<br \/>\n<\/strong><strong>Da matr\u00edcula, do registro e da averba\u00e7\u00e3o<\/strong><\/p>\n<p style=\"text-align: center;\">&#8230;&#8230;&#8230;&#8230;&#8230;&#8230;&#8230;&#8230;&#8230;&#8230;&#8230;&#8230;&#8230;&#8230;&#8230;.<\/p>\n<p style=\"text-align: justify;\"><strong>Art. 469-A<\/strong>. Se o registro anterior tiver sido efetuado em outra circunscri\u00e7\u00e3o, a nova matr\u00edcula ser\u00e1 aberta com os elementos constantes do t\u00edtulo apresentado e da certid\u00e3o atualizada daquele registro, a qual dever\u00e1 ser arquivada em cart\u00f3rio.<\/p>\n<p style=\"text-align: justify;\"><strong>1<\/strong>\u00ba. O prazo de validade da certid\u00e3o, para fins de abertura de matr\u00edcula, ser\u00e1 de 30 (trinta) dias.<\/p>\n<p style=\"text-align: justify;\"><strong>2\u00ba<\/strong>. No caso previsto neste artigo, o oficial da nova circunscri\u00e7\u00e3o dever\u00e1 encaminhar, por meio de of\u00edcio, no prazo de 05 (cinco) dias, certid\u00e3o da abertura da matr\u00edcula ao oficial da circunscri\u00e7\u00e3o anterior, a fim de que este proceda \u00e0 respectiva averba\u00e7\u00e3o, acompanhado dos emolumentos e taxas (FUNEPJ e FARPEN) devidos, que ser\u00e3o cobrados do interessado na abertura da nova matr\u00edcula.<\/p>\n<p style=\"text-align: justify;\"><strong>3\u00ba<\/strong>. O of\u00edcio e a respectiva certid\u00e3o ser\u00e3o arquivados em ambos os servi\u00e7os registrais, sendo que o receptor dever\u00e1 arquivar os originais e o expedidor uma c\u00f3pia.<\/p>\n<p style=\"text-align: justify;\"><strong>Art. 469-B<\/strong>. Recebidos o of\u00edcio e a certid\u00e3o a que se referem o \u00a7 2\u00ba do art. 469-A, o oficial da circunscri\u00e7\u00e3o anterior providenciar\u00e1, no prazo de 48 (quarenta e oito) horas a contar do recebimento, o encerramento do registro do im\u00f3vel, fazendo dele constar o n\u00famero de matr\u00edcula do im\u00f3vel perante a outra circunscri\u00e7\u00e3o.<\/p>\n<p style=\"text-align: justify;\"><strong>Art. 469-C. <\/strong>As provid\u00eancias a que se referem os artigos 469-A e 469-B dever\u00e3o ser adotadas apenas com rela\u00e7\u00e3o \u00e0s matr\u00edculas que forem abertas na nova circunscri\u00e7\u00e3o imobili\u00e1ria ap\u00f3s a vig\u00eancia deste Provimento.<\/p>\n<p style=\"text-align: justify;\"><strong>Art. 2\u00ba<\/strong>. Este Provimento entra em vigor a partir de sua publica\u00e7\u00e3o.<\/p>\n<p style=\"text-align: justify;\">PUBLIQUE-SE.<\/p>\n<p style=\"text-align: justify;\">CUMPRA-SE.<\/p>\n<p style=\"text-align: center;\">Vit\u00f3ria, 13 de fevereiro de 2008.<\/p>\n<p style=\"text-align: center;\"><strong>Desembargador<\/strong> <strong>ROMULO TADDEI<br \/>\n<\/strong><strong>Corregedor-Geral da Justi\u00e7a<\/strong><\/p>\n","protected":false},"excerpt":{"rendered":"<p>ESTADO DO ESP\u00cdRITO SANTO PODER JUDICI\u00c1RIO CORREGEDORIA GERAL DA JUSTI\u00c7A PROVIMENTO N\u00ba 003\/2008 Acrescenta dispositivos ao C\u00f3digo de Normas da Corregedoria Geral da Justi\u00e7a. O Desembargador ROMULO TADDEI, Corregedor-Geral da Justi\u00e7a, no uso de suas atribui\u00e7\u00f5es; CONSIDERANDO que a Corregedoria Geral da Justi\u00e7a \u00e9 \u00f3rg\u00e3o de disciplina, fiscaliza\u00e7\u00e3o e orienta\u00e7\u00e3o administrativa com jurisdi\u00e7\u00e3o em todo [&hellip;]<\/p>\n","protected":false},"author":1,"featured_media":0,"comment_status":"open","ping_status":"open","sticky":false,"template":"","format":"standard","meta":{"footnotes":""},"categories":[14,16],"tags":[],"_links":{"self":[{"href":"https:\/\/www.tjes.jus.br\/corregedoria\/wp-json\/wp\/v2\/posts\/5169"}],"collection":[{"href":"https:\/\/www.tjes.jus.br\/corregedoria\/wp-json\/wp\/v2\/posts"}],"about":[{"href":"https:\/\/www.tjes.jus.br\/corregedoria\/wp-json\/wp\/v2\/types\/post"}],"author":[{"embeddable":true,"href":"https:\/\/www.tjes.jus.br\/corregedoria\/wp-json\/wp\/v2\/users\/1"}],"replies":[{"embeddable":true,"href":"https:\/\/www.tjes.jus.br\/corregedoria\/wp-json\/wp\/v2\/comments?post=5169"}],"version-history":[{"count":2,"href":"https:\/\/www.tjes.jus.br\/corregedoria\/wp-json\/wp\/v2\/posts\/5169\/revisions"}],"predecessor-version":[{"id":8321,"href":"https:\/\/www.tjes.jus.br\/corregedoria\/wp-json\/wp\/v2\/posts\/5169\/revisions\/8321"}],"wp:attachment":[{"href":"https:\/\/www.tjes.jus.br\/corregedoria\/wp-json\/wp\/v2\/media?parent=5169"}],"wp:term":[{"taxonomy":"category","embeddable":true,"href":"https:\/\/www.tjes.jus.br\/corregedoria\/wp-json\/wp\/v2\/categories?post=5169"},{"taxonomy":"post_tag","embeddable":true,"href":"https:\/\/www.tjes.jus.br\/corregedoria\/wp-json\/wp\/v2\/tags?post=5169"}],"curies":[{"name":"wp","href":"https:\/\/api.w.org\/{rel}","templated":true}]}}