{"id":5177,"date":"2016-08-17T17:32:23","date_gmt":"2016-08-17T20:32:23","guid":{"rendered":"https:\/\/www.tjes.jus.br\/corregedoria\/?p=5177"},"modified":"2016-10-14T16:23:47","modified_gmt":"2016-10-14T19:23:47","slug":"provimento-no-052008-publ-em-05032008","status":"publish","type":"post","link":"https:\/\/www.tjes.jus.br\/corregedoria\/2016\/08\/17\/provimento-no-052008-publ-em-05032008\/","title":{"rendered":"PROVIMENTO N\u00ba 05\/2008 &#8211; PUBL. EM 05\/03\/2008"},"content":{"rendered":"<p style=\"text-align: center;\"><strong>PODER JUDICI\u00c1RIO DO ESTADO DO ESP\u00cdRITO SANTO<\/strong><\/p>\n<p style=\"text-align: center;\"><strong>CORREGEDORIA-GERAL DA JUSTI\u00c7A<\/strong><\/p>\n<p style=\"text-align: center;\"><strong>PROVIMENTO N\u00ba 005\/2008<\/strong><\/p>\n<p style=\"text-align: justify;\"><strong>Altera as al\u00edneas &#8220;a&#8221; e &#8220;b&#8221; do inciso VII do artigo 29 do C\u00f3digo de Normas da Corregedoria Geral da Justi\u00e7a<\/strong><\/p>\n<p style=\"text-align: justify;\">O Desembargador ROMULO TADDEI, Corregedor-Geral da Justi\u00e7a, no uso de suas atribui\u00e7\u00f5es;<\/p>\n<p style=\"text-align: justify;\"><strong>CONSIDERANDO<\/strong> que a Corregedoria Geral da Justi\u00e7a \u00e9 \u00f3rg\u00e3o de disciplina, fiscaliza\u00e7\u00e3o e orienta\u00e7\u00e3o administrativa com jurisdi\u00e7\u00e3o em todo o Estado do Esp\u00edrito Santo, conforme artigo 2\u00ba da Lei Complementar Estadual n\u00ba 83\/96;<\/p>\n<p style=\"text-align: justify;\"><strong>CONSIDERANDO<\/strong> a necessidade de sistematiza\u00e7\u00e3o e atualiza\u00e7\u00e3o do C\u00f3digo de Normas da Corregedoria Geral da Justi\u00e7a;<\/p>\n<p style=\"text-align: justify;\"><strong>RESOLVE:<\/strong><\/p>\n<p style=\"text-align: justify;\"><strong>Art. 1\u00ba &#8211;<\/strong> As al\u00edneas &#8220;a&#8221; e &#8220;b&#8221; do inciso VII do artigo 29, do C\u00f3digo de Normas da Corregedoria Geral da Justi\u00e7a passam a vigorar com a seguinte reda\u00e7\u00e3o:<\/p>\n<p style=\"text-align: justify; padding-left: 30px;\">&#8220;Art. 29. Omissis<br \/>\n[&#8230;]<br \/>\nVII \u2013 omissis<br \/>\n[&#8230;]<br \/>\na) As senten\u00e7as de separa\u00e7\u00e3o judicial e de div\u00f3rcio ser\u00e3o registradas no livro &#8220;E&#8221;, no Cart\u00f3rio do 1\u00ba Of\u00edcio de Registro Civil da sede de cada comarca;<br \/>\nb) As senten\u00e7as de aus\u00eancia, interdi\u00e7\u00e3o e emancipa\u00e7\u00e3o, bem como os atos dos pais que concederem emancipa\u00e7\u00e3o, dever\u00e3o ser registrados no Livro &#8220;E&#8221;, do Cart\u00f3rio do 1\u00ba Of\u00edcio de Registro Civil, observadas as normas dos artigos 89 a 94 da Lei n\u00ba 6.015\/73, e artigos 408 a 412 do C\u00f3digo de Normas desta Corregedoria Geral da Justi\u00e7a, respeitado o direito daqueles que gozam dos benef\u00edcios de assist\u00eancia judici\u00e1ria gratuita;&#8221;<\/p>\n<p style=\"text-align: justify;\"><strong>Art. 2\u00ba &#8211;<\/strong> Este Provimento entra em vigor a partir de sua publica\u00e7\u00e3o.<\/p>\n<p style=\"text-align: justify;\"><strong>Publique-se.<\/strong><\/p>\n<p style=\"text-align: justify;\"><strong>Registre-se.<\/strong><\/p>\n<p style=\"text-align: justify;\"><strong>Cumpra-se.<\/strong><\/p>\n<p style=\"text-align: justify;\">Vit\u00f3ria, 03 de mar\u00e7o de 2008.<\/p>\n<p style=\"text-align: center;\"><strong>Desembargador ROMULO TADDEI<\/strong><br \/>\n<strong>CORREGEDOR-GERAL DA JUSTI\u00c7A<\/strong><\/p>\n","protected":false},"excerpt":{"rendered":"<p>PODER JUDICI\u00c1RIO DO ESTADO DO ESP\u00cdRITO SANTO CORREGEDORIA-GERAL DA JUSTI\u00c7A PROVIMENTO N\u00ba 005\/2008 Altera as al\u00edneas &#8220;a&#8221; e &#8220;b&#8221; do inciso VII do artigo 29 do C\u00f3digo de Normas da Corregedoria Geral da Justi\u00e7a O Desembargador ROMULO TADDEI, Corregedor-Geral da Justi\u00e7a, no uso de suas atribui\u00e7\u00f5es; CONSIDERANDO que a Corregedoria Geral da Justi\u00e7a \u00e9 \u00f3rg\u00e3o [&hellip;]<\/p>\n","protected":false},"author":1,"featured_media":0,"comment_status":"open","ping_status":"open","sticky":false,"template":"","format":"standard","meta":{"footnotes":""},"categories":[14,16],"tags":[],"_links":{"self":[{"href":"https:\/\/www.tjes.jus.br\/corregedoria\/wp-json\/wp\/v2\/posts\/5177"}],"collection":[{"href":"https:\/\/www.tjes.jus.br\/corregedoria\/wp-json\/wp\/v2\/posts"}],"about":[{"href":"https:\/\/www.tjes.jus.br\/corregedoria\/wp-json\/wp\/v2\/types\/post"}],"author":[{"embeddable":true,"href":"https:\/\/www.tjes.jus.br\/corregedoria\/wp-json\/wp\/v2\/users\/1"}],"replies":[{"embeddable":true,"href":"https:\/\/www.tjes.jus.br\/corregedoria\/wp-json\/wp\/v2\/comments?post=5177"}],"version-history":[{"count":2,"href":"https:\/\/www.tjes.jus.br\/corregedoria\/wp-json\/wp\/v2\/posts\/5177\/revisions"}],"predecessor-version":[{"id":8333,"href":"https:\/\/www.tjes.jus.br\/corregedoria\/wp-json\/wp\/v2\/posts\/5177\/revisions\/8333"}],"wp:attachment":[{"href":"https:\/\/www.tjes.jus.br\/corregedoria\/wp-json\/wp\/v2\/media?parent=5177"}],"wp:term":[{"taxonomy":"category","embeddable":true,"href":"https:\/\/www.tjes.jus.br\/corregedoria\/wp-json\/wp\/v2\/categories?post=5177"},{"taxonomy":"post_tag","embeddable":true,"href":"https:\/\/www.tjes.jus.br\/corregedoria\/wp-json\/wp\/v2\/tags?post=5177"}],"curies":[{"name":"wp","href":"https:\/\/api.w.org\/{rel}","templated":true}]}}