{"id":5305,"date":"2016-08-25T13:56:22","date_gmt":"2016-08-25T16:56:22","guid":{"rendered":"https:\/\/www.tjes.jus.br\/corregedoria\/?p=5305"},"modified":"2017-05-19T16:36:40","modified_gmt":"2017-05-19T19:36:40","slug":"inclusao-no-ato-normativo-0132010-disp-17082012","status":"publish","type":"post","link":"https:\/\/www.tjes.jus.br\/corregedoria\/2016\/08\/25\/inclusao-no-ato-normativo-0132010-disp-17082012\/","title":{"rendered":"INCLUS\u00c3O NO ATO NORMATIVO 013\/2010 &#8211; DISP. 17\/08\/2012"},"content":{"rendered":"<p align=\"center\"><strong>PODER JUDICI\u00c1RIO<\/strong><\/p>\n<p align=\"center\"><b>TRIBUNAL DE JUSTI\u00c7A<\/b><\/p>\n<p align=\"center\"><b>SECRETARIA DE GEST\u00c3O DE PESSOAS<\/b><\/p>\n<p align=\"center\"><b>COORDENADORIA DE RECURSOS HUMANOS<\/b><\/p>\n<p align=\"justify\"><b>INCLUS\u00c3O ASSINADA PELO EXCELENT\u00cdSSIMO SENHOR DESEMBARGADOR PRESIDENTE DO EGR\u00c9GIO TRIBUNAL DE JUSTI\u00c7A DO ESTADO DO ESP\u00cdRITO SANTO.<\/b><\/p>\n<p align=\"justify\">Na reda\u00e7\u00e3o do <a href=\"https:\/\/www.tjes.jus.br\/corregedoria\/index.php\/2016\/08\/25\/ato-normativo-no-132010-disp-23032010-alterado\/\" target=\"_blank\">Ato Normativo n\u00ba 13\/2010<\/a>, publicado no &#8220;DJ&#8221; de 23\/03\/10, referente aos servidores designados na COMISS\u00c3O MULTIDISCIPLINAR DE ACESSIBILIDADE, visando ao planejamento, elabora\u00e7\u00e3o e acompanhamento \u00e0 promo\u00e7\u00e3o da acessibilidade \u00e0s pessoas com defici\u00eancia.<\/p>\n<p align=\"justify\"><b>INCLUIR:<\/b> RENATA DE SOUZA SANTOS<\/p>\n<p align=\"justify\"><b>P U B L I Q U E &#8211; S E<\/b><\/p>\n<p align=\"justify\"><b>Vit\u00f3ria, 15 de agosto de 2012.<\/b><\/p>\n<p align=\"center\"><b>Desembargador PEDRO VALLS FEU ROSA<br \/>\n<\/b><b>PRESIDENTE<\/b><\/p>\n","protected":false},"excerpt":{"rendered":"<p>PODER JUDICI\u00c1RIO TRIBUNAL DE JUSTI\u00c7A SECRETARIA DE GEST\u00c3O DE PESSOAS COORDENADORIA DE RECURSOS HUMANOS INCLUS\u00c3O ASSINADA PELO EXCELENT\u00cdSSIMO SENHOR DESEMBARGADOR PRESIDENTE DO EGR\u00c9GIO TRIBUNAL DE JUSTI\u00c7A DO ESTADO DO ESP\u00cdRITO SANTO. Na reda\u00e7\u00e3o do Ato Normativo n\u00ba 13\/2010, publicado no &#8220;DJ&#8221; de 23\/03\/10, referente aos servidores designados na COMISS\u00c3O MULTIDISCIPLINAR DE ACESSIBILIDADE, visando ao planejamento, [&hellip;]<\/p>\n","protected":false},"author":3,"featured_media":0,"comment_status":"open","ping_status":"open","sticky":false,"template":"","format":"standard","meta":{"footnotes":""},"categories":[4,14],"tags":[],"_links":{"self":[{"href":"https:\/\/www.tjes.jus.br\/corregedoria\/wp-json\/wp\/v2\/posts\/5305"}],"collection":[{"href":"https:\/\/www.tjes.jus.br\/corregedoria\/wp-json\/wp\/v2\/posts"}],"about":[{"href":"https:\/\/www.tjes.jus.br\/corregedoria\/wp-json\/wp\/v2\/types\/post"}],"author":[{"embeddable":true,"href":"https:\/\/www.tjes.jus.br\/corregedoria\/wp-json\/wp\/v2\/users\/3"}],"replies":[{"embeddable":true,"href":"https:\/\/www.tjes.jus.br\/corregedoria\/wp-json\/wp\/v2\/comments?post=5305"}],"version-history":[{"count":5,"href":"https:\/\/www.tjes.jus.br\/corregedoria\/wp-json\/wp\/v2\/posts\/5305\/revisions"}],"predecessor-version":[{"id":15606,"href":"https:\/\/www.tjes.jus.br\/corregedoria\/wp-json\/wp\/v2\/posts\/5305\/revisions\/15606"}],"wp:attachment":[{"href":"https:\/\/www.tjes.jus.br\/corregedoria\/wp-json\/wp\/v2\/media?parent=5305"}],"wp:term":[{"taxonomy":"category","embeddable":true,"href":"https:\/\/www.tjes.jus.br\/corregedoria\/wp-json\/wp\/v2\/categories?post=5305"},{"taxonomy":"post_tag","embeddable":true,"href":"https:\/\/www.tjes.jus.br\/corregedoria\/wp-json\/wp\/v2\/tags?post=5305"}],"curies":[{"name":"wp","href":"https:\/\/api.w.org\/{rel}","templated":true}]}}