{"id":5399,"date":"2016-08-26T13:37:29","date_gmt":"2016-08-26T16:37:29","guid":{"rendered":"https:\/\/www.tjes.jus.br\/corregedoria\/?p=5399"},"modified":"2017-09-22T11:39:14","modified_gmt":"2017-09-22T14:39:14","slug":"ato-normativo-no-1192012-disp-22102012","status":"publish","type":"post","link":"https:\/\/www.tjes.jus.br\/corregedoria\/2016\/08\/26\/ato-normativo-no-1192012-disp-22102012\/","title":{"rendered":"ATO NORMATIVO N\u00ba 119\/2012 &#8211; DISP. 22\/10\/2012 &#8211; REVOGADO"},"content":{"rendered":"<p lang=\"pt-BR\" align=\"center\"><del><b>ESTADO DO ESP\u00cdRITO SANTO<\/b><\/del><\/p>\n<p lang=\"pt-BR\" align=\"center\"><del><b>PODER JUDICI\u00c1RIO<\/b><\/del><\/p>\n<p align=\"center\"><del><b>TRIBUNAL DE JUSTI\u00c7A<\/b><\/del><\/p>\n<p align=\"center\"><del><b>ATO NORMATIVO N\u00ba 119\/2012<\/b><\/del><\/p>\n<p lang=\"pt-BR\" align=\"justify\"><del><i>Alterar a Comiss\u00e3o de Acessibilidade visando ao planejamento, elabora\u00e7\u00e3o e acompanhamento \u00e0 promo\u00e7\u00e3o da acessibilidade \u00e0s pessoas com defici\u00eancia.<\/i><\/del><\/p>\n<p lang=\"pt-BR\" align=\"justify\"><del>O <b>Excelent\u00edssimo Senhor Desembargador<\/b> <b>PEDRO VALLS FEU ROSA<\/b>, Presidente do Egr\u00e9gio Tribunal de Justi\u00e7a do Estado do Esp\u00edrito Santo no uso de suas atribui\u00e7\u00f5es legais, e<\/del><\/p>\n<p lang=\"pt-BR\" align=\"justify\"><del><b>CONSIDERANDO<\/b> os termos da Recomenda\u00e7\u00e3o n\u00ba 27, de 16 de dezembro de 2009, oriundo do Colendo Conselho Nacional da Justi\u00e7a, que recomenda aos Tribunais relacionados nos incisos II e VII do art. 92 da Constitui\u00e7\u00e3o Federal de 1988 que adotem medidas para a remo\u00e7\u00e3o de barreiras f\u00edsicas, arquitet\u00f4nicas, de comunica\u00e7\u00e3o e atitudinais de modo a promover o amplo e irrestrito acesso de pessoas com defici\u00eancia \u00e0s suas depend\u00eancias, aos servi\u00e7os que prestam e \u00e0s respectivas carreiras, para a conscientiza\u00e7\u00e3o de servidores e jurisdicionados sobre a import\u00e2ncia da acessibilidade enquanto garantia ao pleno exerc\u00edcio de direitos, bem como para que instituam comiss\u00f5es de acessibilidade visando ao planejamento, elabora\u00e7\u00e3o e acompanhamento de projetos e metas direcionados \u00e0 promo\u00e7\u00e3o de acessibilidade \u00e0s pessoas com defici\u00eancia;<\/del><\/p>\n<p lang=\"pt-PT\" align=\"justify\"><del><b>R E S O L V E :<\/b><\/del><\/p>\n<p lang=\"pt-PT\" align=\"justify\"><del><b>Art. 1\u00ba<\/b> &#8211; <strong>ALTERAR,<\/strong> a <b>COMISS\u00c3O MULTIDISCIPLINAR DE ACESSIBILIDADE, <\/b>institu\u00edda pelo <a href=\"https:\/\/www.tjes.jus.br\/corregedoria\/index.php\/2016\/08\/25\/ato-normativo-no-132010-disp-23032010-alterado\/\" target=\"_blank\" rel=\"noopener\">Ato Normativo N\u00ba 13\/2010<\/a>, incluindo os seguintes servidores:<\/del><\/p>\n<p lang=\"pt-PT\" align=\"justify\"><del><b>AMINA ROCHA MOREIRA &#8211; Analista Judici\u00e1rio 02 &#8211; Arquitetura<\/b><\/del><\/p>\n<p lang=\"pt-PT\" align=\"justify\"><del><b>CARMEN L\u00daCIA BARCELOS FARIAS &#8211; Auxiliar Judici\u00e1rio<\/b><\/del><\/p>\n<p lang=\"pt-PT\" align=\"justify\"><del><b>GABRIELA GANHO FERNANDES &#8211; Analista Judici\u00e1rio 02 &#8211; AE &#8211; Direito<\/b><\/del><\/p>\n<p lang=\"pt-PT\" align=\"justify\"><del><b>GABRIELA SILVA RIBEIRO &#8211; Analista Judici\u00e1rio 01 &#8211; AE &#8211; T\u00e9cnico Inform\u00e1tica<\/b><\/del><\/p>\n<p lang=\"pt-PT\" align=\"justify\"><del><b>IVANIA MARIA SOUZA MORAES DA SILVA &#8211; Analista Jud. 02 -AE- Servi\u00e7o Social<\/b><\/del><\/p>\n<p lang=\"pt-PT\" align=\"justify\"><del><b>KARLA SOARES CORDEIRO &#8211; Analista Judici\u00e1rio 02 &#8211; AE- Servi\u00e7o Social<\/b><\/del><\/p>\n<p lang=\"pt-PT\" align=\"justify\"><del><b>RENATA DE SOUZA SANTOS<\/b> &#8211; <b>Analista Judici\u00e1rio 02 &#8211; AA- Sem Especialidade<\/b><\/del><\/p>\n<p lang=\"pt-PT\" align=\"justify\"><del><b>Art. 2\u00ba<\/b> &#8211; <strong>EXCLUIR,<\/strong> da <b>COMISS\u00c3O MULTIDISCIPLINAR DE ACESSIBILIDADE<\/b>, o servidor:<\/del><\/p>\n<p lang=\"pt-PT\" align=\"justify\"><del><b>ADILSON JOS\u00c9 DE OLIVEIRA &#8211; Analista Judici\u00e1rio 02 &#8211; AJ &#8211; Direito<\/b><\/del><\/p>\n<p lang=\"pt-PT\" align=\"justify\"><del><b>PUBLIQUE-SE.<\/b><\/del><\/p>\n<p lang=\"pt-PT\" style=\"text-align: center;\" align=\"justify\"><del>Vit\u00f3ria, 04 de outubro de 2012.<\/del><\/p>\n<p lang=\"pt-PT\" style=\"text-align: center;\" align=\"center\"><del>Desembargador <b>PEDRO VALLS FEU ROSA<br \/>\n<\/b>PRESIDENTE DO TRIBUNAL DE JUSTI\u00c7A<\/del><\/p>\n<h2 lang=\"pt-PT\" align=\"center\"><span style=\"color: #ff0000;\">REVOGADO PELO\u00a0<a href=\"https:\/\/www.tjes.jus.br\/corregedoria\/2017\/09\/22\/ato-normativo-no-1272017-disp-22092017\/\" target=\"_blank\" rel=\"noopener\">ATO NORMATIVO N\u00ba 127\/2017<\/a> &#8211; DISP. 22\/09\/2017<\/span><\/h2>\n","protected":false},"excerpt":{"rendered":"<p>ESTADO DO ESP\u00cdRITO SANTO PODER JUDICI\u00c1RIO TRIBUNAL DE JUSTI\u00c7A ATO NORMATIVO N\u00ba 119\/2012 Alterar a Comiss\u00e3o de Acessibilidade visando ao planejamento, elabora\u00e7\u00e3o e acompanhamento \u00e0 promo\u00e7\u00e3o da acessibilidade \u00e0s pessoas com defici\u00eancia. O Excelent\u00edssimo Senhor Desembargador PEDRO VALLS FEU ROSA, Presidente do Egr\u00e9gio Tribunal de Justi\u00e7a do Estado do Esp\u00edrito Santo no uso de suas [&hellip;]<\/p>\n","protected":false},"author":3,"featured_media":0,"comment_status":"open","ping_status":"open","sticky":false,"template":"","format":"standard","meta":{"footnotes":""},"categories":[4,14],"tags":[],"_links":{"self":[{"href":"https:\/\/www.tjes.jus.br\/corregedoria\/wp-json\/wp\/v2\/posts\/5399"}],"collection":[{"href":"https:\/\/www.tjes.jus.br\/corregedoria\/wp-json\/wp\/v2\/posts"}],"about":[{"href":"https:\/\/www.tjes.jus.br\/corregedoria\/wp-json\/wp\/v2\/types\/post"}],"author":[{"embeddable":true,"href":"https:\/\/www.tjes.jus.br\/corregedoria\/wp-json\/wp\/v2\/users\/3"}],"replies":[{"embeddable":true,"href":"https:\/\/www.tjes.jus.br\/corregedoria\/wp-json\/wp\/v2\/comments?post=5399"}],"version-history":[{"count":4,"href":"https:\/\/www.tjes.jus.br\/corregedoria\/wp-json\/wp\/v2\/posts\/5399\/revisions"}],"predecessor-version":[{"id":19070,"href":"https:\/\/www.tjes.jus.br\/corregedoria\/wp-json\/wp\/v2\/posts\/5399\/revisions\/19070"}],"wp:attachment":[{"href":"https:\/\/www.tjes.jus.br\/corregedoria\/wp-json\/wp\/v2\/media?parent=5399"}],"wp:term":[{"taxonomy":"category","embeddable":true,"href":"https:\/\/www.tjes.jus.br\/corregedoria\/wp-json\/wp\/v2\/categories?post=5399"},{"taxonomy":"post_tag","embeddable":true,"href":"https:\/\/www.tjes.jus.br\/corregedoria\/wp-json\/wp\/v2\/tags?post=5399"}],"curies":[{"name":"wp","href":"https:\/\/api.w.org\/{rel}","templated":true}]}}