{"id":5460,"date":"2016-08-26T15:14:28","date_gmt":"2016-08-26T18:14:28","guid":{"rendered":"https:\/\/www.tjes.jus.br\/corregedoria\/?p=5460"},"modified":"2017-05-19T13:42:24","modified_gmt":"2017-05-19T16:42:24","slug":"ato-normativo-no-0992012-disp-28082012","status":"publish","type":"post","link":"https:\/\/www.tjes.jus.br\/corregedoria\/2016\/08\/26\/ato-normativo-no-0992012-disp-28082012\/","title":{"rendered":"ATO NORMATIVO N\u00ba 099\/2012 &#8211; DISP. 28\/08\/2012"},"content":{"rendered":"<p class=\"western\" lang=\"pt-BR\" align=\"center\"><b>ESTADO DO ESP\u00cdRITO SANTO<\/b><\/p>\n<p class=\"western\" lang=\"pt-BR\" align=\"center\">PODER JUDICI\u00c1RIO<\/p>\n<p class=\"western\" lang=\"pt-BR\" align=\"center\"><b>TRIBUNAL DE JUSTI\u00c7A<\/b><\/p>\n<p class=\"western\" lang=\"pt-BR\" align=\"center\"><b>ATO NORMATIVO N\u00ba 099\/2012<\/b><\/p>\n<p class=\"western\" lang=\"pt-BR\" align=\"justify\">O Excelent\u00edssimo Desembargador PEDRO VALLS FEU ROSA, DD. Presidente do Egr\u00e9gio Tribunal de Justi\u00e7a do Estado do Esp\u00edrito Santo, no uso de suas atribui\u00e7\u00f5es legais, e<\/p>\n<p class=\"western\" lang=\"pt-BR\" align=\"justify\"><b>CONSIDERANDO <\/b>os termos da <a href=\"https:\/\/www.tjes.jus.br\/corregedoria\/index.php\/2017\/02\/16\/resolucao-no-032011-publ-em-24012011\/\" target=\"_blank\">Resolu\u00e7\u00e3o n\u00ba 03\/11<\/a>, alterada pela <a href=\"https:\/\/www.tjes.jus.br\/corregedoria\/index.php\/2017\/02\/21\/resolucao-no-192012-publ-em-17042012\/\" target=\"_blank\">Resolu\u00e7\u00e3o n\u00ba 19\/12<\/a>, publicada no Di\u00e1rio da Justi\u00e7a do dia 17\/04\/2012 que instituiu o N\u00facleo Permanente de M\u00e9todos Consensuais de Solu\u00e7\u00e3o de Conflitos do Poder Judici\u00e1rio do Estado do Esp\u00edrito Santo ;<\/p>\n<p class=\"western\" lang=\"pt-BR\" align=\"justify\"><b>CONSIDERANDO <\/b>o teor do Ato Especial n\u00ba 963\/2012 publicado no &#8220;DJ&#8221; de 24\/08\/2012;<\/p>\n<p class=\"western\" lang=\"pt-BR\" align=\"justify\"><b>CONSIDERANDO<\/b>, que o <a href=\"https:\/\/www.tjes.jus.br\/corregedoria\/index.php\/2017\/02\/16\/resolucao-no-032011-publ-em-24012011\/\" target=\"_blank\">artigo 1\u00ba da Resolu\u00e7\u00e3o n\u00ba 03\/2011<\/a>, com as altera\u00e7\u00f5es introduzidas pela <a href=\"https:\/\/www.tjes.jus.br\/corregedoria\/index.php\/2017\/02\/21\/resolucao-no-192012-publ-em-17042012\/\" target=\"_blank\">Res. n\u00ba 19\/2012<\/a>, publicada no Di\u00e1rio da Justi\u00e7a do dia 17\/04\/2012, estabelece que o N\u00facleo Permanente de M\u00e9todos Consensuais de Solu\u00e7\u00e3o de Conflitos do Poder Judici\u00e1rio do Estado do Esp\u00edrito Santo ser\u00e1 composto de 05 (cinco) membros, sendo: 01 (um) Desembargador que atuar\u00e1 como Gestor da Concilia\u00e7\u00e3o em 2\u00ba grau; 2 (dois) Ju\u00edzes Assessores Especiais da Presid\u00eancia; 2 (dois) Ju\u00edzes Coordenadores dos Juizados Especiais.<\/p>\n<p class=\"western\" lang=\"pt-BR\"><b>RESOLVE :<\/b><\/p>\n<p class=\"western\" lang=\"pt-BR\" align=\"justify\"><b>Art. 1\u00ba &#8211; ALTERAR<\/b> o art. 1\u00ba do\u00a0<a href=\"https:\/\/www.tjes.jus.br\/corregedoria\/index.php\/2016\/08\/29\/ato-normativo-no-462012-disp-19042012\/\" target=\"_blank\">Ato Normativo n\u00ba 46\/12<\/a> publicado no &#8220;DJ&#8221; de 19\/04\/2012, passando este a contar com a seguinte reda\u00e7\u00e3o:<\/p>\n<p class=\"western\" lang=\"pt-BR\" style=\"padding-left: 30px;\" align=\"justify\">&#8220;Art. 1\u00ba &#8211; DESIGNAR os magistrados ora nominados para comporem o N\u00facleo Permanente de M\u00e9todos Consensuais de Solu\u00e7\u00e3o de Conflitos do Poder Judici\u00e1rio, sem preju\u00edzo de suas demais atribui\u00e7\u00f5es:<br \/>\nI<b> &#8211; <\/b>Desembargador<b> Samuel Meira Brasil J\u00fanior, <\/b>na qualidade de Gestor da Concilia\u00e7\u00e3o no segundo grau:<br \/>\nII &#8211; Ju\u00edzes de Direito <b>Jorge Henrique Valle dos Santos e Paulino Jos\u00e9 Louren\u00e7o<\/b>, na qualidade de Assessores Especiais da Presid\u00eancia;<br \/>\nIII &#8211; Ju\u00edzes de Direito <b>Janete Vargas Sim\u00f5es e Daniel Pe\u00e7anha Moreira<\/b>, na qualidade de representantes da Coordenadoria dos Juizados Especiais. &#8220;<\/p>\n<p class=\"western\" lang=\"pt-BR\" align=\"justify\"><b>Art. 2\u00ba &#8211; <\/b>Este Ato Normativo entra em vigor na data de sua publica\u00e7\u00e3o.<\/p>\n<p class=\"western\" lang=\"pt-BR\" align=\"justify\">Vit\u00f3ria, 27 de agosto de 2012.<\/p>\n<p class=\"western\" lang=\"pt-BR\" align=\"center\"><b>Desembargador PEDRO VALLS FEU ROSA<br \/>\n<\/b><b>Presidente TJ\/ES<\/b><\/p>\n","protected":false},"excerpt":{"rendered":"<p>ESTADO DO ESP\u00cdRITO SANTO PODER JUDICI\u00c1RIO TRIBUNAL DE JUSTI\u00c7A ATO NORMATIVO N\u00ba 099\/2012 O Excelent\u00edssimo Desembargador PEDRO VALLS FEU ROSA, DD. Presidente do Egr\u00e9gio Tribunal de Justi\u00e7a do Estado do Esp\u00edrito Santo, no uso de suas atribui\u00e7\u00f5es legais, e CONSIDERANDO os termos da Resolu\u00e7\u00e3o n\u00ba 03\/11, alterada pela Resolu\u00e7\u00e3o n\u00ba 19\/12, publicada no Di\u00e1rio da [&hellip;]<\/p>\n","protected":false},"author":3,"featured_media":0,"comment_status":"open","ping_status":"open","sticky":false,"template":"","format":"standard","meta":{"footnotes":""},"categories":[4,14],"tags":[],"_links":{"self":[{"href":"https:\/\/www.tjes.jus.br\/corregedoria\/wp-json\/wp\/v2\/posts\/5460"}],"collection":[{"href":"https:\/\/www.tjes.jus.br\/corregedoria\/wp-json\/wp\/v2\/posts"}],"about":[{"href":"https:\/\/www.tjes.jus.br\/corregedoria\/wp-json\/wp\/v2\/types\/post"}],"author":[{"embeddable":true,"href":"https:\/\/www.tjes.jus.br\/corregedoria\/wp-json\/wp\/v2\/users\/3"}],"replies":[{"embeddable":true,"href":"https:\/\/www.tjes.jus.br\/corregedoria\/wp-json\/wp\/v2\/comments?post=5460"}],"version-history":[{"count":4,"href":"https:\/\/www.tjes.jus.br\/corregedoria\/wp-json\/wp\/v2\/posts\/5460\/revisions"}],"predecessor-version":[{"id":15539,"href":"https:\/\/www.tjes.jus.br\/corregedoria\/wp-json\/wp\/v2\/posts\/5460\/revisions\/15539"}],"wp:attachment":[{"href":"https:\/\/www.tjes.jus.br\/corregedoria\/wp-json\/wp\/v2\/media?parent=5460"}],"wp:term":[{"taxonomy":"category","embeddable":true,"href":"https:\/\/www.tjes.jus.br\/corregedoria\/wp-json\/wp\/v2\/categories?post=5460"},{"taxonomy":"post_tag","embeddable":true,"href":"https:\/\/www.tjes.jus.br\/corregedoria\/wp-json\/wp\/v2\/tags?post=5460"}],"curies":[{"name":"wp","href":"https:\/\/api.w.org\/{rel}","templated":true}]}}